{"id":151868,"date":"2019-05-02T16:48:10","date_gmt":"2019-05-02T13:48:10","guid":{"rendered":"http:\/\/www.tvturk.com\/index.php\/hava-orgeneral-kucukakyuz-diyarbakirda-terorle-mucadele-harekatina-katildi\/"},"modified":"2019-05-02T16:48:10","modified_gmt":"2019-05-02T13:48:10","slug":"hava-orgeneral-kucukakyuz-diyarbakirda-terorle-mucadele-harekatina-katildi","status":"publish","type":"post","link":"http:\/\/www.tvturk.com\/index.php\/hava-orgeneral-kucukakyuz-diyarbakirda-terorle-mucadele-harekatina-katildi\/","title":{"rendered":"Hava Orgeneral K\u00fc\u00e7\u00fckaky\u00fcz, Diyarbak\u0131r\u2019da ter\u00f6rle m\u00fccadele harekat\u0131na kat\u0131ld\u0131"},"content":{"rendered":"<p>Hava Kuvvetleri Komutan\u0131 Hava Orgeneral Hasan K\u00fc\u00e7\u00fckaky\u00fcz, Diyarbak\u0131r\u2019da bulunan 8\u2019inci Ana Jet \u00dcs Komutanl\u0131\u011f\u0131\u2019nda f-16 sava\u015f u\u00e7a\u011f\u0131na binerek ter\u00f6rle m\u00fccadele harekat\u0131na kat\u0131ld\u0131.<\/p>\n<p>Bayrak t\u00f6renine kat\u0131lan Orgeneral K\u00fc\u00e7\u00fckaky\u00fcz, \u00fcs personeli ve aileleriyle bir araya geldi. Personelin Pilotlar G\u00fcn\u00fc\u2019n\u00fc kutlayarak hat\u0131ra foto\u011fraf\u0131 \u00e7ektiren Orgeneral K\u00fc\u00e7\u00fckaky\u00fcz, daha sonra F-16 sava\u015f u\u00e7a\u011f\u0131na binerek bilfiil ter\u00f6rle m\u00fccadele harekat\u0131na kat\u0131ld\u0131. Orgeneral K\u00fc\u00e7\u00fckaky\u00fcz gece u\u00e7u\u015funda ter\u00f6rle m\u00fccadele harekat\u0131 g\u00f6revini icra eden filo ve bak\u0131m personelini de ziyaret etti.<\/p>\n","protected":false},"excerpt":{"rendered":"<p>HAVA KUVVETLER\u0130 KOMUTANI HAVA ORGENERAL HASAN K\u00dc\u00c7\u00dcKAKY\u00dcZ, D\u0130YARBAKIR&#8217;DA BULUNAN 8&#8217;\u0130NC\u0130 ANA JET \u00dcS KOMUTANLI\u011eI\u2019NDA F-16 SAVA\u015e U\u00c7A\u011eINA B\u0130NEREK TER\u00d6RLE M\u00dcCADELE HAREKATINA KATILDI.<\/p>\n","protected":false},"author":1,"featured_media":151869,"comment_status":"closed","ping_status":"open","sticky":false,"template":"","format":"standard","meta":{"jetpack_post_was_ever_published":false,"_jetpack_newsletter_access":"","_jetpack_dont_email_post_to_subs":false,"_jetpack_newsletter_tier_id":0,"_jetpack_memberships_contains_paywalled_content":false,"_jetpack_memberships_contains_paid_content":false,"footnotes":"","jetpack_publicize_message":"","jetpack_publicize_feature_enabled":true,"jetpack_social_post_already_shared":true,"jetpack_social_options":{"image_generator_settings":{"template":"highway","default_image_id":0,"font":"","enabled":false},"version":2}},"categories":[1],"tags":[62,31321,257,1757,34456,888,6737,5368],"class_list":["post-151868","post","type-post","status-publish","format-standard","has-post-thumbnail","hentry","category-genel","tag-diyarbakirda","tag-harekatina","tag-hava","tag-katildi","tag-kucukakyuz","tag-mucadele","tag-orgeneral","tag-terorle"],"jetpack_publicize_connections":[],"jetpack_featured_media_url":"https:\/\/i0.wp.com\/www.tvturk.com\/wp-content\/uploads\/2019\/05\/hava-orgeneral-kucukakyuz-diyarbakirda-terorle-mucadele-harekatina-katildi_49cc726.jpg?fit=1000%2C562","jetpack_sharing_enabled":true,"jetpack_shortlink":"https:\/\/wp.me\/paKIfm-Dvu","_links":{"self":[{"href":"http:\/\/www.tvturk.com\/index.php\/wp-json\/wp\/v2\/posts\/151868","targetHints":{"allow":["GET"]}}],"collection":[{"href":"http:\/\/www.tvturk.com\/index.php\/wp-json\/wp\/v2\/posts"}],"about":[{"href":"http:\/\/www.tvturk.com\/index.php\/wp-json\/wp\/v2\/types\/post"}],"author":[{"embeddable":true,"href":"http:\/\/www.tvturk.com\/index.php\/wp-json\/wp\/v2\/users\/1"}],"replies":[{"embeddable":true,"href":"http:\/\/www.tvturk.com\/index.php\/wp-json\/wp\/v2\/comments?post=151868"}],"version-history":[{"count":0,"href":"http:\/\/www.tvturk.com\/index.php\/wp-json\/wp\/v2\/posts\/151868\/revisions"}],"wp:featuredmedia":[{"embeddable":true,"href":"http:\/\/www.tvturk.com\/index.php\/wp-json\/wp\/v2\/media\/151869"}],"wp:attachment":[{"href":"http:\/\/www.tvturk.com\/index.php\/wp-json\/wp\/v2\/media?parent=151868"}],"wp:term":[{"taxonomy":"category","embeddable":true,"href":"http:\/\/www.tvturk.com\/index.php\/wp-json\/wp\/v2\/categories?post=151868"},{"taxonomy":"post_tag","embeddable":true,"href":"http:\/\/www.tvturk.com\/index.php\/wp-json\/wp\/v2\/tags?post=151868"}],"curies":[{"name":"wp","href":"https:\/\/api.w.org\/{rel}","templated":true}]}}