{"id":151934,"date":"2019-05-02T19:18:06","date_gmt":"2019-05-02T16:18:06","guid":{"rendered":"http:\/\/www.tvturk.com\/index.php\/diyanet-isleri-baskani-erbas-genclik-fuarina-katildi\/"},"modified":"2019-05-02T19:18:06","modified_gmt":"2019-05-02T16:18:06","slug":"diyanet-isleri-baskani-erbas-genclik-fuarina-katildi","status":"publish","type":"post","link":"http:\/\/www.tvturk.com\/index.php\/diyanet-isleri-baskani-erbas-genclik-fuarina-katildi\/","title":{"rendered":"Diyanet \u0130\u015fleri Ba\u015fkan\u0131 Erba\u015f\u2019 Gen\u00e7lik Fuar\u0131\u2019na kat\u0131ld\u0131"},"content":{"rendered":"<p>T\u00fcrkiye Diyanet Vakf\u0131\u2019n\u0131n her y\u0131l d\u00fczenledi\u011fi \u201cGen\u00e7lik Fuar\u0131\u201d Diyanet \u0130\u015fleri Ba\u015fkan\u0131 Prof. Dr. Ali Erba\u015f\u2019\u0131n kat\u0131l\u0131m\u0131yla ger\u00e7ekle\u015fti.<\/p>\n<p>Diyanet \u0130\u015fleri Ba\u015fkan\u0131 Ali Erba\u015f, Ankara Kocatepe Camii Fuar Alan\u0131\u2019nda ger\u00e7ekle\u015ftirilen \u20186. Kocatepe Gen\u00e7lik Fuar\u0131\u2019na kat\u0131ld\u0131. 2-5 May\u0131s aras\u0131nda ziyaret\u00e7ilerini a\u011f\u0131rlayacak fuarda konu\u015fan Erba\u015f, gen\u00e7lere \u00f6\u011f\u00fctlerde bulundu. M\u00fcsl\u00fcman\u0131n nas\u0131l olmas\u0131 gerekti\u011fini anlatan Erba\u015f, \u201cElinden ve dilinden insanlar\u0131n \u2018emin\u2019 oldu\u011fu kimsedir, M\u00fcsl\u00fcman. Elinden ve dilinden emin olunan kimsenin kimli\u011finden, \u015fuurundan ve istikametinden rahats\u0131z olunur mu? Her zaman memnuniyet duyulur. \u0130\u015fte biz b\u00f6yle bir gen\u00e7lik yeti\u015ftirmeye \u00e7al\u0131\u015f\u0131yoruz. Bu faaliyetlerin, etkinliklerin amac\u0131 budur. Diyanet \u0130\u015fleri Ba\u015fkanl\u0131\u011f\u0131 ve T\u00fcrkiye Diyanet Vakf\u0131\u2019n\u0131n en \u00f6nemli vazifelerinden birisi kimlikli, \u015fuurlu, istikametli bir gen\u00e7lik yeti\u015ftirmektir. O y\u00fczden bu \u00f6zellikleri muhafaza etmenin yollar\u0131 neyse o yoldan y\u00fcr\u00fcyerek bunu yapmak istiyoruz\u201d dedi.<\/p>\n<p>T\u00fcrk gen\u00e7li\u011finin camilerle ili\u015fkisinin artmas\u0131 gerekti\u011fini s\u00f6yleyen Erba\u015f, cennetle m\u00fcjdelenen gen\u00e7ler yeti\u015ftirmek istediklerinin alt\u0131n\u0131 \u00e7izdi. Erba\u015f, \u201c\u0130n\u015fallah bizim gen\u00e7li\u011fimiz, sevgili Peygamberimizin, hi\u00e7bir g\u00f6lgenin bulunmad\u0131\u011f\u0131 k\u0131yamet g\u00fcn\u00fcnde, Allah\u2019\u0131n ar\u015f\u0131n\u0131n g\u00f6lgesi alt\u0131nda g\u00f6lgelenecek yedi s\u0131n\u0131f insandan birisi olarak m\u00fcjdeledi\u011fi; ne\u015feyi ve huzuru Allah\u2019a ibadette bulan bir gen\u00e7lik yeti\u015ftirmeye \u00e7al\u0131\u015f\u0131yoruz. Biz, camilerimizle gen\u00e7lerimizin aras\u0131n\u0131, irtibat\u0131n\u0131 s\u0131cak tutarak gen\u00e7lerimizi o m\u00fcjdelenen insanlardan olacak \u015fekilde yeti\u015ftirmek istiyoruz\u201d ifadelerini kulland\u0131.<\/p>\n<p>Konu\u015fmas\u0131n\u0131n ard\u0131ndan a\u00e7\u0131l\u0131\u015f kurdelesini kesen Erba\u015f, stantlar\u0131 tek tek gezerek gen\u00e7lerle foto\u011fraf \u00e7ektirdi.<\/p>\n","protected":false},"excerpt":{"rendered":"<p>D\u0130YANET \u0130\u015eLER\u0130 BA\u015eKANI PROF. DR. AL\u0130 ERBA\u015e, \u201cEL\u0130NDEN VE D\u0130L\u0130NDEN \u0130NSANLARIN \u2018EM\u0130N\u2019 OLDU\u011eU K\u0130MSED\u0130R, M\u00dcSL\u00dcMAN. EL\u0130NDEN VE D\u0130L\u0130NDEN EM\u0130N OLUNAN K\u0130MSEN\u0130N K\u0130ML\u0130\u011e\u0130NDEN, \u015eUURUNDAN VE \u0130ST\u0130KAMET\u0130NDEN RAHATSIZ OLUNUR MU? HER ZAMAN MEMNUN\u0130YET DUYULUR. \u0130\u015eTE B\u0130Z B\u00d6YLE B\u0130R GEN\u00c7L\u0130K YET\u0130\u015eT\u0130RMEYE \u00c7ALI\u015eIYORUZ. BU FAAL\u0130YETLER\u0130N, ETK\u0130NL\u0130KLER\u0130N AMACI BUDUR. D\u0130YANET \u0130\u015eLER\u0130 BA\u015eKANLI\u011eI VE T\u00dcRK\u0130YE D\u0130YANET VAKFI\u2019NIN EN \u00d6NEML\u0130 VAZ\u0130FELER\u0130NDEN B\u0130R\u0130S\u0130 K\u0130ML\u0130KL\u0130, \u015eUURLU, \u0130ST\u0130KAMETL\u0130 B\u0130R GEN\u00c7L\u0130K YET\u0130\u015eT\u0130RMEKT\u0130R. O Y\u00dcZDEN BU \u00d6ZELL\u0130KLER\u0130 MUHAFAZA ETMEN\u0130N YOLLARI NEYSE O YOLDAN Y\u00dcR\u00dcYEREK BUNU YAPMAK \u0130ST\u0130YORUZ\u201d DED\u0130.<\/p>\n","protected":false},"author":1,"featured_media":151935,"comment_status":"closed","ping_status":"open","sticky":false,"template":"","format":"standard","meta":{"jetpack_post_was_ever_published":false,"_jetpack_newsletter_access":"","_jetpack_dont_email_post_to_subs":false,"_jetpack_newsletter_tier_id":0,"_jetpack_memberships_contains_paywalled_content":false,"_jetpack_memberships_contains_paid_content":false,"footnotes":"","jetpack_publicize_message":"","jetpack_publicize_feature_enabled":true,"jetpack_social_post_already_shared":true,"jetpack_social_options":{"image_generator_settings":{"template":"highway","default_image_id":0,"font":"","enabled":false},"version":2}},"categories":[1],"tags":[216,3150,10687,2176,512,3151,1757],"class_list":["post-151934","post","type-post","status-publish","format-standard","has-post-thumbnail","hentry","category-genel","tag-baskani","tag-diyanet","tag-erbas","tag-fuarina","tag-genclik","tag-isleri","tag-katildi"],"jetpack_publicize_connections":[],"jetpack_featured_media_url":"https:\/\/i0.wp.com\/www.tvturk.com\/wp-content\/uploads\/2019\/05\/diyanet-isleri-baskani-erbas-genclik-fuarina-katildi_edd1ba8.jpg?fit=1000%2C666","jetpack_sharing_enabled":true,"jetpack_shortlink":"https:\/\/wp.me\/paKIfm-Dwy","_links":{"self":[{"href":"http:\/\/www.tvturk.com\/index.php\/wp-json\/wp\/v2\/posts\/151934","targetHints":{"allow":["GET"]}}],"collection":[{"href":"http:\/\/www.tvturk.com\/index.php\/wp-json\/wp\/v2\/posts"}],"about":[{"href":"http:\/\/www.tvturk.com\/index.php\/wp-json\/wp\/v2\/types\/post"}],"author":[{"embeddable":true,"href":"http:\/\/www.tvturk.com\/index.php\/wp-json\/wp\/v2\/users\/1"}],"replies":[{"embeddable":true,"href":"http:\/\/www.tvturk.com\/index.php\/wp-json\/wp\/v2\/comments?post=151934"}],"version-history":[{"count":0,"href":"http:\/\/www.tvturk.com\/index.php\/wp-json\/wp\/v2\/posts\/151934\/revisions"}],"wp:featuredmedia":[{"embeddable":true,"href":"http:\/\/www.tvturk.com\/index.php\/wp-json\/wp\/v2\/media\/151935"}],"wp:attachment":[{"href":"http:\/\/www.tvturk.com\/index.php\/wp-json\/wp\/v2\/media?parent=151934"}],"wp:term":[{"taxonomy":"category","embeddable":true,"href":"http:\/\/www.tvturk.com\/index.php\/wp-json\/wp\/v2\/categories?post=151934"},{"taxonomy":"post_tag","embeddable":true,"href":"http:\/\/www.tvturk.com\/index.php\/wp-json\/wp\/v2\/tags?post=151934"}],"curies":[{"name":"wp","href":"https:\/\/api.w.org\/{rel}","templated":true}]}}