{"id":15198,"date":"2019-02-09T12:58:47","date_gmt":"2019-02-09T09:58:47","guid":{"rendered":"http:\/\/www.tvturk.com\/index.php\/kayip-olan-afgan-uyruklu-kadinin-parcalanmis-cesedi-torbalar-icinde-gomulu-olarak-bulundu\/"},"modified":"2019-02-09T12:58:49","modified_gmt":"2019-02-09T09:58:49","slug":"kayip-olan-afgan-uyruklu-kadinin-parcalanmis-cesedi-torbalar-icinde-gomulu-olarak-bulundu","status":"publish","type":"post","link":"http:\/\/www.tvturk.com\/index.php\/kayip-olan-afgan-uyruklu-kadinin-parcalanmis-cesedi-torbalar-icinde-gomulu-olarak-bulundu\/","title":{"rendered":"Kay\u0131p olan Afgan uyruklu kad\u0131n\u0131n par\u00e7alanm\u0131\u015f cesedi torbalar i\u00e7inde g\u00f6m\u00fcl\u00fc olarak bulundu."},"content":{"rendered":"<p>Burdur\u2019da 9 Ocak tarihinde kay\u0131p olarak bildirilen Masahude Hasami (28)  isimli Afgan uyruklu kad\u0131n\u0131n cesedi torbalar i\u00e7inde  topra\u011fa g\u00f6m\u00fcl\u00fc vaziyette bulundu.<\/p>\n<p>Edinilen bilgiye g\u00f6re Burdur merkez  Ba\u011flar Mahallesi Ta\u015far Kuyu Sokak \u00fczerinde bo\u015f arazide bulunan \u00e7ukurda topra\u011fa g\u00f6m\u00fcl\u00fc insan cesedi oldu\u011funa dair ihbar yap\u0131lmas\u0131 \u00fczerine b\u00f6lgeye polis ve sa\u011fl\u0131k ekipleri sevk edildi. Olay yerinde yap\u0131lan incelemede  par\u00e7alanm\u0131\u015f ve torbalara konulmu\u015f halde topra\u011fa g\u00f6m\u00fcl\u00fc  kad\u0131n cesedine ula\u015f\u0131ld\u0131. \u00dczerinden kimlik \u00e7\u0131kmayan ceset \u00fczerinde yap\u0131lan incelemede  cesedin Burdur\u2019da uluslararas\u0131 koruma ba\u015fvurusu sahibi olarak ikamet eden ve 09 Ocak 2019 tarihinden buyana kay\u0131p olarak aranan  Afgan uyruklu kad\u0131n Masahude Hasami oldu\u011fu tespit edildi.<\/p>\n<p>Maktul\u00fcn cesedi gerekli incelemelerin ard\u0131ndan Devlet Hastanesi morguna kald\u0131r\u0131ld\u0131. Olay yeri inceleme ve Adli t\u0131p birimi ilk incelemeleri yap\u0131ld\u0131ktan sonra ceset \u0130stanbul adli t\u0131p kurumuna g\u00f6nderildi. Olayla ilgili olarak Masahude Hasami\u2019nin kocas\u0131 ve  bir yak\u0131n\u0131 olan iki \u015f\u00fcphelinin Cumhuriyet Ba\u015fsavc\u0131l\u0131\u011f\u0131n\u0131n talimat\u0131 ile yakalanarak g\u00f6zalt\u0131na al\u0131nd\u0131\u011f\u0131 bildirildi.<\/p>\n<p>Valilik a\u00e7\u0131klamas\u0131<\/p>\n<p>Afgan uyruklu Masahude Hasami\u2019nin cesedinin bulunmas\u0131yla ilgili olarak Burdur Valili\u011fi\u2019nden yap\u0131lan yaz\u0131l\u0131 a\u00e7\u0131klamada &#8221; 08.02.2019 g\u00fcn\u00fc saat 18:00 s\u0131ralar\u0131nda Ba\u011flar Mahallesi Ta\u015far Kuyu Sokak \u00fczerinde bulunan bo\u015f arazide bulunan \u00e7ukurda topra\u011fa g\u00f6m\u00fcl\u00fc vaziyette insan cesedi oldu\u011funa dair ihbar yap\u0131lmas\u0131 \u00fczerine olay yerinde yap\u0131lan incelemelerde; torbalar i\u00e7erisinde, topra\u011fa g\u00f6m\u00fcl\u00fc olarak kimli\u011fi belirsiz bir kad\u0131na ait ceset bulundu\u011fu tespit edilmi\u015ftir.<\/p>\n<p>Ceset \u00fczerinde yap\u0131lan incelemelerde, maktul\u00fcn parmak izleri al\u0131nm\u0131\u015f, yap\u0131lan sorgulama sonucunda, \u0130limizde uluslararas\u0131 koruma ba\u015fvurusu sahibi ki\u015fi olarak ikamet etmekte olan ve 09.01.2019 tarihinden itibaren kay\u0131p \u015fah\u0131s olarak aranan Afgan uyruklu bir \u015fah\u0131s oldu\u011fu tespit edilmi\u015ftir. Maktul\u00fcn cesedi gerekli incelemelerin ard\u0131ndan Devlet Hastanesi morguna kald\u0131r\u0131lm\u0131\u015ft\u0131r. Olayla ilgisi olabilece\u011fi de\u011ferlendirilen iki \u015fah\u0131s Cumhuriyet Ba\u015fsavc\u0131l\u0131\u011f\u0131n\u0131n talimat\u0131 ile yakalanarak g\u00f6zalt\u0131na al\u0131nm\u0131\u015f olup soru\u015fturmaya kapsaml\u0131 olarak devam edilmektedir.&#8221; denildi.<div class=\"tiled-gallery type-rectangular tiled-gallery-unresized\" data-original-width=\"500\" data-carousel-extra='null' itemscope itemtype=\"http:\/\/schema.org\/ImageGallery\" > <div class=\"gallery-row\" style=\"width: 500px; height: 332px;\" data-original-width=\"500\" data-original-height=\"332\" > <div class=\"gallery-group images-1\" style=\"width: 250px; height: 332px;\" data-original-width=\"250\" data-original-height=\"332\" > <div class=\"tiled-gallery-item tiled-gallery-item-small\" itemprop=\"associatedMedia\" itemscope itemtype=\"http:\/\/schema.org\/ImageObject\"> <a href=\"http:\/\/www.tvturk.com\/index.php\/kayip-olan-afgan-uyruklu-kadinin-parcalanmis-cesedi-torbalar-icinde-gomulu-olarak-bulundu\/kayip-olan-afgan-uyruklu-kadinin-parcalanmis-cesedi-torbalar-icinde-gomulu-olarak-bulundu-3\/\" border=\"0\" itemprop=\"url\"> <meta itemprop=\"width\" content=\"246\"> <meta itemprop=\"height\" content=\"328\"> <img decoding=\"async\" class=\"\" data-attachment-id=\"15200\" data-orig-file=\"http:\/\/www.tvturk.com\/wp-content\/uploads\/2019\/02\/kayip-olan-afgan-uyruklu-kadinin-parcalanmis-cesedi-torbalar-icinde-gomulu-olarak-bulundu_075e997.jpg\" data-orig-size=\"750,1000\" data-comments-opened=\"\" data-image-meta=\"{&quot;aperture&quot;:&quot;0&quot;,&quot;credit&quot;:&quot;IHA&quot;,&quot;camera&quot;:&quot;&quot;,&quot;caption&quot;:&quot;KAYIP OLAN AFGAN UYRUKLU KADIN PAR\\u00c7ALANMI\\u015e OLARAK BULUNDU. (AL\\u0130 KAPAN\\\/BURDUR-\\u0130HA)&quot;,&quot;created_timestamp&quot;:&quot;0&quot;,&quot;copyright&quot;:&quot;\\u0130HLAS HABER AJANSI, www.iha.com.tr&quot;,&quot;focal_length&quot;:&quot;0&quot;,&quot;iso&quot;:&quot;0&quot;,&quot;shutter_speed&quot;:&quot;0&quot;,&quot;title&quot;:&quot;KAYIP OLAN AFGAN UYRUKLU KADININ PAR\\u00c7ALANMI\\u015e CESED\\u0130 TORBALAR \\u0130\\u00c7\\u0130NDE G\\u00d6M\\u00dcL\\u00dc OLARAK BULUNDU. OLAYLA \\u0130LG\\u0130L\\u0130 KOCASI VE B\\u0130R YAKINI G\\u00d6ZALTINA ALINDI&quot;,&quot;orientation&quot;:&quot;0&quot;}\" data-image-title=\"Kay\u0131p olan Afgan uyruklu kad\u0131n\u0131n par\u00e7alanm\u0131\u015f cesedi torbalar i\u00e7inde g\u00f6m\u00fcl\u00fc olarak bulundu.\" data-image-description=\"&lt;p&gt;Kay\u0131p olan Afgan uyruklu kad\u0131n\u0131n par\u00e7alanm\u0131\u015f cesedi torbalar i\u00e7inde g\u00f6m\u00fcl\u00fc olarak bulundu.&lt;\/p&gt; \" data-medium-file=\"https:\/\/i0.wp.com\/www.tvturk.com\/wp-content\/uploads\/2019\/02\/kayip-olan-afgan-uyruklu-kadinin-parcalanmis-cesedi-torbalar-icinde-gomulu-olarak-bulundu_075e997.jpg?fit=225%2C300\" data-large-file=\"https:\/\/i0.wp.com\/www.tvturk.com\/wp-content\/uploads\/2019\/02\/kayip-olan-afgan-uyruklu-kadinin-parcalanmis-cesedi-torbalar-icinde-gomulu-olarak-bulundu_075e997.jpg?fit=750%2C1000\" src=\"https:\/\/i0.wp.com\/www.tvturk.com\/wp-content\/uploads\/2019\/02\/kayip-olan-afgan-uyruklu-kadinin-parcalanmis-cesedi-torbalar-icinde-gomulu-olarak-bulundu_075e997.jpg?w=246&#038;h=328\" srcset=\"https:\/\/i0.wp.com\/www.tvturk.com\/wp-content\/uploads\/2019\/02\/kayip-olan-afgan-uyruklu-kadinin-parcalanmis-cesedi-torbalar-icinde-gomulu-olarak-bulundu_075e997.jpg?w=750 750w, https:\/\/i0.wp.com\/www.tvturk.com\/wp-content\/uploads\/2019\/02\/kayip-olan-afgan-uyruklu-kadinin-parcalanmis-cesedi-torbalar-icinde-gomulu-olarak-bulundu_075e997.jpg?resize=113%2C150 113w, https:\/\/i0.wp.com\/www.tvturk.com\/wp-content\/uploads\/2019\/02\/kayip-olan-afgan-uyruklu-kadinin-parcalanmis-cesedi-torbalar-icinde-gomulu-olarak-bulundu_075e997.jpg?resize=225%2C300 225w\" width=\"246\" height=\"328\" loading=\"lazy\" data-original-width=\"246\" data-original-height=\"328\" itemprop=\"http:\/\/schema.org\/image\" title=\"Kay\u0131p olan Afgan uyruklu kad\u0131n\u0131n par\u00e7alanm\u0131\u015f cesedi torbalar i\u00e7inde g\u00f6m\u00fcl\u00fc olarak bulundu.\" alt=\"Kay\u0131p olan Afgan uyruklu kad\u0131n\u0131n par\u00e7alanm\u0131\u015f cesedi torbalar i\u00e7inde g\u00f6m\u00fcl\u00fc olarak bulundu.\" style=\"width: 246px; height: 328px;\" \/> <\/a> <\/div> <\/div> <!-- close group --> <div class=\"gallery-group images-1\" style=\"width: 250px; height: 332px;\" data-original-width=\"250\" data-original-height=\"332\" > <div class=\"tiled-gallery-item tiled-gallery-item-small\" itemprop=\"associatedMedia\" itemscope itemtype=\"http:\/\/schema.org\/ImageObject\"> <a href=\"http:\/\/www.tvturk.com\/index.php\/kayip-olan-afgan-uyruklu-kadinin-parcalanmis-cesedi-torbalar-icinde-gomulu-olarak-bulundu\/kayip-olan-afgan-uyruklu-kadinin-parcalanmis-cesedi-torbalar-icinde-gomulu-olarak-bulundu-4\/\" border=\"0\" itemprop=\"url\"> <meta itemprop=\"width\" content=\"246\"> <meta itemprop=\"height\" content=\"328\"> <img decoding=\"async\" class=\"\" data-attachment-id=\"15201\" data-orig-file=\"http:\/\/www.tvturk.com\/wp-content\/uploads\/2019\/02\/kayip-olan-afgan-uyruklu-kadinin-parcalanmis-cesedi-torbalar-icinde-gomulu-olarak-bulundu_8d03fe9.jpg\" data-orig-size=\"750,1000\" data-comments-opened=\"\" data-image-meta=\"{&quot;aperture&quot;:&quot;0&quot;,&quot;credit&quot;:&quot;IHA&quot;,&quot;camera&quot;:&quot;&quot;,&quot;caption&quot;:&quot;KAYIP OLAN AFGAN UYRUKLU KADIN PAR\\u00c7ALANMI\\u015e OLARAK BULUNDU. (AL\\u0130 KAPAN\\\/BURDUR-\\u0130HA)&quot;,&quot;created_timestamp&quot;:&quot;0&quot;,&quot;copyright&quot;:&quot;\\u0130HLAS HABER AJANSI, www.iha.com.tr&quot;,&quot;focal_length&quot;:&quot;0&quot;,&quot;iso&quot;:&quot;0&quot;,&quot;shutter_speed&quot;:&quot;0&quot;,&quot;title&quot;:&quot;KAYIP OLAN AFGAN UYRUKLU KADININ PAR\\u00c7ALANMI\\u015e CESED\\u0130 TORBALAR \\u0130\\u00c7\\u0130NDE G\\u00d6M\\u00dcL\\u00dc OLARAK BULUNDU. OLAYLA \\u0130LG\\u0130L\\u0130 KOCASI VE B\\u0130R YAKINI G\\u00d6ZALTINA ALINDI&quot;,&quot;orientation&quot;:&quot;0&quot;}\" data-image-title=\"Kay\u0131p olan Afgan uyruklu kad\u0131n\u0131n par\u00e7alanm\u0131\u015f cesedi torbalar i\u00e7inde g\u00f6m\u00fcl\u00fc olarak bulundu.\" data-image-description=\"&lt;p&gt;Kay\u0131p olan Afgan uyruklu kad\u0131n\u0131n par\u00e7alanm\u0131\u015f cesedi torbalar i\u00e7inde g\u00f6m\u00fcl\u00fc olarak bulundu.&lt;\/p&gt; \" data-medium-file=\"https:\/\/i0.wp.com\/www.tvturk.com\/wp-content\/uploads\/2019\/02\/kayip-olan-afgan-uyruklu-kadinin-parcalanmis-cesedi-torbalar-icinde-gomulu-olarak-bulundu_8d03fe9.jpg?fit=225%2C300\" data-large-file=\"https:\/\/i0.wp.com\/www.tvturk.com\/wp-content\/uploads\/2019\/02\/kayip-olan-afgan-uyruklu-kadinin-parcalanmis-cesedi-torbalar-icinde-gomulu-olarak-bulundu_8d03fe9.jpg?fit=750%2C1000\" src=\"https:\/\/i0.wp.com\/www.tvturk.com\/wp-content\/uploads\/2019\/02\/kayip-olan-afgan-uyruklu-kadinin-parcalanmis-cesedi-torbalar-icinde-gomulu-olarak-bulundu_8d03fe9.jpg?w=246&#038;h=328\" srcset=\"https:\/\/i0.wp.com\/www.tvturk.com\/wp-content\/uploads\/2019\/02\/kayip-olan-afgan-uyruklu-kadinin-parcalanmis-cesedi-torbalar-icinde-gomulu-olarak-bulundu_8d03fe9.jpg?w=750 750w, https:\/\/i0.wp.com\/www.tvturk.com\/wp-content\/uploads\/2019\/02\/kayip-olan-afgan-uyruklu-kadinin-parcalanmis-cesedi-torbalar-icinde-gomulu-olarak-bulundu_8d03fe9.jpg?resize=113%2C150 113w, https:\/\/i0.wp.com\/www.tvturk.com\/wp-content\/uploads\/2019\/02\/kayip-olan-afgan-uyruklu-kadinin-parcalanmis-cesedi-torbalar-icinde-gomulu-olarak-bulundu_8d03fe9.jpg?resize=225%2C300 225w\" width=\"246\" height=\"328\" loading=\"lazy\" data-original-width=\"246\" data-original-height=\"328\" itemprop=\"http:\/\/schema.org\/image\" title=\"Kay\u0131p olan Afgan uyruklu kad\u0131n\u0131n par\u00e7alanm\u0131\u015f cesedi torbalar i\u00e7inde g\u00f6m\u00fcl\u00fc olarak bulundu.\" alt=\"Kay\u0131p olan Afgan uyruklu kad\u0131n\u0131n par\u00e7alanm\u0131\u015f cesedi torbalar i\u00e7inde g\u00f6m\u00fcl\u00fc olarak bulundu.\" style=\"width: 246px; height: 328px;\" \/> <\/a> <\/div> <\/div> <!-- close group --> <\/div> <!-- close row --> <\/div><\/p>\n","protected":false},"excerpt":{"rendered":"<p>KAYIP OLAN AFGAN UYRUKLU KADIN PAR\u00c7ALANMI\u015e OLARAK BULUNDU.<\/p>\n","protected":false},"author":1,"featured_media":15199,"comment_status":"closed","ping_status":"open","sticky":false,"template":"","format":"standard","meta":{"jetpack_post_was_ever_published":false,"_jetpack_newsletter_access":"","_jetpack_dont_email_post_to_subs":false,"_jetpack_newsletter_tier_id":0,"_jetpack_memberships_contains_paywalled_content":false,"_jetpack_memberships_contains_paid_content":false,"footnotes":"","jetpack_publicize_message":"","jetpack_publicize_feature_enabled":true,"jetpack_social_post_already_shared":false,"jetpack_social_options":{"image_generator_settings":{"template":"highway","default_image_id":0,"font":"","enabled":false},"version":2}},"categories":[655],"tags":[4135,204,1321,7414,4601,2160,952,572,5030,7412,7413,7411],"class_list":["post-15198","post","type-post","status-publish","format-standard","has-post-thumbnail","hentry","category-son-dakika","tag-afgan","tag-bulundu","tag-cesedi","tag-gomulu","tag-icinde","tag-kadinin","tag-kayip","tag-olan","tag-olarak","tag-parcalanmis","tag-torbalar","tag-uyruklu"],"jetpack_publicize_connections":[],"jetpack_featured_media_url":"https:\/\/i0.wp.com\/www.tvturk.com\/wp-content\/uploads\/2019\/02\/kayip-olan-afgan-uyruklu-kadinin-parcalanmis-cesedi-torbalar-icinde-gomulu-olarak-bulundu_2ced346.jpg?fit=750%2C1000","jetpack_sharing_enabled":true,"jetpack_shortlink":"https:\/\/wp.me\/paKIfm-3X8","_links":{"self":[{"href":"http:\/\/www.tvturk.com\/index.php\/wp-json\/wp\/v2\/posts\/15198","targetHints":{"allow":["GET"]}}],"collection":[{"href":"http:\/\/www.tvturk.com\/index.php\/wp-json\/wp\/v2\/posts"}],"about":[{"href":"http:\/\/www.tvturk.com\/index.php\/wp-json\/wp\/v2\/types\/post"}],"author":[{"embeddable":true,"href":"http:\/\/www.tvturk.com\/index.php\/wp-json\/wp\/v2\/users\/1"}],"replies":[{"embeddable":true,"href":"http:\/\/www.tvturk.com\/index.php\/wp-json\/wp\/v2\/comments?post=15198"}],"version-history":[{"count":1,"href":"http:\/\/www.tvturk.com\/index.php\/wp-json\/wp\/v2\/posts\/15198\/revisions"}],"predecessor-version":[{"id":15202,"href":"http:\/\/www.tvturk.com\/index.php\/wp-json\/wp\/v2\/posts\/15198\/revisions\/15202"}],"wp:featuredmedia":[{"embeddable":true,"href":"http:\/\/www.tvturk.com\/index.php\/wp-json\/wp\/v2\/media\/15199"}],"wp:attachment":[{"href":"http:\/\/www.tvturk.com\/index.php\/wp-json\/wp\/v2\/media?parent=15198"}],"wp:term":[{"taxonomy":"category","embeddable":true,"href":"http:\/\/www.tvturk.com\/index.php\/wp-json\/wp\/v2\/categories?post=15198"},{"taxonomy":"post_tag","embeddable":true,"href":"http:\/\/www.tvturk.com\/index.php\/wp-json\/wp\/v2\/tags?post=15198"}],"curies":[{"name":"wp","href":"https:\/\/api.w.org\/{rel}","templated":true}]}}