{"id":152015,"date":"2019-05-03T10:01:21","date_gmt":"2019-05-03T07:01:21","guid":{"rendered":"http:\/\/www.tvturk.com\/index.php\/ozel-ramazan-davullarini-evinin-salonunda-yapiyor\/"},"modified":"2019-05-03T10:01:21","modified_gmt":"2019-05-03T07:01:21","slug":"ozel-ramazan-davullarini-evinin-salonunda-yapiyor","status":"publish","type":"post","link":"http:\/\/www.tvturk.com\/index.php\/ozel-ramazan-davullarini-evinin-salonunda-yapiyor\/","title":{"rendered":"(\u00d6zel) Ramazan davullar\u0131n\u0131 evinin salonunda yap\u0131yor"},"content":{"rendered":"<p>Bursa\u2019da m\u00fczisyen B\u00fclent Arpat, davul imalat\u0131n\u0131 evinin salonunda ve balkonunda yap\u0131yor.<\/p>\n<p>Bursa\u2019da ramazan ay\u0131na g\u00fcnler kala davulcular\u0131n mesaisi de yo\u011fun ge\u00e7iyor. M\u00fczisyenlik yapan 44 ya\u015f\u0131ndaki 2 \u00e7ocuk babas\u0131 B\u00fclent Arpat da Ramazan davulu yap\u0131yor. 20 y\u0131ld\u0131r davul \u00e7alan ve 3 y\u0131l \u00f6nce davulunu tamir ettirmeye usta bulamayan Arpat, bu y\u00fczden yap\u0131m i\u015fine girdi. Zamanla kendini geli\u015ftiren Arpat, her kesimin istedi\u011fi t\u00fcrde davul yapabiliyor. Arpat, ramazan ay\u0131 \u00f6ncesinde yo\u011fun mesai harc\u0131yor. At\u00f6lyesi olmad\u0131\u011f\u0131 i\u00e7in davullar\u0131 evinin balkonunda ve salonunda ticari bir beklenti i\u00e7inde olmadan yapan Arpat, bir davul i\u00e7in en az 2 g\u00fcn\u00fcn\u00fc harc\u0131yor. \u0130\u015fini b\u00fcy\u00fck bir zevkle yapan Arpat, ramazan ay\u0131 \u00f6ncesinde \u00e7ok talep ald\u0131\u011f\u0131n\u0131 s\u00f6yledi.<\/p>\n<p>Ramazan ay\u0131n\u0131n olmazsa olmazlar\u0131ndan birisinin de davul oldu\u011fu belirten B\u00fclent Arpat, \u201cRamazan ay\u0131ndan bir ay \u00f6ncesinden sipari\u015flerimiz geldi. K\u00f6ylerimizde tamirler geldi, onlar\u0131 tamamlad\u0131k. Ben kendim normalde m\u00fczisyenim. Sosyal medyadan g\u00f6renler olunca davul istediler. A\u011fac\u0131n\u0131, masraf\u0131n\u0131 al\u0131yoruz bunu hobi olarak yap\u0131yorum. Kendim e\u011flenmi\u015f oluyorum\u201d dedi.<\/p>\n<p>En iyi davulun ceviz a\u011fac\u0131ndan oldu\u011funu ifade eden Arpat, \u201cEskiden ke\u00e7i ve o\u011flak derisinden oluyordu, \u015fimdi plastikler var. Ya\u011fmur ve s\u0131caktan koruyor. Problem olmuyor. 20 sene i\u00e7erisinde davul yapmad\u0131\u011f\u0131m i\u00e7in kendime hayret ediyorum. 4 senedir davul yap\u0131yorum. Kendi \u00e7ald\u0131\u011f\u0131n enstr\u00fcman\u0131 kendin yap\u0131yorsan daha iyi oluyor. B\u00fct\u00fcn malzemelerini kendin se\u00e7iyorsun. \u015eimdi geli\u015fen teknolojiyle birlikte davullara \u0131\u015f\u0131k da koyuyoruz. Genelde davulcular sahurda \u00e7\u0131kt\u0131\u011f\u0131 i\u00e7in, elektrik kesilir diye isteyenlere beyaz \u0131\u015f\u0131klar ekliyoruz\u201d diye konu\u015ftu.<\/p>\n<p>O\u011flu Beytullah\u2019\u0131n da davula ve yap\u0131m\u0131na merak\u0131 oldu\u011funu s\u00f6zlerine ekleyen Arpat, \u201cBen kendisini zorlam\u0131yorum. Uzaktan beni izliyor, kendisi yapmaya \u00e7al\u0131\u015f\u0131yor. Yeni yeni de davul \u00e7almaya da ba\u015flad\u0131. Bana da yard\u0131mc\u0131 oluyor\u201d dedi.<\/p>\n<p>11 ya\u015f\u0131nda babas\u0131na yard\u0131m eden Beytullah Arpat ise davul yapman\u0131n ve \u00e7alman\u0131n \u00e7ok keyifli bir \u015fey oldu\u011funu s\u00f6yledi.<\/p>\n","protected":false},"excerpt":{"rendered":"<p>BURSA\u2019DA M\u00dcZ\u0130SYEN B\u00dcLENT ARPAT, DAVUL \u0130MALATINI EV\u0130N\u0130N SALONUNDA VE BALKONUNDA YAPIYOR.<\/p>\n","protected":false},"author":1,"featured_media":152016,"comment_status":"closed","ping_status":"open","sticky":false,"template":"","format":"standard","meta":{"jetpack_post_was_ever_published":false,"_jetpack_newsletter_access":"","_jetpack_dont_email_post_to_subs":false,"_jetpack_newsletter_tier_id":0,"_jetpack_memberships_contains_paywalled_content":false,"_jetpack_memberships_contains_paid_content":false,"footnotes":"","jetpack_publicize_message":"","jetpack_publicize_feature_enabled":true,"jetpack_social_post_already_shared":true,"jetpack_social_options":{"image_generator_settings":{"template":"highway","default_image_id":0,"font":"","enabled":false},"version":2}},"categories":[1],"tags":[1073,34494,462,28330,15443,1685],"class_list":["post-152015","post","type-post","status-publish","format-standard","has-post-thumbnail","hentry","category-genel","tag-ozel","tag-davullarini","tag-evinin","tag-ramazan","tag-salonunda","tag-yapiyor"],"jetpack_publicize_connections":[],"jetpack_featured_media_url":"https:\/\/i0.wp.com\/www.tvturk.com\/wp-content\/uploads\/2019\/05\/ozel-ramazan-davullarini-evinin-salonunda-yapiyor_0be9b8d.jpg?fit=1000%2C663","jetpack_sharing_enabled":true,"jetpack_shortlink":"https:\/\/wp.me\/paKIfm-DxR","_links":{"self":[{"href":"http:\/\/www.tvturk.com\/index.php\/wp-json\/wp\/v2\/posts\/152015","targetHints":{"allow":["GET"]}}],"collection":[{"href":"http:\/\/www.tvturk.com\/index.php\/wp-json\/wp\/v2\/posts"}],"about":[{"href":"http:\/\/www.tvturk.com\/index.php\/wp-json\/wp\/v2\/types\/post"}],"author":[{"embeddable":true,"href":"http:\/\/www.tvturk.com\/index.php\/wp-json\/wp\/v2\/users\/1"}],"replies":[{"embeddable":true,"href":"http:\/\/www.tvturk.com\/index.php\/wp-json\/wp\/v2\/comments?post=152015"}],"version-history":[{"count":0,"href":"http:\/\/www.tvturk.com\/index.php\/wp-json\/wp\/v2\/posts\/152015\/revisions"}],"wp:featuredmedia":[{"embeddable":true,"href":"http:\/\/www.tvturk.com\/index.php\/wp-json\/wp\/v2\/media\/152016"}],"wp:attachment":[{"href":"http:\/\/www.tvturk.com\/index.php\/wp-json\/wp\/v2\/media?parent=152015"}],"wp:term":[{"taxonomy":"category","embeddable":true,"href":"http:\/\/www.tvturk.com\/index.php\/wp-json\/wp\/v2\/categories?post=152015"},{"taxonomy":"post_tag","embeddable":true,"href":"http:\/\/www.tvturk.com\/index.php\/wp-json\/wp\/v2\/tags?post=152015"}],"curies":[{"name":"wp","href":"https:\/\/api.w.org\/{rel}","templated":true}]}}