{"id":152069,"date":"2019-05-03T10:45:01","date_gmt":"2019-05-03T07:45:01","guid":{"rendered":"http:\/\/www.tvturk.com\/index.php\/pakistan-ile-askeri-ve-sivil-havacilik-olmak-uzere-tum-alanlarda-calismalarimiz-olacak\/"},"modified":"2019-05-03T10:45:01","modified_gmt":"2019-05-03T07:45:01","slug":"pakistan-ile-askeri-ve-sivil-havacilik-olmak-uzere-tum-alanlarda-calismalarimiz-olacak","status":"publish","type":"post","link":"http:\/\/www.tvturk.com\/index.php\/pakistan-ile-askeri-ve-sivil-havacilik-olmak-uzere-tum-alanlarda-calismalarimiz-olacak\/","title":{"rendered":"\u201cPakistan ile askeri ve sivil havac\u0131l\u0131k olmak \u00fczere t\u00fcm alanlarda \u00e7al\u0131\u015fmalar\u0131m\u0131z olacak\u201d"},"content":{"rendered":"<p>Merkezi Almanya\u2019da bulunan uluslararas\u0131 havac\u0131l\u0131k \u015firketi Global Aviation Services Interrior CEO\u2019su Zeydan \u00d6nc\u00fc, \u201cPAC Pakistan Aeronautical Complex firmas\u0131 ile yapt\u0131\u011f\u0131m\u0131z anla\u015fma ile ortak bir \u015firket kurduk. Bu anla\u015fma ile askeri ve sivil olmak \u00fczere havac\u0131l\u0131\u011f\u0131n her alan\u0131nda \u00e7al\u0131\u015fmalar\u0131m\u0131z olacak, d\u00fcnyan\u0131n her yerinde havac\u0131l\u0131k alan\u0131nda hizmet vermeye devam edece\u011fiz\u201d dedi.<\/p>\n<p>Almanya merkezli u\u00e7ak bak\u0131m, onar\u0131m ve dizayn hizmeti sa\u011flayan Global Aviation Services Interrior, \u0130stanbul\u2019da kap\u0131lar\u0131n\u0131 a\u00e7an Uluslararas\u0131 Savunma Sanayii fuar\u0131 IDEF 2019\u2019a kat\u0131ld\u0131. \u015eirketin Ceo\u2019su Zeydan \u00d6nc\u00fc Pakistan merkezli PAC Pakistan Aeronautical Complex firmas\u0131yla Ceo\u2019su oldu\u011fu Global Aviation \u0130ndustries firmalar\u0131n\u0131n ortakla\u015fa kurduklar\u0131 GASPAC i\u00e7in mutabakat anla\u015fmas\u0131 imzalad\u0131klar\u0131n\u0131 duyurdu.  Fuar alan\u0131nda a\u00e7\u0131klamalarda bulunan \u00d6nc\u00fc, s\u00f6z konusu anla\u015fma ile askeri ve sivil olmak \u00fczere havac\u0131l\u0131\u011f\u0131n her alan\u0131nda hizmet vereceklerini belirterek, d\u00fcnyan\u0131n her yerinde havac\u0131l\u0131k alan\u0131nda \u00e7al\u0131\u015fmalar\u0131n\u0131 s\u00fcrd\u00fcreceklerini ifade etti. \u00d6nc\u00fc, yak\u0131n d\u00f6nem hedefleri aras\u0131nda T\u00fcrkiye\u2019de havac\u0131l\u0131k alan\u0131nda i\u015f birlikleri geli\u015ftirmeyi istediklerini kaydetti.<\/p>\n<p>U\u00e7aklar\u0131n ve helikopterlerin i\u00e7 ve d\u0131\u015f d\u00f6n\u00fc\u015f\u00fcm\u00fcn\u00fc, dizayn\u0131n\u0131 ger\u00e7ekle\u015ftirip m\u00fc\u015fterilerine anahtar teslim ettiklerini dile getiren Global Aviation Services Interrior Ceo\u2019su Zeydan \u00d6nc\u00fc, \u201cU\u00e7aklar\u0131n ve helikopterlerin dizayn\u0131n\u0131, prod\u00fcksiyonunu, sertifikasyonunu ve u\u00e7u\u015f testlerini yapan bir firma olarak m\u00fc\u015fteriye hizmet sunuyoruz\u201d dedi.<\/p>\n<p>\u201cPakistan ile askeri ve sivil havac\u0131l\u0131k olmak \u00fczere t\u00fcm alanlarda \u00e7al\u0131\u015fmalar\u0131m\u0131z olacak\u201d<\/p>\n<p>Pakistan merkezli PAC Pakistan Aeronautical Complex ile havac\u0131l\u0131\u011f\u0131n her alan\u0131nda faaliyet g\u00f6sterecek ortakla\u015fa firma kurduklar\u0131na da de\u011finen \u00d6nc\u00fc, \u201cBu \u015firket, Pakistan ordusunda bulunan helikopterlerin bak\u0131m\u0131n\u0131, dizayn\u0131n\u0131 yapan, gerekli olan yedek par\u00e7a ihtiya\u00e7lar\u0131n\u0131 kar\u015f\u0131layan bir firma olacak. Askeri ve sivil havac\u0131l\u0131k olmak \u00fczere t\u00fcm alanlarda hizmetimiz olacak. Hizmetlerimiz aras\u0131nda ambulans u\u00e7aklar\u0131, ambulans helikopterleri, eskort helikopterleri, polis helikopterleri, arama ve kurtarma helikopterleri gibi hava ara\u00e7lar\u0131n\u0131n d\u00f6n\u00fc\u015f\u00fcmlerini ger\u00e7ekle\u015ftirece\u011fiz\u201d diye konu\u015ftu.<\/p>\n<p>\u201cAvrupa\u2019da kurmu\u015f oldu\u011fumuz bak\u0131m, \u00fcretim geli\u015ftirme merkezlerimiz t\u00fcm d\u00fcnyaya yay\u0131l\u0131yor\u201d<\/p>\n<p>\u0130lk ba\u015fta Avrupa\u2019da kurmu\u015f olduklar\u0131 bak\u0131m, \u00fcretim, geli\u015ftirme merkezleriyle havac\u0131l\u0131k sekt\u00f6r\u00fcnde hizmet vermeye ba\u015flad\u0131klar\u0131n\u0131 ifade eden \u00d6nc\u00fc, \u201cAvrupa\u2019n\u0131n ard\u0131ndan Arap yar\u0131madas\u0131nda Abu Dabi\u2019deki merkezimizle hizmet vermeye ba\u015flad\u0131k. 3. Merkezimizi Asya\u2019da Pakistan\u2019da hizmete a\u00e7\u0131yoruz. Havac\u0131l\u0131k sekt\u00f6r\u00fcn\u00fc geli\u015ftirmek i\u00e7in t\u00fcm D\u00fcnya\u2019ya yay\u0131l\u0131yoruz. T\u00fcrkiye\u2019de de havac\u0131l\u0131k sekt\u00f6r\u00fcnde hizmet vermek istiyoruz, bunun i\u00e7in T\u00fcrk firmalarla g\u00f6r\u00fc\u015fmelerimiz oluyor.  Buradaki T\u00fcrk firmalar\u0131 ile de baz\u0131 anla\u015fmalar yapm\u0131\u015f bulunmaktay\u0131z. \u0130DEF fuar\u0131nda hangi firman\u0131n, hangi kapasitesinin nerede kullanabilece\u011fini g\u00f6rmemiz a\u00e7\u0131s\u0131ndan \u00e7ok iyi bir platform. Fuarda g\u00f6rd\u00fc\u011f\u00fcm\u00fcz inovasyonlar bizleri daha da cesaretlendirmekte. Bu a\u00e7\u0131dan fuar\u0131 faydal\u0131 buluyorum\u201d \u015feklinde konu\u015ftu.<\/p>\n<p>\u201cHavac\u0131l\u0131k sekt\u00f6r\u00fc teknolojinin en \u00fcst d\u00fczeyde kullan\u0131ld\u0131\u011f\u0131 aland\u0131r\u201d<\/p>\n<p>Havac\u0131l\u0131k sekt\u00f6r\u00fcn\u00fcn teknoloji ile ba\u011flant\u0131s\u0131 hakk\u0131nda da bilgi veren \u00d6nc\u00fc, \u201cHavac\u0131l\u0131k sekt\u00f6r\u00fc teknolojinin en \u00fcst d\u00fczeyde kullan\u0131ld\u0131\u011f\u0131 aland\u0131r. Havac\u0131l\u0131k konusunda ilerlemi\u015f bir \u00fclkenin di\u011fer teknik alanlarda \u00e7ok daha fazla ilerlemi\u015f oldu\u011funu g\u00f6rebiliyoruz. T\u00fcrkiye\u2019de de havac\u0131l\u0131k alan\u0131nda \u00f6nemli geli\u015fmeler g\u00f6r\u00fcyoruz. T\u00fcrk firmalar\u0131n\u0131n yapt\u0131klar\u0131 geli\u015fmeleri de fuarda inceleme f\u0131rsat\u0131 bulduk, T\u00fcrkiye\u2019de havac\u0131l\u0131k alan\u0131nda ya\u015fanan olumlu geli\u015fmelerin daha iyi yerlere gelmesini umuyoruz\u201d ifadelerini kulland\u0131.<\/p>\n","protected":false},"excerpt":{"rendered":"<p>GLOBAL AV\u0130AT\u0130ON SERV\u0130CES INTERR\u0130OR CEO\u2019SU ZEYDAN \u00d6NC\u00dc, \u201cPAC PAK\u0130STAN AERONAUT\u0130CAL COMPLEX F\u0130RMASI \u0130LE YAPTI\u011eIMIZ ANLA\u015eMA \u0130LE ORTAK B\u0130R \u015e\u0130RKET KURDUK. BU ANLA\u015eMA \u0130LE ASKER\u0130 VE S\u0130V\u0130L OLMAK \u00dcZERE HAVACILI\u011eIN HER ALANINDA \u00c7ALI\u015eMALARIMIZ OLACAK, D\u00dcNYANIN HER YER\u0130NDE HAVACILIK ALANINDA H\u0130ZMET VERMEYE DEVAM EDECE\u011e\u0130Z\u201d DED\u0130.<\/p>\n","protected":false},"author":1,"featured_media":152070,"comment_status":"closed","ping_status":"open","sticky":false,"template":"","format":"standard","meta":{"jetpack_post_was_ever_published":false,"_jetpack_newsletter_access":"","_jetpack_dont_email_post_to_subs":false,"_jetpack_newsletter_tier_id":0,"_jetpack_memberships_contains_paywalled_content":false,"_jetpack_memberships_contains_paid_content":false,"footnotes":"","jetpack_publicize_message":"","jetpack_publicize_feature_enabled":true,"jetpack_social_post_already_shared":true,"jetpack_social_options":{"image_generator_settings":{"template":"highway","default_image_id":0,"font":"","enabled":false},"version":2}},"categories":[19],"tags":[1170,7235,5367,26295,3079,192,1189,1364,11727,1325,2150],"class_list":["post-152069","post","type-post","status-publish","format-standard","has-post-thumbnail","hentry","category-ekonomi","tag-askeri","tag-sivil","tag-alanlarda","tag-calismalarimiz","tag-havacilik","tag-ile","tag-olacak","tag-olmak","tag-pakistan","tag-tum","tag-uzere"],"jetpack_publicize_connections":[],"jetpack_featured_media_url":"https:\/\/i0.wp.com\/www.tvturk.com\/wp-content\/uploads\/2019\/05\/pakistan-ile-askeri-ve-sivil-havacilik-olmak-uzere-tum-alanlarda-calismalarimiz-olacak_89f0cb9.jpg?fit=1000%2C701","jetpack_sharing_enabled":true,"jetpack_shortlink":"https:\/\/wp.me\/paKIfm-DyJ","_links":{"self":[{"href":"http:\/\/www.tvturk.com\/index.php\/wp-json\/wp\/v2\/posts\/152069","targetHints":{"allow":["GET"]}}],"collection":[{"href":"http:\/\/www.tvturk.com\/index.php\/wp-json\/wp\/v2\/posts"}],"about":[{"href":"http:\/\/www.tvturk.com\/index.php\/wp-json\/wp\/v2\/types\/post"}],"author":[{"embeddable":true,"href":"http:\/\/www.tvturk.com\/index.php\/wp-json\/wp\/v2\/users\/1"}],"replies":[{"embeddable":true,"href":"http:\/\/www.tvturk.com\/index.php\/wp-json\/wp\/v2\/comments?post=152069"}],"version-history":[{"count":0,"href":"http:\/\/www.tvturk.com\/index.php\/wp-json\/wp\/v2\/posts\/152069\/revisions"}],"wp:featuredmedia":[{"embeddable":true,"href":"http:\/\/www.tvturk.com\/index.php\/wp-json\/wp\/v2\/media\/152070"}],"wp:attachment":[{"href":"http:\/\/www.tvturk.com\/index.php\/wp-json\/wp\/v2\/media?parent=152069"}],"wp:term":[{"taxonomy":"category","embeddable":true,"href":"http:\/\/www.tvturk.com\/index.php\/wp-json\/wp\/v2\/categories?post=152069"},{"taxonomy":"post_tag","embeddable":true,"href":"http:\/\/www.tvturk.com\/index.php\/wp-json\/wp\/v2\/tags?post=152069"}],"curies":[{"name":"wp","href":"https:\/\/api.w.org\/{rel}","templated":true}]}}