{"id":152087,"date":"2019-05-03T10:57:10","date_gmt":"2019-05-03T07:57:10","guid":{"rendered":"http:\/\/www.tvturk.com\/index.php\/uludag-universitesinde-ramazan-boyunca-iftar-imkani\/"},"modified":"2019-05-03T10:57:10","modified_gmt":"2019-05-03T07:57:10","slug":"uludag-universitesinde-ramazan-boyunca-iftar-imkani","status":"publish","type":"post","link":"http:\/\/www.tvturk.com\/index.php\/uludag-universitesinde-ramazan-boyunca-iftar-imkani\/","title":{"rendered":"Uluda\u011f \u00dcniversitesi\u2019nde Ramazan boyunca iftar imkan\u0131"},"content":{"rendered":"<p>Bursa Uluda\u011f \u00dcniversitesi\u2019nde (U\u00dc), Ramazan ay\u0131 boyunca Merkez G\u00f6r\u00fckle Kamp\u00fcs\u00fc \u00d6\u011frenci Yemekhanesi, \u0130lahiyat Fak\u00fcltesi Yemekhanesi ve Ali Osman S\u00f6nmez Kamp\u00fcs Yemekhanesi\u2019nde \u00f6\u011frencilere, \u00e7al\u0131\u015fanlara ve hasta yak\u0131nlar\u0131na \u00fccretsiz iftar yeme\u011fi verilecek.<\/p>\n<p>Bursa Uluda\u011f \u00dcniversitesi, Pazartesi g\u00fcn\u00fc ba\u015flayacak Ramazan ay\u0131nda \u00fccretsiz iftar gelene\u011fini s\u00fcrd\u00fcrecek. T\u00fcm Ramazan boyunca her ak\u015fam 3 farkl\u0131 yemekhanede iftar yeme\u011fi da\u011f\u0131t\u0131lacak. \u0130ftar men\u00fcs\u00fcnden \u00f6\u011frenciler, \u00e7al\u0131\u015fanlar ve hasta yak\u0131nlar\u0131 faydalanabilecek. BU\u00dc Rekt\u00f6r\u00fc Prof. Dr. Ahmet Saim K\u0131lavuz, \u00fcniversite y\u00f6netimi olarak, yakla\u015fan Ramazan ay\u0131n\u0131n manevi ikliminin \u00fcniversite ortam\u0131nda da yay\u0131labilmesi i\u00e7in \u00e7al\u0131\u015ft\u0131klar\u0131n\u0131 s\u00f6yledi.<\/p>\n<p>\u00d6\u011frencilerin, ders \u00e7\u0131k\u0131\u015flar\u0131nda do\u011frudan yemekhaneye giderek \u00fccretsiz iftar yeme\u011finden faydalanabilece\u011fini vurgulayan Rekt\u00f6r K\u0131lavuz; \u201c\u00d6zellikle iftar saatlerinde yemekhanelerimizde ciddi bir yo\u011funluk ya\u015fan\u0131yor. Burada \u00f6\u011frencilerimizin ma\u011fdur edilmemesi amac\u0131yla t\u00fcm haz\u0131rl\u0131klar\u0131m\u0131z\u0131 tamamlad\u0131k. Bunun yan\u0131 s\u0131ra \u00e7al\u0131\u015fanlar\u0131m\u0131z, akademisyenlerimiz ve hasta yak\u0131nlar\u0131 da bu imk\u00e2ndan faydalanabilecek. \u0130n\u015fallah, Ramazan ay\u0131n\u0131 \u00fcniversitemiz i\u00e7erisinde en g\u00fczel \u015fekilde ge\u00e7irece\u011fiz\u201d diye konu\u015ftu.<\/p>\n","protected":false},"excerpt":{"rendered":"<p>ULUDA\u011e \u00dcN\u0130VERS\u0130TES\u0130 RAMAZAN BOYUNCA \u0130FTAR VERECEK<\/p>\n","protected":false},"author":1,"featured_media":152088,"comment_status":"closed","ping_status":"open","sticky":false,"template":"","format":"standard","meta":{"jetpack_post_was_ever_published":false,"_jetpack_newsletter_access":"","_jetpack_dont_email_post_to_subs":false,"_jetpack_newsletter_tier_id":0,"_jetpack_memberships_contains_paywalled_content":false,"_jetpack_memberships_contains_paid_content":false,"footnotes":"","jetpack_publicize_message":"","jetpack_publicize_feature_enabled":true,"jetpack_social_post_already_shared":true,"jetpack_social_options":{"image_generator_settings":{"template":"highway","default_image_id":0,"font":"","enabled":false},"version":2}},"categories":[1],"tags":[1331,30333,21765,28330,14537,1889],"class_list":["post-152087","post","type-post","status-publish","format-standard","has-post-thumbnail","hentry","category-genel","tag-boyunca","tag-iftar","tag-imkani","tag-ramazan","tag-uludag","tag-universitesinde"],"jetpack_publicize_connections":[],"jetpack_featured_media_url":"https:\/\/i0.wp.com\/www.tvturk.com\/wp-content\/uploads\/2019\/05\/uludag-universitesinde-ramazan-boyunca-iftar-imkani_905e74c.jpg?fit=1000%2C530","jetpack_sharing_enabled":true,"jetpack_shortlink":"https:\/\/wp.me\/paKIfm-Dz1","_links":{"self":[{"href":"http:\/\/www.tvturk.com\/index.php\/wp-json\/wp\/v2\/posts\/152087","targetHints":{"allow":["GET"]}}],"collection":[{"href":"http:\/\/www.tvturk.com\/index.php\/wp-json\/wp\/v2\/posts"}],"about":[{"href":"http:\/\/www.tvturk.com\/index.php\/wp-json\/wp\/v2\/types\/post"}],"author":[{"embeddable":true,"href":"http:\/\/www.tvturk.com\/index.php\/wp-json\/wp\/v2\/users\/1"}],"replies":[{"embeddable":true,"href":"http:\/\/www.tvturk.com\/index.php\/wp-json\/wp\/v2\/comments?post=152087"}],"version-history":[{"count":0,"href":"http:\/\/www.tvturk.com\/index.php\/wp-json\/wp\/v2\/posts\/152087\/revisions"}],"wp:featuredmedia":[{"embeddable":true,"href":"http:\/\/www.tvturk.com\/index.php\/wp-json\/wp\/v2\/media\/152088"}],"wp:attachment":[{"href":"http:\/\/www.tvturk.com\/index.php\/wp-json\/wp\/v2\/media?parent=152087"}],"wp:term":[{"taxonomy":"category","embeddable":true,"href":"http:\/\/www.tvturk.com\/index.php\/wp-json\/wp\/v2\/categories?post=152087"},{"taxonomy":"post_tag","embeddable":true,"href":"http:\/\/www.tvturk.com\/index.php\/wp-json\/wp\/v2\/tags?post=152087"}],"curies":[{"name":"wp","href":"https:\/\/api.w.org\/{rel}","templated":true}]}}