{"id":152123,"date":"2019-05-03T11:31:33","date_gmt":"2019-05-03T08:31:33","guid":{"rendered":"http:\/\/www.tvturk.com\/index.php\/bozuyukteki-kumbet-turbenin-kime-ait-oldugu-ortaya-cikti\/"},"modified":"2019-05-03T11:31:33","modified_gmt":"2019-05-03T08:31:33","slug":"bozuyukteki-kumbet-turbenin-kime-ait-oldugu-ortaya-cikti","status":"publish","type":"post","link":"http:\/\/www.tvturk.com\/index.php\/bozuyukteki-kumbet-turbenin-kime-ait-oldugu-ortaya-cikti\/","title":{"rendered":"Boz\u00fcy\u00fck\u2019teki K\u00fcmbet T\u00fcrbe\u2019nin kime ait oldu\u011fu ortaya \u00e7\u0131kt\u0131"},"content":{"rendered":"<p>Bilecik\u2019in Boz\u00fcy\u00fck il\u00e7esinde bulunan ve uzun s\u00fcredir \u00fczerinde ara\u015ft\u0131rmalar yap\u0131lan K\u00fcmbet T\u00fcrbe\u2019nin Ertu\u011frul Gazi\u2019nin sancaktar\u0131 Kamer Ali Baba\u2019ya ait oldu\u011fu \u00f6ne s\u00fcr\u00fcld\u00fc.<\/p>\n<p>Yakla\u015f\u0131k 4 senedir Ara\u015ft\u0131rmac\u0131 Tarih\u00e7i Mehmet Can \u00c7etin taraf\u0131ndan \u00fczerinde \u00e7al\u0131\u015fmalar y\u00fcr\u00fct\u00fclen t\u00fcrbenin kime ait oldu\u011fu belirlendi. Ara\u015ft\u0131rmac\u0131 Tarih\u00e7i Mehmet Can \u00c7etin konu ile ilgiliyapt\u0131\u011f\u0131 a\u00e7\u0131klamada, \u201cBoz\u00fcy\u00fck ve y\u00f6resi hakk\u0131nda yapt\u0131\u011f\u0131m\u0131z her ara\u015ft\u0131rmada halk aras\u0131nda K\u00fcmbet T\u00fcrbe olarak bilinen t\u00fcrbenin kime ait oldu\u011fu hususunda yakla\u015f\u0131k 4 y\u0131ld\u0131r ara\u015ft\u0131rma yap\u0131yoruz. T\u00fcrbe ile alakal\u0131 veriye Bilecik Demiryolu tezime \u00e7al\u0131\u015ft\u0131\u011f\u0131m esnada \u0130htifalci Mehmed Ziya\u2019n\u0131n eserinde ismini tespit edemedi\u011fimiz t\u00fcrbenin Ertu\u011frul Gazi\u2019nin Sancaktar\u0131 Kamer Ali Baba\u2019ya ait oldu\u011funu tespit etmi\u015f bulunmaktay\u0131z. \u0130lerleyen s\u00fcre\u00e7 i\u00e7erisinde Kamer Ali Baba\u2019n\u0131n Boz\u00fcy\u00fck ve y\u00f6resi ile alakal\u0131 ba\u011flant\u0131lar\u0131 Osmanl\u0131\u2019n\u0131n kurulu\u015f zaman\u0131ndaki rol\u00fc hususunda da ara\u015ft\u0131rmalar yapaca\u011f\u0131z. T\u00fcrbeyi Boz\u00fcy\u00fck do\u011fumlulardan hat\u0131rlayanlar ya da ninelerinin anlat\u0131m\u0131 ile bilenler mevcut. T\u00fcrbe g\u00fcn\u00fcm\u00fczde Boz\u00fcy\u00fck Belediyesi \u00f6n\u00fcnde bulunan Bilecik yolunun ortas\u0131nda Cumhuriyet \u0130lkokulunun giri\u015f kap\u0131s\u0131n\u0131n oldu\u011fu mevkiide kalmaktad\u0131r. 1930\u2019lu y\u0131llarda Bilecik Valisi Tevfik Bey kasabaya su getirdi\u011fi zamanlarda t\u00fcrbe y\u0131k\u0131lm\u0131\u015ft\u0131r. Bilecik\u2019e giden yol geni\u015fletildi\u011fi zaman t\u00fcrbenin temel ta\u015flar\u0131n\u0131 g\u00f6renler de vard\u0131r\u201d dedi.<\/p>\n<p>&#8220;Mektupta t\u00fcrbenin Kamer Ali Baba\u2019ya ait oldu\u011fu belirtilmi\u015ftir&#8221;<\/p>\n<p>\u00c7etin, &#8220;13\u2019\u00fcnc\u00fc y\u00fczy\u0131l sonlar\u0131nda T\u00fcrkiye Sel\u00e7uklular\u0131n\u0131n Anadolu\u2019daki siyasi ve sosyok\u00fclt\u00fcrel g\u00fcc\u00fcn\u00fc kaybetmesiyle birlikte beyliklerin par\u00e7al\u0131 bir g\u00f6r\u00fcn\u00fcme b\u00fcr\u00fcnd\u00fcrd\u00fc\u011f\u00fc Anadolu\u2019da bir\u00e7ok alanda oldu\u011fu gibi mezar mimarisinde de de\u011fi\u015fim ya\u015fanmas\u0131na sebep oldu. Bu devrin en \u00f6nemli yenili\u011fi Baldaken tarz\u0131 ad\u0131 verilen, kenarlar\u0131 a\u00e7\u0131k t\u00fcrbe modelinin ortaya \u00e7\u0131k\u0131\u015f\u0131d\u0131r. \u0130znik\u2019teki Sar\u0131 Saltuk t\u00fcrbesi Baldaken tarz\u0131 t\u00fcrbelere \u00f6rnektir. Baldaken tarz\u0131nda in\u015fa edilen t\u00fcrbelerin di\u011fer t\u00fcrbelerden fark\u0131 yap\u0131n\u0131n tasar\u0131m a\u015famas\u0131nda ve in\u015fas\u0131nda d\u0131\u015fa a\u00e7\u0131k olarak d\u00fc\u015f\u00fcn\u00fclm\u00fc\u015f olmas\u0131d\u0131r. Boz\u00fcy\u00fck\u2019te ge\u00e7mi\u015fte Baldaken tarz\u0131nda in\u015fa edilmi\u015f bir t\u00fcrbe bulunmaktayd\u0131. Boz\u00fcy\u00fck ve y\u00f6resinde ara\u015ft\u0131rmalar yapan Edebiyat \u00d6\u011fretmeni Bilgen Ertekin, Di\u015f Hekimi Nadir Mumcu ve Ara\u015ft\u0131rmac\u0131-Yazar Kurulay Y\u0131lmaz ile yapm\u0131\u015f oldu\u011fumuz m\u00fclakatlarda t\u00fcrbenin varl\u0131\u011f\u0131ndan bahsedilmi\u015f lakin belirtti\u011fimiz t\u00fcrbe y\u0131k\u0131ld\u0131\u011f\u0131ndan g\u00fcn\u00fcm\u00fcze ula\u015famam\u0131\u015ft\u0131r. T\u00fcrbenin kime ait oldu\u011fu konusunda fikir ayr\u0131l\u0131klar\u0131 bulunmaktad\u0131r. Kurulay Y\u0131lmaz\u2019\u0131n ara\u015ft\u0131rmas\u0131 neticesinde S\u00fcleyman K\u00f6pr\u00fcl\u00fc\u2019n\u00fcn bahsetti\u011fi k\u00fcmbet g\u00fcn\u00fcm\u00fcze ula\u015famam\u0131\u015f olan erken d\u00f6nem Anadolu T\u00fcrk mimarisine ait Baldaken tarz\u0131 t\u00fcrbedir. Y\u00f6renin Sultan\u00f6n\u00fc vak\u0131f defterinde \u2019Nefsi Karadona nam-\u0131 di\u011fer Boz\u00fcy\u00fck\u2019 ismi ile adland\u0131r\u0131lm\u0131\u015f olmas\u0131 hasebiyle Boz\u00fcy\u00fck Tekke Mahallede t\u00fcrbesi bulunan Karadonaya ait olabilece\u011fi d\u00fc\u015f\u00fcn\u00fclse de Osmanl\u0131 kurulu\u015funda m\u00fchim rol oynam\u0131\u015f olan Kumral Abdal\u2019a ait oldu\u011fu g\u00f6r\u00fc\u015f\u00fc de olduk\u00e7a yayg\u0131nd\u0131r. Ancak Karadona (Hamza Bey) T\u00fcrbesi Boz\u00fcy\u00fck Tekke Mahallede ve Kumral Abdal T\u00fcrbesi ise Koval\u0131ca yolu \u00fczerindedir. Uzun y\u0131llard\u0131r isimsiz Baldaken ya da halk aras\u0131nda K\u00fcmbetli T\u00fcrbe olarak adland\u0131r\u0131lan t\u00fcrbeye Bursa\u2019dan Konya\u2019ya Seyahat adl\u0131 eserin m\u00fcellifi Mehmed Ziya\u2019n\u0131n eserinde tesad\u00fcf ediyoruz. Mehmet Ziya Boz\u00fcy\u00fck\u2019ten demiryolu vas\u0131tas\u0131 ile ge\u00e7ti\u011fi esnada t\u00fcrbeyi \u2019Mermerden yap\u0131lma d\u00f6rt s\u00fctun \u00fczerine oturulmu\u015f, kur\u015funla kapl\u0131 ve i\u00e7inde me\u015fhurlardan birinin kabri bulunan k\u00fcmbeti de uzaktan seyrettik\u2019 \u015feklinde m\u00fclahazalar\u0131n\u0131 payla\u015fm\u0131\u015ft\u0131r. Daha sonra Boz\u00fcy\u00fck Nahiye Maarif Komisyonu Ba\u015fkan\u0131 Ali Nuri Efendi Mehmet Ziyaya 1900\u2019de tam 119 y\u0131l evvel yazd\u0131\u011f\u0131 mektupta Kas\u0131mpa\u015fa Caminin Cezeri Kas\u0131mpa\u015fa taraf\u0131ndan yap\u0131ld\u0131\u011f\u0131n\u0131 ve kasaba i\u00e7erisinde bulunan t\u00fcrbenin de Ertu\u011frul Gazi\u2019nin sancaktar\u0131 Kamer Ali Baba\u2019ya ait oldu\u011funu belirtmi\u015ftir. Nitekim Boz\u00fcy\u00fck tarihinde ilk defa tespit edilen Kamer Ali Baba T\u00fcrbesi Boz\u00fcy\u00fck ve y\u00f6resinin Osmanl\u0131\u2019n\u0131n kurulu\u015fundaki aktif rol\u00fcn\u00fc g\u00f6stermesi bak\u0131m\u0131ndan \u00f6nemlidir&#8221; ifadelerini kulland\u0131<\/p>\n","protected":false},"excerpt":{"rendered":"<p>BOZ\u00dcY\u00dcK\u2019TE HALK ARASINDA K\u00dcMBET T\u00dcRBE OLARAK B\u0130L\u0130NEN T\u00dcRBEN\u0130N ERTU\u011eRUL GAZ\u0130\u2019N\u0130N SANCAKTARI KAMER AL\u0130 BABA\u2019YA A\u0130T OLDU\u011eU \u0130DD\u0130A ED\u0130LD\u0130<\/p>\n","protected":false},"author":1,"featured_media":152124,"comment_status":"closed","ping_status":"open","sticky":false,"template":"","format":"standard","meta":{"jetpack_post_was_ever_published":false,"_jetpack_newsletter_access":"","_jetpack_dont_email_post_to_subs":false,"_jetpack_newsletter_tier_id":0,"_jetpack_memberships_contains_paywalled_content":false,"_jetpack_memberships_contains_paid_content":false,"footnotes":"","jetpack_publicize_message":"","jetpack_publicize_feature_enabled":true,"jetpack_social_post_already_shared":true,"jetpack_social_options":{"image_generator_settings":{"template":"highway","default_image_id":0,"font":"","enabled":false},"version":2}},"categories":[1],"tags":[1215,16483,1202,19051,12225,1974,1201,34533],"class_list":["post-152123","post","type-post","status-publish","format-standard","has-post-thumbnail","hentry","category-genel","tag-ait","tag-bozuyukteki","tag-cikti","tag-kime","tag-kumbet","tag-oldugu","tag-ortaya","tag-turbenin"],"jetpack_publicize_connections":[],"jetpack_featured_media_url":"https:\/\/i0.wp.com\/www.tvturk.com\/wp-content\/uploads\/2019\/05\/bozuyukteki-kumbet-turbenin-kime-ait-oldugu-ortaya-cikti_408e3af.jpg?fit=960%2C720","jetpack_sharing_enabled":true,"jetpack_shortlink":"https:\/\/wp.me\/paKIfm-DzB","_links":{"self":[{"href":"http:\/\/www.tvturk.com\/index.php\/wp-json\/wp\/v2\/posts\/152123","targetHints":{"allow":["GET"]}}],"collection":[{"href":"http:\/\/www.tvturk.com\/index.php\/wp-json\/wp\/v2\/posts"}],"about":[{"href":"http:\/\/www.tvturk.com\/index.php\/wp-json\/wp\/v2\/types\/post"}],"author":[{"embeddable":true,"href":"http:\/\/www.tvturk.com\/index.php\/wp-json\/wp\/v2\/users\/1"}],"replies":[{"embeddable":true,"href":"http:\/\/www.tvturk.com\/index.php\/wp-json\/wp\/v2\/comments?post=152123"}],"version-history":[{"count":0,"href":"http:\/\/www.tvturk.com\/index.php\/wp-json\/wp\/v2\/posts\/152123\/revisions"}],"wp:featuredmedia":[{"embeddable":true,"href":"http:\/\/www.tvturk.com\/index.php\/wp-json\/wp\/v2\/media\/152124"}],"wp:attachment":[{"href":"http:\/\/www.tvturk.com\/index.php\/wp-json\/wp\/v2\/media?parent=152123"}],"wp:term":[{"taxonomy":"category","embeddable":true,"href":"http:\/\/www.tvturk.com\/index.php\/wp-json\/wp\/v2\/categories?post=152123"},{"taxonomy":"post_tag","embeddable":true,"href":"http:\/\/www.tvturk.com\/index.php\/wp-json\/wp\/v2\/tags?post=152123"}],"curies":[{"name":"wp","href":"https:\/\/api.w.org\/{rel}","templated":true}]}}