{"id":152177,"date":"2019-05-03T12:04:15","date_gmt":"2019-05-03T09:04:15","guid":{"rendered":"http:\/\/www.tvturk.com\/index.php\/ozel-siyah-bocekler-sanliurfayi-esir-aldi\/"},"modified":"2019-05-03T12:04:15","modified_gmt":"2019-05-03T09:04:15","slug":"ozel-siyah-bocekler-sanliurfayi-esir-aldi","status":"publish","type":"post","link":"http:\/\/www.tvturk.com\/index.php\/ozel-siyah-bocekler-sanliurfayi-esir-aldi\/","title":{"rendered":"(\u00d6zel) Siyah b\u00f6cekler \u015eanl\u0131urfa\u2019y\u0131 esir ald\u0131"},"content":{"rendered":"<p>\u015eanl\u0131urfa\u2019da hemen hemen her yerde rastlanan ve uzmanlar taraf\u0131ndan &#8220;kara bit&#8221; olarak adland\u0131r\u0131lan kanatl\u0131 siyah b\u00f6cekler kenti esir ald\u0131. Vatanda\u015flar\u0131n s\u0131k s\u0131k \u015fikayet konusu haline getirdi\u011fi b\u00f6ceklerin, uzmanlara g\u00f6re gerekli tedbirler al\u0131nmazsa ya\u015fanan k\u00fcresel \u0131s\u0131nma ile pop\u00fclasyonlar\u0131n\u0131n giderek artaca\u011f\u0131 belirtildi.<\/p>\n<p>\u015eanl\u0131urfa\u2019da son g\u00fcnlerde vatanda\u015flar\u0131n s\u0131k s\u0131k \u015fikayet etti\u011fi siyah b\u00f6cekler, kentin neredeyse her noktas\u0131nda bulunuyor. Uzmanlar taraf\u0131ndan kara bit olarak adland\u0131r\u0131lan kanatl\u0131 siyah b\u00f6cekler kenti adeta esir ald\u0131. B\u00f6cekler, uzmanlara g\u00f6re gerekli tedbirler al\u0131nmazsa ya\u015fanan k\u00fcresel \u0131s\u0131nma ile daha da \u00e7o\u011falacak.<\/p>\n<p>Harran \u00dcniversitesi Biyoloji \u00d6\u011fretim \u00dcyesi ve Biyolojik Etkinlik Laboratuvar\u0131 Ara\u015ft\u0131rma ve Analiz Sorumlusu Dr. \u015eahin Toprak, ge\u00e7en y\u0131l b\u00f6cek pop\u00fclasyonu ile ilgili say\u0131lar\u0131nda ciddi bir art\u0131\u015f\u0131n ya\u015fanaca\u011f\u0131n\u0131 belirtmesine ra\u011fmen idarecilerin bunu dikkate al\u0131nmad\u0131\u011f\u0131n\u0131 \u00f6ne s\u00fcrd\u00fc. Ara\u015ft\u0131rma sorumlusu Toprak, bilim ad\u0131na b\u00f6cek pop\u00fclasyonu \u00fczerinde 10 y\u0131ld\u0131r ara\u015ft\u0131rma yapt\u0131klar\u0131n\u0131 belirterek, kent idarecilerini gerekli \u00f6nlemleri al\u0131nmas\u0131 noktas\u0131nda uyard\u0131. Toprak, gerekli \u00f6nlemlerin sadece kimyasallar ile de\u011fil, bilimin gerektirdi\u011fi y\u00f6ntemlerle yap\u0131lmas\u0131 gerekti\u011fini ifade etti.<\/p>\n<p>\u0130nsan sa\u011fl\u0131\u011f\u0131na hi\u00e7bir faydas\u0131 olmad\u0131\u011f\u0131 belirtilen b\u00f6ceklerin, \u00f6ld\u00fckten sonra bakteri olu\u015fturarak k\u00f6t\u00fc koku yayd\u0131\u011f\u0131 ve do\u011fada \u00f6zelikle bitki k\u00f6klerine ciddi hasarlar verebildi\u011fi ifade edildi. Uzmanlar \u00f6zellikle a\u015f\u0131r\u0131 ya\u011f\u0131\u015flar sonras\u0131 \u0131\u015f\u0131k, nem ve s\u0131cakl\u0131kla birlikte b\u00f6ceklerin 2-3 d\u00f6llenmeden 5-6 d\u00f6llenmeye kadar \u00e7o\u011falabildi\u011fini aktard\u0131. Vatanda\u015flar da \u00f6nlem al\u0131nmas\u0131n\u0131 istedi.<\/p>\n<p>\u201cHer yerde varlar\u201d<\/p>\n<p>Konuyla ilgili a\u00e7\u0131klamada bulunan Harran \u00dcniversitesi Biyoloji \u00d6\u011fretim \u00dcyesi ve Biyolojik Etkinlik Laboratuvar\u0131 Ara\u015ft\u0131rma ve Analiz Sorumlusu Dr. \u015eahin Toprak, a\u015f\u0131r\u0131 ya\u011f\u0131\u015flar sonras\u0131 s\u0131cakl\u0131k, nem ve \u0131\u015f\u0131\u011f\u0131n art\u0131\u015f\u0131 nedeniyle b\u00f6cek pop\u00fclasyonun yayg\u0131nla\u015ft\u0131\u011f\u0131n\u0131 belirti. Toprak, \u201cB\u00f6cek pop\u00fclasyonunun yayg\u0131nla\u015fmas\u0131 asl\u0131nda ge\u00e7en y\u0131l bekledi\u011fimiz bir durumdu. Yerel idarecileri ge\u00e7en y\u0131l bu konuda uyararak bilim insan\u0131 olarak g\u00f6revimizi yapm\u0131\u015ft\u0131k. Gelecek y\u0131lda olduk\u00e7a b\u00fcy\u00fck b\u00f6cek pop\u00fclasyonu bekledi\u011fimizi ifade etmi\u015ftim. Bu y\u0131lda bekledi\u011fimiz gibi b\u00f6cek pop\u00fclasyonu art\u0131\u015f\u0131 var. \u00d6zelikle kara bite de\u011fimiz b\u00f6cekler, bu y\u0131l beklenen de daha \u00e7ok pop\u00fclasyon art\u0131\u015f\u0131 var. Bu art\u0131\u015f\u0131n nedeni ise bir k\u00fcresel \u0131s\u0131nma art\u0131\u015f\u0131 oldu\u011fu i\u00e7indir. S\u0131cakl\u0131k, nem ve fotoperyok yani \u0131\u015f\u0131k oran\u0131n fazla olmas\u0131d\u0131r. Bu ko\u015fullar optimal d\u00fczeyde oldu\u011fu zaman inan\u0131lmaz bir pop\u00fclasyon b\u00fcy\u00fcmesi ger\u00e7ekle\u015fiyor. \u015euan da ya\u011fmurlarla beraber nem oran\u0131 y\u00fckseldi. Nem, s\u0131cakl\u0131k ve \u0131\u015f\u0131k bir araya gelince bu b\u00f6ce\u011fin pop\u00fclasyonunu \u00e7ok ciddi derecede art\u0131r\u0131yor\u201d dedi.<\/p>\n<p>\u201cK\u00fcresel \u0131s\u0131nma art\u0131yor\u201d<\/p>\n<p>K\u00fcresel \u0131s\u0131nman\u0131n art\u0131\u011f\u0131na dikkat \u00e7eken Toprak, \u201cD\u00fcnya genelinde b\u00f6cek pop\u00fclasyonu art\u0131yor. Bu y\u00fckseklik k\u00fcresel \u0131s\u0131nmadan kaynaklan\u0131yor. B\u00f6cekler belli s\u0131cakl\u0131k d\u00f6nemlerinde 2-3 d\u00f6l veriyorlar, s\u0131cakl\u0131k art\u0131nca bu say\u0131 5-6 d\u00f6le \u00e7\u0131k\u0131yor. Bizim i\u00e7in ku\u015faklar \u00f6nemlidir. \u015eanl\u0131urfa\u2019da b\u00f6cekler, nem ve bu s\u0131cakl\u0131k ko\u015fulunda normalden daha \u00e7ok ku\u015fak verecekler, bu da pop\u00fclasyon art\u0131\u015f\u0131n\u0131 sa\u011fl\u0131yor. Pop\u00fclasyon art\u0131\u015f\u0131 sadece kara bit familyas\u0131yla da ilgili de\u011fildir. Bu sivrisinek, tatarc\u0131k ve di\u011fer b\u00f6ceklerin art\u0131\u015f\u0131 da \u00e7ok fazla \u015eanl\u0131urfa\u2019da, bu art\u0131\u015fla ilgili \u00e7ok \u00f6nemli m\u00fccadele gerekiyor. Kara bit familyas\u0131n\u0131n insan sa\u011fl\u0131\u011f\u0131 a\u00e7\u0131s\u0131ndan \u00e7ok b\u00fcy\u00fck bir \u00f6nemi yoktur. \u00d6zellikle halk aras\u0131nda kara b\u00f6cek tabiriyle bitkilerin k\u00f6klerinde yerle\u015fince ciddi manada hasarlar verebilir. \u00c7ok ciddi bir \u015fekilde m\u00fccadele edilmesi gerekiyor. Harran \u00dcniversitesinde \u00f6zellikle Biyoloji B\u00f6l\u00fcm\u00fc olarak \u015eanl\u0131urfa\u2019da b\u00f6cek pop\u00fclasyonunu 10 y\u0131ld\u0131r takip ediyoruz. E\u011fer bize bu konuda talep olursa, bizde gereken bilgiyi ilgili kurumlara vermeye haz\u0131r\u0131z. \u00c7evresel rehabilitasyondan tutunda biyolojik m\u00fccadele, mekanik, fiziksel ve kimyasal m\u00fccadelenin koordineli bir \u015fekilde yap\u0131lmas\u0131 gerekiyor. Kimyasal ila\u00e7lamayla bu b\u00f6cekler yok edilmez. \u0130nsan sa\u011fl\u0131\u011f\u0131n\u0131 tehdit edecek \u015fekilde daha az a\u015fa\u011f\u0131 \u00e7ekme \u015fans\u0131m\u0131z yoktur. Bir entegre vekt\u00f6r organize edilmesi laz\u0131md\u0131r. Bunun i\u00e7inde \u00dcniversite dahil olmak \u00fczere, il sa\u011fl\u0131k m\u00fcd\u00fcrl\u00fc\u011f\u00fc, belediyeler ve valilik bir koordinasyon sa\u011flay\u0131p, \u00e7ok k\u00f6kl\u00fc bir \u015fekilde bu sorunu \u00e7\u00f6z\u00fcme kavu\u015fturabilir. Bilimde de bunun yeri vard\u0131r. Sadece b\u00f6cekleri \u00f6ld\u00fcrerek \u00e7\u00f6z\u00fcm istemiyoruz. \u00d6nemli olan insan, tar\u0131m ve \u00e7evre sa\u011fl\u0131\u011f\u0131na en az zarar verecek d\u00fczeye indirmek\u201d diye konu\u015ftu.<\/p>\n","protected":false},"excerpt":{"rendered":"<p>\u015eANLIURFA\u2019DA HEMEN HEMEN HER YERDE RASTLANAN VE UZMANLAR TARAFINDAN &#8220;KARA B\u0130T&#8221; OLARAK ADLANDIRILAN KANATLI S\u0130YAH B\u00d6CEKLER KENT\u0130 ES\u0130R ALDI. VATANDA\u015eLARIN SIK SIK \u015e\u0130KAYET KONUSU HAL\u0130NE GET\u0130RD\u0130\u011e\u0130 B\u00d6CEKLER\u0130N, UZMANLARA G\u00d6RE GEREKL\u0130 TEDB\u0130RLER ALINMAZSA YA\u015eANAN K\u00dcRESEL ISINMA \u0130LE POP\u00dcLASYONLARININ G\u0130DEREK ARTACA\u011eI BEL\u0130RT\u0130LD\u0130.<\/p>\n","protected":false},"author":1,"featured_media":152178,"comment_status":"closed","ping_status":"open","sticky":false,"template":"","format":"standard","meta":{"jetpack_post_was_ever_published":false,"_jetpack_newsletter_access":"","_jetpack_dont_email_post_to_subs":false,"_jetpack_newsletter_tier_id":0,"_jetpack_memberships_contains_paywalled_content":false,"_jetpack_memberships_contains_paid_content":false,"footnotes":"","jetpack_publicize_message":"","jetpack_publicize_feature_enabled":true,"jetpack_social_post_already_shared":true,"jetpack_social_options":{"image_generator_settings":{"template":"highway","default_image_id":0,"font":"","enabled":false},"version":2}},"categories":[1],"tags":[1073,1075,34547,10998,34548,1087],"class_list":["post-152177","post","type-post","status-publish","format-standard","has-post-thumbnail","hentry","category-genel","tag-ozel","tag-aldi","tag-bocekler","tag-esir","tag-sanliurfayi","tag-siyah"],"jetpack_publicize_connections":[],"jetpack_featured_media_url":"https:\/\/i0.wp.com\/www.tvturk.com\/wp-content\/uploads\/2019\/05\/ozel-siyah-bocekler-sanliurfayi-esir-aldi_023a778.jpg?fit=1000%2C666","jetpack_sharing_enabled":true,"jetpack_shortlink":"https:\/\/wp.me\/paKIfm-DAt","_links":{"self":[{"href":"http:\/\/www.tvturk.com\/index.php\/wp-json\/wp\/v2\/posts\/152177","targetHints":{"allow":["GET"]}}],"collection":[{"href":"http:\/\/www.tvturk.com\/index.php\/wp-json\/wp\/v2\/posts"}],"about":[{"href":"http:\/\/www.tvturk.com\/index.php\/wp-json\/wp\/v2\/types\/post"}],"author":[{"embeddable":true,"href":"http:\/\/www.tvturk.com\/index.php\/wp-json\/wp\/v2\/users\/1"}],"replies":[{"embeddable":true,"href":"http:\/\/www.tvturk.com\/index.php\/wp-json\/wp\/v2\/comments?post=152177"}],"version-history":[{"count":0,"href":"http:\/\/www.tvturk.com\/index.php\/wp-json\/wp\/v2\/posts\/152177\/revisions"}],"wp:featuredmedia":[{"embeddable":true,"href":"http:\/\/www.tvturk.com\/index.php\/wp-json\/wp\/v2\/media\/152178"}],"wp:attachment":[{"href":"http:\/\/www.tvturk.com\/index.php\/wp-json\/wp\/v2\/media?parent=152177"}],"wp:term":[{"taxonomy":"category","embeddable":true,"href":"http:\/\/www.tvturk.com\/index.php\/wp-json\/wp\/v2\/categories?post=152177"},{"taxonomy":"post_tag","embeddable":true,"href":"http:\/\/www.tvturk.com\/index.php\/wp-json\/wp\/v2\/tags?post=152177"}],"curies":[{"name":"wp","href":"https:\/\/api.w.org\/{rel}","templated":true}]}}