{"id":152201,"date":"2019-05-03T12:23:13","date_gmt":"2019-05-03T09:23:13","guid":{"rendered":"http:\/\/www.tvturk.com\/index.php\/karsta-bedelli-askerler-yemin-etti\/"},"modified":"2019-05-03T12:23:13","modified_gmt":"2019-05-03T09:23:13","slug":"karsta-bedelli-askerler-yemin-etti","status":"publish","type":"post","link":"http:\/\/www.tvturk.com\/index.php\/karsta-bedelli-askerler-yemin-etti\/","title":{"rendered":"Kars\u2019ta bedelli askerler yemin etti"},"content":{"rendered":"<p>Kars 14. Mekanize Tugay Komutanl\u0131\u011f\u0131\u2019nda 21 g\u00fcnl\u00fck e\u011fitimini tamamlayan 1\u2019inci d\u00f6nem bedelli askerler yemin etti.<\/p>\n<p>D\u00fczenlenen yemin t\u00f6renine Tugay Komutan\u0131 Tu\u011fgeneral \u00d6zg\u00fcr Nuhut, Tugay Komutanl\u0131\u011f\u0131 personeli ve askerlerin aileleri kat\u0131ld\u0131. Yemin t\u00f6renine kat\u0131lan asker aileleri zaman zamanda duygulu anlar ya\u015fad\u0131.<\/p>\n<p>Kars 14. Mekanize Tugay\u0131 Haf\u0131z Hakk\u0131 K\u0131\u015flas\u0131\u2019nda 241 bedelli asker i\u00e7in yemin t\u00f6reni d\u00fczenlendi. T\u00fcrk bayra\u011f\u0131na ve silaha el basarak yemin eden askerler, t\u00f6ren sonras\u0131 ge\u00e7i\u015f yapt\u0131.<\/p>\n<p>Kars\u2019ta 1. D\u00f6nem bedelli askerlerin yemin t\u00f6reninde konu\u015fan Tugay Komutan\u0131 Tu\u011fgeneral \u00d6zg\u00fcr Nuhut, \u201cBu g\u00fczel yurdumuz ve y\u00fcce T\u00fcrk milleti, 100 y\u0131llard\u0131r bizi yok etmek isteyenlerin hedefi haline gelmi\u015ftir. Bazen do\u011frudan ya da ter\u00f6r \u00f6rg\u00fctleri vas\u0131tas\u0131yla, bazen de d\u00fcnyan\u0131n  zengini olan k\u00fclt\u00fcr varl\u0131klar\u0131m\u0131za, de\u011ferlerimize sald\u0131r\u0131lar olmu\u015ftur. T\u00fcrkiye Cumhuriyeti\u2019nin b\u00fct\u00fcn bu sald\u0131r\u0131lara ra\u011fmen ilelebet payidar kalmas\u0131 sahip oldu\u011fumuz g\u00fczel vatan topraklar\u0131nda birlik ve beraberlik i\u00e7erisinde ya\u015famam\u0131z ve bu u\u011furda gerekirse can\u0131m\u0131z\u0131 seve seve verece\u011fimize inanmam\u0131za ba\u011fl\u0131d\u0131r. \u0130\u015fte bug\u00fcn ba\u011f\u0131ms\u0131zl\u0131\u011f\u0131m\u0131z simgesi al bayra\u011f\u0131m\u0131z ve \u015fanl\u0131 sanca\u011f\u0131m\u0131z\u0131n g\u00f6lgesinde g\u00fcr sesinizle i\u00e7ti\u011finiz and\u0131n\u0131z sadece en zor \u015fartlarda dair can vermekle kalmay\u0131p, ayn\u0131 zamanda T\u00fcrkiye Cumhuriyetine, vatan\u0131m\u0131za ve b\u00fcy\u00fck T\u00fcrk ulusuna hizmet etmekte sizlere daima rehber olacakt\u0131r. Bu yemini eden sizler her zaman ve her yerde milletimize ve Cumhuriyetimize hizmet edece\u011finize, askerli\u011fin namusunu T\u00fcrk Sanca\u011f\u0131n\u0131n \u015fan\u0131n\u0131 can\u0131n\u0131zdan aziz bilip gerekti\u011finde vatan, cumhuriyet ve vazife u\u011fruna seve seve \u015fehit olaca\u011f\u0131n\u0131za s\u00f6z verdiniz\u201d dedi.<\/p>\n<p>O\u011flunun yemin t\u00f6reninde kat\u0131lan \u0130nci Karabulut, \u00e7ok duyguland\u0131\u011f\u0131n\u0131 s\u00f6yledi. Karabulut, \u201c\u00c7ok duyguluyum, a\u011flayabilirim \u015fuanda, s\u00f6yleyecek s\u00f6z bulam\u0131yorum. \u0130lk defa askere g\u00f6nderdim. Avustralya\u2019dan geldi. Kars\u2019ta ilk bedelliymi\u015f. \u00c7ok duyguluyum. O kadar mutlu g\u00fczel bir \u015feymi\u015f ki, babas\u0131 gelemedi, ben temsilen geldim. Duygular\u0131m dorukta\u201d diye konu\u015ftu.<\/p>\n<p>Daha sonra e\u011fitimini ba\u015far\u0131yla tamamlayan askerler yemin t\u00f6reni sonras\u0131 aileleriyle bir araya gelen askerler g\u00f6zya\u015flar\u0131na hakim olamad\u0131lar.<\/p>\n<p>T\u00f6ren sonunda 14. Mekanize Tugay Komutan\u0131 Tu\u011fgeneral \u00d6zg\u00fcr Nuhut, askerler ve aileleriyle bir hat\u0131ra foto\u011fraf\u0131 \u00e7ektirdi.<\/p>\n","protected":false},"excerpt":{"rendered":"<p>KARS 14. MEKAN\u0130ZE TUGAY KOMUTANLI\u011eI\u2019NDA 21 G\u00dcNL\u00dcK E\u011e\u0130T\u0130M\u0130N\u0130 TAMAMLAYAN 1&#8217;\u0130NC\u0130 D\u00d6NEM BEDELL\u0130 ASKERLER YEM\u0130N ETT\u0130.<\/p>\n","protected":false},"author":1,"featured_media":152202,"comment_status":"closed","ping_status":"open","sticky":false,"template":"","format":"standard","meta":{"jetpack_post_was_ever_published":false,"_jetpack_newsletter_access":"","_jetpack_dont_email_post_to_subs":false,"_jetpack_newsletter_tier_id":0,"_jetpack_memberships_contains_paywalled_content":false,"_jetpack_memberships_contains_paid_content":false,"footnotes":"","jetpack_publicize_message":"","jetpack_publicize_feature_enabled":true,"jetpack_social_post_already_shared":true,"jetpack_social_options":{"image_generator_settings":{"template":"highway","default_image_id":0,"font":"","enabled":false},"version":2}},"categories":[1],"tags":[2811,2810,207,4550,5575],"class_list":["post-152201","post","type-post","status-publish","format-standard","has-post-thumbnail","hentry","category-genel","tag-askerler","tag-bedelli","tag-etti","tag-karsta","tag-yemin"],"jetpack_publicize_connections":[],"jetpack_featured_media_url":"https:\/\/i0.wp.com\/www.tvturk.com\/wp-content\/uploads\/2019\/05\/karsta-bedelli-askerler-yemin-etti_fe81225.jpg?fit=1000%2C664","jetpack_sharing_enabled":true,"jetpack_shortlink":"https:\/\/wp.me\/paKIfm-DAR","_links":{"self":[{"href":"http:\/\/www.tvturk.com\/index.php\/wp-json\/wp\/v2\/posts\/152201","targetHints":{"allow":["GET"]}}],"collection":[{"href":"http:\/\/www.tvturk.com\/index.php\/wp-json\/wp\/v2\/posts"}],"about":[{"href":"http:\/\/www.tvturk.com\/index.php\/wp-json\/wp\/v2\/types\/post"}],"author":[{"embeddable":true,"href":"http:\/\/www.tvturk.com\/index.php\/wp-json\/wp\/v2\/users\/1"}],"replies":[{"embeddable":true,"href":"http:\/\/www.tvturk.com\/index.php\/wp-json\/wp\/v2\/comments?post=152201"}],"version-history":[{"count":0,"href":"http:\/\/www.tvturk.com\/index.php\/wp-json\/wp\/v2\/posts\/152201\/revisions"}],"wp:featuredmedia":[{"embeddable":true,"href":"http:\/\/www.tvturk.com\/index.php\/wp-json\/wp\/v2\/media\/152202"}],"wp:attachment":[{"href":"http:\/\/www.tvturk.com\/index.php\/wp-json\/wp\/v2\/media?parent=152201"}],"wp:term":[{"taxonomy":"category","embeddable":true,"href":"http:\/\/www.tvturk.com\/index.php\/wp-json\/wp\/v2\/categories?post=152201"},{"taxonomy":"post_tag","embeddable":true,"href":"http:\/\/www.tvturk.com\/index.php\/wp-json\/wp\/v2\/tags?post=152201"}],"curies":[{"name":"wp","href":"https:\/\/api.w.org\/{rel}","templated":true}]}}