{"id":152251,"date":"2019-05-03T13:09:16","date_gmt":"2019-05-03T10:09:16","guid":{"rendered":"http:\/\/www.tvturk.com\/index.php\/kiziyla-mezun-olan-anne-o-dogduktan-sonra-hep-yuksek-not-aldim\/"},"modified":"2019-05-03T13:09:16","modified_gmt":"2019-05-03T10:09:16","slug":"kiziyla-mezun-olan-anne-o-dogduktan-sonra-hep-yuksek-not-aldim","status":"publish","type":"post","link":"http:\/\/www.tvturk.com\/index.php\/kiziyla-mezun-olan-anne-o-dogduktan-sonra-hep-yuksek-not-aldim\/","title":{"rendered":"K\u0131z\u0131yla mezun olan anne: \u201cO do\u011fduktan sonra hep y\u00fcksek not ald\u0131m\u201d"},"content":{"rendered":"<p>Nam\u0131k Kemal \u00dcniversitesinde e\u011fitim g\u00f6ren 35 ya\u015f\u0131ndaki Kibar \u00dcnal, \u00fcniversite okurken d\u00fcnyaya gelen bebe\u011fiyle mezun olarak, evlili\u011fin ve \u00e7ocuk do\u011furman\u0131n e\u011fitim ve kariyer hayat\u0131na engel olmayaca\u011f\u0131n\u0131 kan\u0131tlad\u0131. K\u0131z\u0131yla mezun olan anne \u00dcnal, \u201cK\u0131z\u0131m bereketiyle geldi. O do\u011fduktan sonra hep y\u00fcksek not ald\u0131m\u201d dedi.<\/p>\n<p>Tekirda\u011f Nam\u0131k Kemal \u00dcniversitesinde (NK\u00dc) 4 bin 500 \u00f6\u011frenci, 2018-2019 akademik y\u0131l\u0131nda mezun olman\u0131n heyecan\u0131n\u0131 ya\u015fad\u0131. Nam\u0131k Kemal \u00dcniversitesi Stad\u0131\u2019nda ger\u00e7ekle\u015ftirilen mezuniyet t\u00f6renine 4 bin 500 \u00f6\u011frenci ve yetkililerin yan\u0131 s\u0131ra, NK\u00dc Fen Edebiyat Fak\u00fcltesi Alman Dili ve Edebiyat\u0131 B\u00f6l\u00fcm\u00fcnden mezun olan 35 ya\u015f\u0131ndaki Kibar \u00dcnal, 1 ya\u015f\u0131ndaki k\u0131z\u0131 Erva ile mezuniyet k\u0131yafeti giyerek mezuniyet t\u00f6renine kat\u0131ld\u0131. Mezuniyet t\u00f6reninde anne ve minik k\u0131z\u0131 di\u011fer \u00f6\u011frencilerin de ilgi oda\u011f\u0131 oldu.<\/p>\n<p>\u201cDo\u011fduktan sonra hep y\u00fcksek not ald\u0131m\u201d<\/p>\n<p>Kep f\u0131rlatma merasiminden sonra kameralara konu\u015fan Kibar \u00dcnal, &#8220;Haz\u0131rl\u0131k d\u00f6neminde evlendim. Daha sonra Erasmus\u2019la Almanya\u2019ya gidip geldim. Almanya\u2019dan geldikten sonra \u00e7ocu\u011fa niyetlendik. Allah k\u0131smet etti ve bir tane k\u0131z\u0131m\u0131z oldu. Bu sene de mezun oldum. K\u0131z\u0131mla beraber mezuniyete kat\u0131ld\u0131m \u00e7ok g\u00fczel bir duygu bu. \u0130lk bebek oldu\u011funda \u00e7ok endi\u015feliydim bebekle, okul ikisi bir arada gitmez diyordum. K\u0131z\u0131m oldu\u011fu d\u00f6nemde, normal d\u00f6nemden daha y\u00fcksek notlar ald\u0131m. K\u0131z\u0131m bereketiyle geldi. O do\u011fduktan sonra hep y\u00fcksek not ald\u0131m&#8221; dedi.<\/p>\n","protected":false},"excerpt":{"rendered":"<p>NAMIK KEMAL \u00dcN\u0130VERS\u0130TES\u0130NDE E\u011e\u0130T\u0130M G\u00d6REN 35 YA\u015eINDAK\u0130 K\u0130BAR \u00dcNAL, \u00dcN\u0130VERS\u0130TE OKURKEN D\u00dcNYAYA GELEN BEBE\u011e\u0130YLE MEZUN OLARAK, EVL\u0130L\u0130\u011e\u0130N VE \u00c7OCUK DO\u011eURMANIN E\u011e\u0130T\u0130M VE KAR\u0130YER HAYATINA ENGEL OLMAYACA\u011eINI KANITLADI.<\/p>\n","protected":false},"author":1,"featured_media":152252,"comment_status":"closed","ping_status":"open","sticky":false,"template":"","format":"standard","meta":{"jetpack_post_was_ever_published":false,"_jetpack_newsletter_access":"","_jetpack_dont_email_post_to_subs":false,"_jetpack_newsletter_tier_id":0,"_jetpack_memberships_contains_paywalled_content":false,"_jetpack_memberships_contains_paid_content":false,"footnotes":"","jetpack_publicize_message":"","jetpack_publicize_feature_enabled":true,"jetpack_social_post_already_shared":true,"jetpack_social_options":{"image_generator_settings":{"template":"highway","default_image_id":0,"font":"","enabled":false},"version":2}},"categories":[1],"tags":[13963,14120,5582,34579,4864,32899,8906,8375,572,2022,3448],"class_list":["post-152251","post","type-post","status-publish","format-standard","has-post-thumbnail","hentry","category-genel","tag-o","tag-aldim","tag-anne","tag-dogduktan","tag-hep","tag-kiziyla","tag-mezun","tag-not","tag-olan","tag-sonra","tag-yuksek"],"jetpack_publicize_connections":[],"jetpack_featured_media_url":"https:\/\/i0.wp.com\/www.tvturk.com\/wp-content\/uploads\/2019\/05\/kiziyla-mezun-olan-anne-o-dogduktan-sonra-hep-yuksek-not-aldim_83c207f.jpg?fit=1000%2C662","jetpack_sharing_enabled":true,"jetpack_shortlink":"https:\/\/wp.me\/paKIfm-DBF","_links":{"self":[{"href":"http:\/\/www.tvturk.com\/index.php\/wp-json\/wp\/v2\/posts\/152251","targetHints":{"allow":["GET"]}}],"collection":[{"href":"http:\/\/www.tvturk.com\/index.php\/wp-json\/wp\/v2\/posts"}],"about":[{"href":"http:\/\/www.tvturk.com\/index.php\/wp-json\/wp\/v2\/types\/post"}],"author":[{"embeddable":true,"href":"http:\/\/www.tvturk.com\/index.php\/wp-json\/wp\/v2\/users\/1"}],"replies":[{"embeddable":true,"href":"http:\/\/www.tvturk.com\/index.php\/wp-json\/wp\/v2\/comments?post=152251"}],"version-history":[{"count":0,"href":"http:\/\/www.tvturk.com\/index.php\/wp-json\/wp\/v2\/posts\/152251\/revisions"}],"wp:featuredmedia":[{"embeddable":true,"href":"http:\/\/www.tvturk.com\/index.php\/wp-json\/wp\/v2\/media\/152252"}],"wp:attachment":[{"href":"http:\/\/www.tvturk.com\/index.php\/wp-json\/wp\/v2\/media?parent=152251"}],"wp:term":[{"taxonomy":"category","embeddable":true,"href":"http:\/\/www.tvturk.com\/index.php\/wp-json\/wp\/v2\/categories?post=152251"},{"taxonomy":"post_tag","embeddable":true,"href":"http:\/\/www.tvturk.com\/index.php\/wp-json\/wp\/v2\/tags?post=152251"}],"curies":[{"name":"wp","href":"https:\/\/api.w.org\/{rel}","templated":true}]}}