{"id":152371,"date":"2019-05-03T15:12:52","date_gmt":"2019-05-03T12:12:52","guid":{"rendered":"http:\/\/www.tvturk.com\/index.php\/bakan-kasapoglu-milli-haltercileri-kabul-etti\/"},"modified":"2019-05-03T15:12:52","modified_gmt":"2019-05-03T12:12:52","slug":"bakan-kasapoglu-milli-haltercileri-kabul-etti","status":"publish","type":"post","link":"http:\/\/www.tvturk.com\/index.php\/bakan-kasapoglu-milli-haltercileri-kabul-etti\/","title":{"rendered":"Bakan Kasapo\u011flu, milli haltercileri kabul etti"},"content":{"rendered":"<p>Gen\u00e7lik ve Spor Bakan\u0131 Dr. Mehmet Muharrem Kasapo\u011flu, G\u00fcrcistan\u2019da d\u00fczenlenen B\u00fcy\u00fckler Avrupa Halter \u015eampiyonas\u0131 ile ABD\u2019de yap\u0131lan Y\u0131ld\u0131zlar D\u00fcnya Halter \u015eampiyonas\u0131\u2019nda madalya kazanan sporcular\u0131 makam\u0131nda kabul etti.<\/p>\n<p>Gen\u00e7lik ve Spor Bakan\u0131 Dr. Mehmet Muharrem Kasapo\u011flu, G\u00fcrcistan\u2019\u0131n Batum \u015fehrinde d\u00fczenlenen B\u00fcy\u00fckler Avrupa Halter \u015eampiyonas\u0131\u2019nda 3\u2019\u00fc alt\u0131n, 6\u2019s\u0131 g\u00fcm\u00fc\u015f, 5\u2019i bronz olmak \u00fczere 14 madalya kazanan sporcular ile Amerika Birle\u015fik Devletleri\u2019nin Las Vegas eyaletinde yap\u0131lan Y\u0131ld\u0131zlar D\u00fcnya Halter \u015eampiyonas\u0131\u2019ndan 9\u2019u alt\u0131n, 3\u2019\u00fc g\u00fcm\u00fc\u015f ve 8\u2019i bronz olmak \u00fczere toplam 20 madalya ile d\u00f6nen Milli Halterciler ile makam\u0131nda bir araya geldi.<\/p>\n<p>Bakanl\u0131k Merkez binada ger\u00e7ekle\u015fen kabulde, Halter Federasyonu Ba\u015fkan\u0131 Tamer Ta\u015fp\u0131nar ve antren\u00f6rler de yer ald\u0131.<\/p>\n<p>&#8220;Naim S\u00fcleymano\u011flu gibi efsaneleri \u00e7o\u011faltmak durumunday\u0131z&#8221;<\/p>\n<p>Milli Sporcular\u0131 elde ettikleri ba\u015far\u0131lardan dolay\u0131 tekrar tebrik eden Bakan Kasapo\u011flu, &#8220;Sizleri yak\u0131ndan takip ediyorum. 2020 Tokyo Olimpiyatlar\u0131na giden yolda sizlerle daha s\u0131k bir araya gelece\u011fiz. Halter bran\u015f\u0131ndaki geli\u015fmeleri olumlu g\u00f6r\u00fcyorum. Milli tak\u0131mda gen\u00e7le\u015fme var. Bu gen\u00e7le\u015fme ile ciddi bir ivme yakaland\u0131. Bakanl\u0131k olarak sizlerin yan\u0131nday\u0131z. Halter bizim en \u00e7ok \u00fcmidimiz olan bran\u015flardan biri&#8221; \u015feklinde konu\u015ftu.<\/p>\n<p>2020 Tokyo Olimpiyatlar\u0131\u2019na do\u011fru \u00f6nemli bir s\u00fcre\u00e7te i\u00e7erisinde olduklar\u0131n\u0131 vurgulayan Bakan Kasapo\u011flu, &#8220;\u0130n\u015fallah \u00e7ok b\u00fcy\u00fck ba\u015far\u0131lara sizlerle birlikte imza ataca\u011f\u0131z. Olimpiyatlarda sizlerden \u00e7ok \u00fcmitliyiz. Naim S\u00fcleymano\u011flu gibi efsaneleri \u00e7o\u011faltmak durumunday\u0131z. Sizlerin de yeni efsaneler olmaman\u0131z i\u00e7in hi\u00e7bir neden yok. Her t\u00fcrl\u00fc imkan var. Bunlar\u0131 de\u011ferlendirece\u011fiz. Bizler de bakanl\u0131k olarak sizlerin yan\u0131n\u0131zda olaca\u011f\u0131z. Kap\u0131m\u0131z, g\u00f6nl\u00fcm\u00fcz sizlere her zaman a\u00e7\u0131k. Sizlere \u00e7al\u0131\u015fmalar\u0131n\u0131zda ba\u015far\u0131lar diliyorum&#8221; diye konu\u015ftu.<\/p>\n<p>Federasyon Ba\u015fkan\u0131 Tamer Ta\u015fp\u0131nar, sporcular ve antren\u00f6rlerle sohbet ederek taleplerini dinleyen Bakan Kasapo\u011flu, daha sonra konuklara hediyeler verdi.<\/p>\n","protected":false},"excerpt":{"rendered":"<p>GEN\u00c7L\u0130K VE SPOR BAKANI DR. MEHMET MUHARREM KASAPO\u011eLU, G\u00dcRC\u0130STAN\u2019DA D\u00dcZENLENEN B\u00dcY\u00dcKLER AVRUPA HALTER \u015eAMP\u0130YONASI \u0130LE ABD\u2019DE YAPILAN YILDIZLAR D\u00dcNYA HALTER \u015eAMP\u0130YONASI\u2019NDA MADALYA KAZANAN SPORCULARI MAKAMINDA KABUL ETT\u0130.<\/p>\n","protected":false},"author":1,"featured_media":152372,"comment_status":"closed","ping_status":"open","sticky":false,"template":"","format":"standard","meta":{"jetpack_post_was_ever_published":false,"_jetpack_newsletter_access":"","_jetpack_dont_email_post_to_subs":false,"_jetpack_newsletter_tier_id":0,"_jetpack_memberships_contains_paywalled_content":false,"_jetpack_memberships_contains_paid_content":false,"footnotes":"","jetpack_publicize_message":"","jetpack_publicize_feature_enabled":true,"jetpack_social_post_already_shared":true,"jetpack_social_options":{"image_generator_settings":{"template":"highway","default_image_id":0,"font":"","enabled":false},"version":2}},"categories":[657],"tags":[742,207,18265,654,3823,429],"class_list":["post-152371","post","type-post","status-publish","format-standard","has-post-thumbnail","hentry","category-spor","tag-bakan","tag-etti","tag-haltercileri","tag-kabul","tag-kasapoglu","tag-milli"],"jetpack_publicize_connections":[],"jetpack_featured_media_url":"https:\/\/i0.wp.com\/www.tvturk.com\/wp-content\/uploads\/2019\/05\/bakan-kasapoglu-milli-haltercileri-kabul-etti_966b734.jpg?fit=1000%2C786","jetpack_sharing_enabled":true,"jetpack_shortlink":"https:\/\/wp.me\/paKIfm-DDB","_links":{"self":[{"href":"http:\/\/www.tvturk.com\/index.php\/wp-json\/wp\/v2\/posts\/152371","targetHints":{"allow":["GET"]}}],"collection":[{"href":"http:\/\/www.tvturk.com\/index.php\/wp-json\/wp\/v2\/posts"}],"about":[{"href":"http:\/\/www.tvturk.com\/index.php\/wp-json\/wp\/v2\/types\/post"}],"author":[{"embeddable":true,"href":"http:\/\/www.tvturk.com\/index.php\/wp-json\/wp\/v2\/users\/1"}],"replies":[{"embeddable":true,"href":"http:\/\/www.tvturk.com\/index.php\/wp-json\/wp\/v2\/comments?post=152371"}],"version-history":[{"count":0,"href":"http:\/\/www.tvturk.com\/index.php\/wp-json\/wp\/v2\/posts\/152371\/revisions"}],"wp:featuredmedia":[{"embeddable":true,"href":"http:\/\/www.tvturk.com\/index.php\/wp-json\/wp\/v2\/media\/152372"}],"wp:attachment":[{"href":"http:\/\/www.tvturk.com\/index.php\/wp-json\/wp\/v2\/media?parent=152371"}],"wp:term":[{"taxonomy":"category","embeddable":true,"href":"http:\/\/www.tvturk.com\/index.php\/wp-json\/wp\/v2\/categories?post=152371"},{"taxonomy":"post_tag","embeddable":true,"href":"http:\/\/www.tvturk.com\/index.php\/wp-json\/wp\/v2\/tags?post=152371"}],"curies":[{"name":"wp","href":"https:\/\/api.w.org\/{rel}","templated":true}]}}