{"id":152401,"date":"2019-05-03T15:44:09","date_gmt":"2019-05-03T12:44:09","guid":{"rendered":"http:\/\/www.tvturk.com\/index.php\/eski-tbmm-baskani-cicek-imam-i-azam-mescidinin-acilisini-yapti\/"},"modified":"2019-05-03T15:44:09","modified_gmt":"2019-05-03T12:44:09","slug":"eski-tbmm-baskani-cicek-imam-i-azam-mescidinin-acilisini-yapti","status":"publish","type":"post","link":"http:\/\/www.tvturk.com\/index.php\/eski-tbmm-baskani-cicek-imam-i-azam-mescidinin-acilisini-yapti\/","title":{"rendered":"Eski TBMM Ba\u015fkan\u0131 \u00c7i\u00e7ek, \u0130mam-\u0131 Azam Mescidi\u2019nin a\u00e7\u0131l\u0131\u015f\u0131n\u0131 yapt\u0131"},"content":{"rendered":"<p>Eski TBMM Ba\u015fkan\u0131 Cemil \u00c7i\u00e7ek, \u201cE\u011fer bu M\u00fcsl\u00fcman milletin bug\u00fcn ya\u015fayanlar\u0131 \u0130mam-\u0131 Maturidi ve \u0130mam-\u0131 Azam\u2019\u0131 iyi anlayabilseydik 15 Temmuz denilen kepazeli\u011fi, z\u0131nd\u0131k darbe giri\u015fimini ya\u015famazd\u0131k\u201d dedi.<\/p>\n<p>Yenilenen \u0130mam-\u0131 Azam Mescidi, eski TBMM Ba\u015fkan\u0131 Cemil \u00c7i\u00e7ek taraf\u0131ndan ibadete a\u00e7\u0131ld\u0131. Yenilenerek \u0130mam-\u0131 Azam ad\u0131 verilen mescitte ilk cuma namaz\u0131n\u0131 ise \u0130l M\u00fcft\u00fcs\u00fc Salih Sezik k\u0131ld\u0131rd\u0131. A\u00e7\u0131l\u0131\u015fta konu\u015fan \u00c7i\u00e7ek, T\u00fcrk-\u0130slam k\u00fclt\u00fcr ve medeniyetinin \u00f6z\u00fcnde camiler ve mescitlerin oldu\u011funu s\u00f6yleyerek, \u201cEvvela bug\u00fcn biz burada sadece bir mescit a\u00e7m\u0131yoruz. Bizim bin y\u0131ll\u0131k Anadolu\u2019da bir ge\u00e7mi\u015fimiz var. Anadolu\u2019ya da ba\u015fka bir co\u011frafyadan geldik. Bizim hem Orta Asya\u2019da Mavera\u00fcnnehir\u2019de, Semerkant\u2019ta, Horasan\u2019da, daha sonra da Anadolu\u2019da in\u015fa etti\u011fimiz medeniyetimizin, k\u00fclt\u00fcr\u00fcm\u00fcz\u00fcn \u00f6z\u00fcnde camiler ve mescitler vard\u0131r. Dolay\u0131s\u0131yla bizim medeniyetimizin ve k\u00fclt\u00fcr\u00fcm\u00fcz\u00fcn merkezinde bu camiler ve mescitler var. Buras\u0131 sadece secde edilen yer de\u011fil, ayn\u0131 zamanda din ad\u0131na neyi biliyorsak b\u00fcy\u00fck \u00f6l\u00e7\u00fcde buralarda \u00f6\u011frendik. Biz sadece bir mescit a\u00e7m\u0131\u015f olmuyoruz. Halk\u0131m\u0131z\u0131n, insan\u0131m\u0131z\u0131n e\u011fitildi\u011fi bir merkezi de bir vesile ile b\u00fcnyemize katm\u0131\u015f oluyoruz\u201d dedi.<\/p>\n<p>\u00c7i\u00e7ek, konu\u015fmalar\u0131n\u0131 \u015f\u00f6yle s\u00fcrd\u00fcrd\u00fc:<\/p>\n<p>\u201cYeri gelmi\u015fken hep ifade ettim. E\u011fer bu millet, bu M\u00fcsl\u00fcman milletin bug\u00fcn ya\u015fayanlar\u0131 \u0130mam-\u0131 Azam\u2019\u0131 iyi anlayabilseydik, \u0130mam-\u0131 Maturidi\u2019yi iyi anlayabilseydik 15 Temmuz denilen kepazeli\u011fi, z\u0131nd\u0131k darbe giri\u015fimini ya\u015famazd\u0131k. Biz maalesef k\u00fclt\u00fcr\u00fcm\u00fcz\u00fcn k\u00f6\u015fe ta\u015f\u0131 olan dini bilgimizin en \u00f6nemli kaynaklar\u0131n\u0131 te\u015fkil eden bu insanlar\u0131 do\u011fru d\u00fczg\u00fcn \u00f6\u011frenemedik. Sadece \u00e7o\u011fumuz ismini hat\u0131rlad\u0131k\u201d \u015feklinde konu\u015ftu.<\/p>\n<p>Yozgat Valisi Kadir \u00c7ak\u0131r ise \u0130mam-\u0131 Azam Mescidi\u2019nin hay\u0131rl\u0131 olmas\u0131 dile\u011finde bulundu.<\/p>\n<p>Konu\u015fmalar\u0131n ard\u0131ndan Vali Kadir \u00c7ak\u0131r, eski TBMM Ba\u015fkan\u0131 Cemil \u00c7i\u00e7ek, Belediye Ba\u015fkan\u0131 Celal K\u00f6se, eski \u0130\u00e7i\u015fleri Bakanlar\u0131ndan Abdulkadir Aksu, eski OHAL Valisi Necati \u00c7etinkaya, Alt\u0131nda\u011f Belediye Ba\u015fkan\u0131 Veysel Tiryaki ile birlikte mescidin a\u00e7\u0131l\u0131\u015f\u0131n\u0131 ger\u00e7ekle\u015ftirdi.<\/p>\n","protected":false},"excerpt":{"rendered":"<p>YEN\u0130LENEN \u0130MAM-I AZAM MESC\u0130D\u0130, ESK\u0130 TBMM BA\u015eKANI CEM\u0130L \u00c7\u0130\u00c7EK TARAFINDAN \u0130BADETE A\u00c7ILDI.<\/p>\n","protected":false},"author":1,"featured_media":152402,"comment_status":"closed","ping_status":"open","sticky":false,"template":"","format":"standard","meta":{"jetpack_post_was_ever_published":false,"_jetpack_newsletter_access":"","_jetpack_dont_email_post_to_subs":false,"_jetpack_newsletter_tier_id":0,"_jetpack_memberships_contains_paywalled_content":false,"_jetpack_memberships_contains_paid_content":false,"footnotes":"","jetpack_publicize_message":"","jetpack_publicize_feature_enabled":true,"jetpack_social_post_already_shared":true,"jetpack_social_options":{"image_generator_settings":{"template":"highway","default_image_id":0,"font":"","enabled":false},"version":2}},"categories":[1],"tags":[7647,34634,216,1654,1123,34633,34635,3424,292],"class_list":["post-152401","post","type-post","status-publish","format-standard","has-post-thumbnail","hentry","category-genel","tag-acilisini","tag-azam","tag-baskani","tag-cicek","tag-eski","tag-imam-i","tag-mescidinin","tag-tbmm","tag-yapti"],"jetpack_publicize_connections":[],"jetpack_featured_media_url":"https:\/\/i0.wp.com\/www.tvturk.com\/wp-content\/uploads\/2019\/05\/eski-tbmm-baskani-cicek-imam-i-azam-mescidinin-acilisini-yapti_0a3d5b3.jpg?fit=1000%2C666","jetpack_sharing_enabled":true,"jetpack_shortlink":"https:\/\/wp.me\/paKIfm-DE5","_links":{"self":[{"href":"http:\/\/www.tvturk.com\/index.php\/wp-json\/wp\/v2\/posts\/152401","targetHints":{"allow":["GET"]}}],"collection":[{"href":"http:\/\/www.tvturk.com\/index.php\/wp-json\/wp\/v2\/posts"}],"about":[{"href":"http:\/\/www.tvturk.com\/index.php\/wp-json\/wp\/v2\/types\/post"}],"author":[{"embeddable":true,"href":"http:\/\/www.tvturk.com\/index.php\/wp-json\/wp\/v2\/users\/1"}],"replies":[{"embeddable":true,"href":"http:\/\/www.tvturk.com\/index.php\/wp-json\/wp\/v2\/comments?post=152401"}],"version-history":[{"count":0,"href":"http:\/\/www.tvturk.com\/index.php\/wp-json\/wp\/v2\/posts\/152401\/revisions"}],"wp:featuredmedia":[{"embeddable":true,"href":"http:\/\/www.tvturk.com\/index.php\/wp-json\/wp\/v2\/media\/152402"}],"wp:attachment":[{"href":"http:\/\/www.tvturk.com\/index.php\/wp-json\/wp\/v2\/media?parent=152401"}],"wp:term":[{"taxonomy":"category","embeddable":true,"href":"http:\/\/www.tvturk.com\/index.php\/wp-json\/wp\/v2\/categories?post=152401"},{"taxonomy":"post_tag","embeddable":true,"href":"http:\/\/www.tvturk.com\/index.php\/wp-json\/wp\/v2\/tags?post=152401"}],"curies":[{"name":"wp","href":"https:\/\/api.w.org\/{rel}","templated":true}]}}