{"id":152407,"date":"2019-05-03T15:47:15","date_gmt":"2019-05-03T12:47:15","guid":{"rendered":"http:\/\/www.tvturk.com\/index.php\/cukurcada-foto-safari\/"},"modified":"2019-05-03T15:47:15","modified_gmt":"2019-05-03T12:47:15","slug":"cukurcada-foto-safari","status":"publish","type":"post","link":"http:\/\/www.tvturk.com\/index.php\/cukurcada-foto-safari\/","title":{"rendered":"\u00c7ukurca\u2019da Foto Safari"},"content":{"rendered":"<p>Hakkari\u2019nin \u00c7ukurca il\u00e7esinde bu y\u0131l ikincisi d\u00fczenlenen \u2019Foto Safari ve Do\u011fa Sporlar\u0131 Festivali\u2019 renkli g\u00f6r\u00fcnt\u00fclere sahne oldu.<\/p>\n<p>Hakkari Valili\u011fi, \u00c7ukurca Kaymakaml\u0131\u011f\u0131, \u00c7ukurca Belediyesi ve Do\u011fu Anadolu Kalk\u0131nma Ajans\u0131n\u0131n (DAKA) deste\u011fiyle d\u00fczenlenen festival, d\u00fcn ba\u015flad\u0131. Bu y\u0131l ikincisi d\u00fczenlenen festival kapsam\u0131nda, T\u00fcrkiye\u2019nin \u00e7e\u015fitli kentlerinden gelen do\u011faseverler ve foto\u011fraf\u00e7\u0131lar il\u00e7eyi kar\u0131\u015f kar\u0131\u015f geziyor. Festivalin birinci g\u00fcn\u00fcnde kay\u0131t yapt\u0131ran kat\u0131l\u0131mc\u0131lar, ikinci g\u00fcn\u00fcnde ise b\u00f6lgeye a\u00e7\u0131larak do\u011fan\u0131n muhte\u015fem g\u00f6r\u00fcnt\u00fcs\u00fcn\u00fc foto\u011fraflamaya \u00e7al\u0131\u015ft\u0131.<\/p>\n<p>\u00c7ocuk Tepesi\u2019nden atlay\u0131\u015flar yapan yama\u00e7 para\u015f\u00fct\u00e7\u00fcleri ise g\u00f6ky\u00fcz\u00fcne renk katt\u0131. Festivalde yama\u00e7 para\u015f\u00fct\u00fc, da\u011f t\u0131rman\u0131\u015f\u0131, rafting, paintball, trekking, Paintball T\u00fcrkiye \u015eampiyonas\u0131 1. Ayak M\u00fcsabakas\u0131 gibi 12 farkl\u0131 kategoride etkinlikler d\u00fczenlenecek.<\/p>\n<p>Festival i\u00e7in bir\u00e7ok do\u011fasever, \u00fcnl\u00fc foto\u011fraf\u00e7\u0131 ile da\u011fc\u0131n\u0131n geldi\u011fi il\u00e7ede, misafirhane ve pansiyonlar tamamen dolarken, bir\u00e7ok kat\u0131l\u0131mc\u0131 ise vatanda\u015flar\u0131n evine konuk oldu.<\/p>\n<p>Festivale Ankara\u2019dan gelen Abdurrahman Kurt, 7 arkada\u015f\u0131yla \u00c7ukurca Foto Safari ve Do\u011fa Sporlar\u0131 Festivali\u2019ne kat\u0131ld\u0131\u011f\u0131n\u0131 s\u00f6yledi. Kurt, \u201cBuradaki ortam \u00e7ok g\u00fczel. Hele ki do\u011fas\u0131 bir ba\u015fka g\u00fczel. B\u00f6lgede g\u00fcvenlik sorunu da yok. Zap Vadisi endemik bitki \u00f6rt\u00fcs\u00fcyle dikkat \u00e7ekiyor. Buraya foto\u011fraf\u00e7\u0131 dostlar\u0131 ve t\u00fcm turistleri bekleriz\u201d diye konu\u015ftu.<\/p>\n<p>\u0130zmir\u2019den gelen Muhammed T\u00fcrkeri ise \u00c7ukurca\u2019y\u0131 \u00e7ok be\u011fendi\u011fini ve insanlar\u0131n\u0131n s\u0131cakkanl\u0131 oldu\u011funu dile getirdi.<\/p>\n<p>\u0130\u00e7i\u015fleri Bakan\u0131 S\u00fcleyman Soylu\u2019nun da kat\u0131lmas\u0131 beklenen festivalde, foto\u011fraf dal\u0131nda dereceye giren foto\u011fraf\u00e7\u0131lara \u00e7e\u015fitli \u00f6d\u00fcller verilece\u011fi \u00f6\u011frenildi.<\/p>\n","protected":false},"excerpt":{"rendered":"<p>HAKKAR\u0130&#8217;N\u0130N \u00c7UKURCA \u0130L\u00c7ES\u0130NDE BU YIL \u0130K\u0130NC\u0130S\u0130 D\u00dcZENLENEN &#8220;FOTO SAFAR\u0130 VE DO\u011eA SPORLARI FEST\u0130VAL\u0130&#8221; RENKL\u0130 G\u00d6R\u00dcNT\u00dcLERE SAHNE OLDU.<\/p>\n","protected":false},"author":1,"featured_media":152408,"comment_status":"closed","ping_status":"open","sticky":false,"template":"","format":"standard","meta":{"jetpack_post_was_ever_published":false,"_jetpack_newsletter_access":"","_jetpack_dont_email_post_to_subs":false,"_jetpack_newsletter_tier_id":0,"_jetpack_memberships_contains_paywalled_content":false,"_jetpack_memberships_contains_paid_content":false,"footnotes":"","jetpack_publicize_message":"","jetpack_publicize_feature_enabled":true,"jetpack_social_post_already_shared":true,"jetpack_social_options":{"image_generator_settings":{"template":"highway","default_image_id":0,"font":"","enabled":false},"version":2}},"categories":[656],"tags":[3261,14026,10029],"class_list":["post-152407","post","type-post","status-publish","format-standard","has-post-thumbnail","hentry","category-kultur-sanat","tag-cukurcada","tag-foto","tag-safari"],"jetpack_publicize_connections":[],"jetpack_featured_media_url":"https:\/\/i0.wp.com\/www.tvturk.com\/wp-content\/uploads\/2019\/05\/cukurcada-foto-safari_22f4556.jpg?fit=1000%2C562","jetpack_sharing_enabled":true,"jetpack_shortlink":"https:\/\/wp.me\/paKIfm-DEb","_links":{"self":[{"href":"http:\/\/www.tvturk.com\/index.php\/wp-json\/wp\/v2\/posts\/152407","targetHints":{"allow":["GET"]}}],"collection":[{"href":"http:\/\/www.tvturk.com\/index.php\/wp-json\/wp\/v2\/posts"}],"about":[{"href":"http:\/\/www.tvturk.com\/index.php\/wp-json\/wp\/v2\/types\/post"}],"author":[{"embeddable":true,"href":"http:\/\/www.tvturk.com\/index.php\/wp-json\/wp\/v2\/users\/1"}],"replies":[{"embeddable":true,"href":"http:\/\/www.tvturk.com\/index.php\/wp-json\/wp\/v2\/comments?post=152407"}],"version-history":[{"count":0,"href":"http:\/\/www.tvturk.com\/index.php\/wp-json\/wp\/v2\/posts\/152407\/revisions"}],"wp:featuredmedia":[{"embeddable":true,"href":"http:\/\/www.tvturk.com\/index.php\/wp-json\/wp\/v2\/media\/152408"}],"wp:attachment":[{"href":"http:\/\/www.tvturk.com\/index.php\/wp-json\/wp\/v2\/media?parent=152407"}],"wp:term":[{"taxonomy":"category","embeddable":true,"href":"http:\/\/www.tvturk.com\/index.php\/wp-json\/wp\/v2\/categories?post=152407"},{"taxonomy":"post_tag","embeddable":true,"href":"http:\/\/www.tvturk.com\/index.php\/wp-json\/wp\/v2\/tags?post=152407"}],"curies":[{"name":"wp","href":"https:\/\/api.w.org\/{rel}","templated":true}]}}