{"id":152461,"date":"2019-05-03T16:56:07","date_gmt":"2019-05-03T13:56:07","guid":{"rendered":"http:\/\/www.tvturk.com\/index.php\/yenisehir-kucukbas-hayvancilik-fuarinin-gozdesi-oldu\/"},"modified":"2019-05-03T16:56:07","modified_gmt":"2019-05-03T13:56:07","slug":"yenisehir-kucukbas-hayvancilik-fuarinin-gozdesi-oldu","status":"publish","type":"post","link":"http:\/\/www.tvturk.com\/index.php\/yenisehir-kucukbas-hayvancilik-fuarinin-gozdesi-oldu\/","title":{"rendered":"Yeni\u015fehir k\u00fc\u00e7\u00fckba\u015f hayvanc\u0131l\u0131k fuar\u0131n\u0131n g\u00f6zdesi oldu"},"content":{"rendered":"<p>Bursa\u2019n\u0131n Yeni\u015fehir il\u00e7esindeki hayvan \u00fcreticilerinin getirdi\u011fi hayvanlar Ankara\u2019da d\u00fczenlenen k\u00fc\u00e7\u00fckba\u015f hayvan fuar\u0131n\u0131n g\u00f6zdesi oldu.<\/p>\n<p>Ankara\u2019n\u0131n Polatl\u0131 il\u00e7esinde d\u00fczenlenen \u0130\u00e7 Anadolu Tar\u0131m, Tar\u0131m Ekipmanlar\u0131 ve Hayvanc\u0131l\u0131k Fuar\u0131na Bursa Yeni\u015fehirli hayvan \u00fcreticileri damga vurdu.  Yeni\u015fehirli k\u00fc\u00e7\u00fckba\u015f hayvan \u00fcreticileri Kemal \u00c7\u0131\u011f\u0131rdan ve K\u00fcr\u015fat Kaplan\u2019\u0131n fuara getirdikleri hayvan \u0131rklar\u0131n\u0131 fuarda g\u00f6ren \u00fcreticiler, \u201dBug\u00fcne kadar fuarlarda sadece maket oluyordu. Bu kaliteli \u0131rklar\u0131 fuarda g\u00f6rme f\u0131rsat\u0131 bizlere sunan arkada\u015flara te\u015fekk\u00fcr ediyoruz. Fuar\u0131n isminde hayvanc\u0131l\u0131k ge\u00e7mesine ra\u011fmen 150 stantta sadece Yeni\u015fehir\u2019den gelen hayvanlar vard\u0131. Kendilerine te\u015fekk\u00fcr ediyoruz\u201d dediler.<\/p>\n<p>Yeni\u015fehirli K\u00fc\u00e7\u00fckba\u015f hayvan \u00fcreticisi Kemal \u00c7\u0131\u011f\u0131rdan, \u201cFuarda tek hayvan getiren bizdik. \u0130nsanlar sadece isim ya da resimlerini g\u00f6rd\u00fckleri \u00e7o\u011fu koyun \u0131rklar\u0131n\u0131 fuarlarda g\u00f6remiyorlar. \u0130n\u015fallah haz\u0131rl\u0131\u011f\u0131n\u0131 yapt\u0131\u011f\u0131m\u0131z Yeni\u015fehir\u2019de yapaca\u011f\u0131m\u0131z hayvanc\u0131l\u0131k fuar\u0131 bu konuda T\u00fcrkiye\u2019nin en detayl\u0131 profesyonel k\u00fc\u00e7\u00fckba\u015f hayvanc\u0131l\u0131k fuar\u0131 olur\u201d diye konu\u015ftu.<\/p>\n<p>150 firman\u0131n i\u015ftirak etti\u011fi fuar 5 May\u0131s\u2019a kadar ziyarete a\u00e7\u0131k olacak.<\/p>\n","protected":false},"excerpt":{"rendered":"<p>YEN\u0130\u015eEH\u0130R \u0130L\u00c7ES\u0130NDEK\u0130 HAYVAN \u00dcRET\u0130C\u0130LER\u0130N\u0130N GET\u0130RD\u0130\u011e\u0130 HAYVANLAR ANKARA\u2019DA D\u00dcZENLENEN K\u00dc\u00c7\u00dcKBA\u015e HAYVAN FUARININ G\u00d6ZDES\u0130 OLDU.<\/p>\n","protected":false},"author":1,"featured_media":152462,"comment_status":"closed","ping_status":"open","sticky":false,"template":"","format":"standard","meta":{"jetpack_post_was_ever_published":false,"_jetpack_newsletter_access":"","_jetpack_dont_email_post_to_subs":false,"_jetpack_newsletter_tier_id":0,"_jetpack_memberships_contains_paywalled_content":false,"_jetpack_memberships_contains_paid_content":false,"footnotes":"","jetpack_publicize_message":"","jetpack_publicize_feature_enabled":true,"jetpack_social_post_already_shared":true,"jetpack_social_options":{"image_generator_settings":{"template":"highway","default_image_id":0,"font":"","enabled":false},"version":2}},"categories":[19],"tags":[31229,17520,2848,7119,77,13554],"class_list":["post-152461","post","type-post","status-publish","format-standard","has-post-thumbnail","hentry","category-ekonomi","tag-fuarinin","tag-gozdesi","tag-hayvancilik","tag-kucukbas","tag-oldu","tag-yenisehir"],"jetpack_publicize_connections":[],"jetpack_featured_media_url":"https:\/\/i0.wp.com\/www.tvturk.com\/wp-content\/uploads\/2019\/05\/yenisehir-kucukbas-hayvancilik-fuarinin-gozdesi-oldu_b308c3b.jpg?fit=1000%2C750","jetpack_sharing_enabled":true,"jetpack_shortlink":"https:\/\/wp.me\/paKIfm-DF3","_links":{"self":[{"href":"http:\/\/www.tvturk.com\/index.php\/wp-json\/wp\/v2\/posts\/152461","targetHints":{"allow":["GET"]}}],"collection":[{"href":"http:\/\/www.tvturk.com\/index.php\/wp-json\/wp\/v2\/posts"}],"about":[{"href":"http:\/\/www.tvturk.com\/index.php\/wp-json\/wp\/v2\/types\/post"}],"author":[{"embeddable":true,"href":"http:\/\/www.tvturk.com\/index.php\/wp-json\/wp\/v2\/users\/1"}],"replies":[{"embeddable":true,"href":"http:\/\/www.tvturk.com\/index.php\/wp-json\/wp\/v2\/comments?post=152461"}],"version-history":[{"count":0,"href":"http:\/\/www.tvturk.com\/index.php\/wp-json\/wp\/v2\/posts\/152461\/revisions"}],"wp:featuredmedia":[{"embeddable":true,"href":"http:\/\/www.tvturk.com\/index.php\/wp-json\/wp\/v2\/media\/152462"}],"wp:attachment":[{"href":"http:\/\/www.tvturk.com\/index.php\/wp-json\/wp\/v2\/media?parent=152461"}],"wp:term":[{"taxonomy":"category","embeddable":true,"href":"http:\/\/www.tvturk.com\/index.php\/wp-json\/wp\/v2\/categories?post=152461"},{"taxonomy":"post_tag","embeddable":true,"href":"http:\/\/www.tvturk.com\/index.php\/wp-json\/wp\/v2\/tags?post=152461"}],"curies":[{"name":"wp","href":"https:\/\/api.w.org\/{rel}","templated":true}]}}