{"id":152465,"date":"2019-05-03T17:03:13","date_gmt":"2019-05-03T14:03:13","guid":{"rendered":"http:\/\/www.tvturk.com\/index.php\/ataturk-universitesinde-agaclar-kitap-acti\/"},"modified":"2019-05-03T17:03:13","modified_gmt":"2019-05-03T14:03:13","slug":"ataturk-universitesinde-agaclar-kitap-acti","status":"publish","type":"post","link":"http:\/\/www.tvturk.com\/index.php\/ataturk-universitesinde-agaclar-kitap-acti\/","title":{"rendered":"Atat\u00fcrk \u00dcniversitesinde a\u011fa\u00e7lar kitap a\u00e7t\u0131"},"content":{"rendered":"<p>\u2018Kamp\u00fcste A\u011fa\u00e7lar Kitap A\u00e7acak\u2019 ad\u0131 alt\u0131nda, \u015feffaf po\u015fetlerle a\u011fa\u00e7lara as\u0131lan 4 bin kitap, \u00f6\u011frencilerle bulu\u015fturuldu.<\/p>\n<p>Erzurum Atat\u00fcrk \u00dcniversitesi Kamp\u00fcs\u00fcnde, \u2018Kamp\u00fcste A\u011fa\u00e7lar Kitap A\u00e7acak\u2019 slogan\u0131yla a\u011fa\u00e7lara as\u0131lan 4 bin kitap, \u00f6\u011frencilerle bulu\u015fturuldu. Atat\u00fcrk \u00dcniversitesi Rekt\u00f6r\u00fc Prof. Dr. \u00d6mer \u00c7omakl\u0131, \u0130leti\u015fim Fak\u00fcltesi Dekan\u0131 Prof. Dr. Naci \u0130spir, Proje Koordinat\u00f6r\u00fc Dr. \u00d6\u011fretim \u00dcyesi Ayhan Do\u011fan ve \u0130leti\u015fim Fak\u00fcltesi \u00f6\u011frencilerinin \u00e7al\u0131\u015fmalar\u0131yla d\u00fczenlenen etkinlikte, imk\u00e2ns\u0131zl\u0131klar\u0131 nedeniyle kitap alamayan \u00f6\u011frencilere de ula\u015fabilmek i\u00e7in \u00fccretsiz kitap da\u011f\u0131t\u0131m\u0131 yap\u0131ld\u0131.<\/p>\n<p>\u2019Kamp\u00fcste A\u011fa\u00e7lar Kitap A\u00e7acak\u2019 adl\u0131 etkinlik alan\u0131na ge\u00e7en Rekt\u00f6r Yard\u0131mc\u0131s\u0131 Nihat Yatk\u0131n ve Dr. \u00d6\u011fretim \u00dcyesi Ayhan Do\u011fan,  kitap almak isteyen \u00f6\u011frenciler i\u00e7in a\u00e7\u0131l\u0131\u015f ger\u00e7ekle\u015ftirdi.<\/p>\n<p>Proje S\u0131n\u0131f Sorumlusu Melike G\u00fcne\u015f, \u2018Kamp\u00fcste A\u011fa\u00e7lar Kitap A\u00e7acak\u2019 etkinli\u011fini ger\u00e7ekle\u015ftirmelerindeki ama\u00e7lar\u0131n\u0131n, kitap okumak konusunda fark\u0131ndal\u0131k olu\u015fturmak ve imk\u00e2ns\u0131zl\u0131klar\u0131 nedeniyle kitap alamayan \u00f6\u011frencilere \u00fccretsiz kitap ula\u015ft\u0131rmak oldu\u011funu s\u00f6yledi.<\/p>\n<p>Proje Koordinat\u00f6r\u00fc Dr. \u00d6\u011fretim \u00dcyesi Ayhan Do\u011fan, \u201cSosyal Sorumluluk projesi kapsam\u0131nda  b\u00f6l\u00fcm \u00f6\u011frencilerimizle birlikte yakla\u015f\u0131k 4 ay s\u00fcren yo\u011fun bir \u00e7al\u0131\u015fman\u0131n i\u00e7erisindeyiz. Toplumun ihtiyac\u0131ndan do\u011fan sosyal sorumluluk projeleri, arkada\u015flar\u0131m\u0131z\u0131n ve yapm\u0131\u015f oldu\u011fu \u00e7al\u0131\u015fmalar sonucunda kitap okuma al\u0131\u015fkanl\u0131\u011f\u0131n\u0131n son derece d\u00fc\u015f\u00fck oldu\u011funu tespit ettik. Kitap okumadaki bu d\u00fc\u015f\u00fc\u015f ilkokulda ki e\u011fitim sisteminden tutunda, maddi imkans\u0131zl\u0131klara kadar bir \u00e7ok sebebi var. \u2018Kamp\u00fcste A\u011fa\u00e7lar Kitap A\u00e7acak\u2019 etkinli\u011finde amac\u0131m\u0131z maddi imkanlar nedeniyle kitap alamayan \u00f6\u011frencilerimize, arkada\u015flar\u0131m\u0131za \u00fccretsiz kitap da\u011f\u0131tmak. Payda\u015flar\u0131m\u0131z\u0131n yard\u0131m\u0131yla toplad\u0131\u011f\u0131m\u0131z 4 bin kitap g\u00f6r\u00fcn\u00fcr \u015feffaf po\u015fetlerde a\u011fa\u00e7lara as\u0131ld\u0131. \u00d6\u011frencilerimiz kitaplardan istediklerinin alabilecek. Bu projeyi devam ettirmek hedefimiz\u201d dedi.<\/p>\n<p>\u0130lk defa b\u00f6yle bir proje i\u00e7erisinde yer ald\u0131\u011f\u0131n\u0131 belirten Atat\u00fcrk \u00dcniversitesi Rekt\u00f6r Yard\u0131mc\u0131s\u0131 Nihat Yatk\u0131n, \u201cKa\u011f\u0131d\u0131n ana maddesi a\u011fa\u00e7, \u015fuanda a\u011fa\u00e7lar dallar\u0131nda kendi \u00fcr\u00fcnlerinin as\u0131lm\u0131\u015f olmas\u0131ndan dolay\u0131 olduk\u00e7a mutludurlar. Ger\u00e7ekten de lafta kalmayan, ete kemi\u011fe b\u00fcr\u00fcnen bir proje, bu y\u00fczden sevin\u00e7liyim\u201d diyerek \u00f6\u011frencilere \u201cAld\u0131\u011f\u0131n\u0131z kitaplar\u0131 okumazsan\u0131z a\u011fa\u00e7lar size k\u00fcsecek\u201d ifadelerinde bulundu.<\/p>\n<p>\u00d6\u011frenciler organizasyona yo\u011fun ilgi g\u00f6sterdi.<\/p>\n","protected":false},"excerpt":{"rendered":"<p>ERZURUM, ATAT\u00dcRK \u00dcN\u0130VERS\u0130TES\u0130 KAMP\u00dcS\u00dc\u2019NDE, \u2018KAMP\u00dcSTE A\u011eA\u00c7LAR K\u0130TAP A\u00c7ACAK\u2019 SLOGANIYLA A\u011eA\u00c7LARA ASILAN 4 B\u0130N K\u0130TAP, \u00d6\u011eRENC\u0130LERLE BULU\u015eTURULDU.<\/p>\n","protected":false},"author":1,"featured_media":152466,"comment_status":"closed","ping_status":"open","sticky":false,"template":"","format":"standard","meta":{"jetpack_post_was_ever_published":false,"_jetpack_newsletter_access":"","_jetpack_dont_email_post_to_subs":false,"_jetpack_newsletter_tier_id":0,"_jetpack_memberships_contains_paywalled_content":false,"_jetpack_memberships_contains_paid_content":false,"footnotes":"","jetpack_publicize_message":"","jetpack_publicize_feature_enabled":true,"jetpack_social_post_already_shared":true,"jetpack_social_options":{"image_generator_settings":{"template":"highway","default_image_id":0,"font":"","enabled":false},"version":2}},"categories":[1],"tags":[1494,6556,381,4074,1889],"class_list":["post-152465","post","type-post","status-publish","format-standard","has-post-thumbnail","hentry","category-genel","tag-acti","tag-agaclar","tag-ataturk","tag-kitap","tag-universitesinde"],"jetpack_publicize_connections":[],"jetpack_featured_media_url":"https:\/\/i0.wp.com\/www.tvturk.com\/wp-content\/uploads\/2019\/05\/ataturk-universitesinde-agaclar-kitap-acti_20ee66a.jpg?fit=1000%2C666","jetpack_sharing_enabled":true,"jetpack_shortlink":"https:\/\/wp.me\/paKIfm-DF7","_links":{"self":[{"href":"http:\/\/www.tvturk.com\/index.php\/wp-json\/wp\/v2\/posts\/152465","targetHints":{"allow":["GET"]}}],"collection":[{"href":"http:\/\/www.tvturk.com\/index.php\/wp-json\/wp\/v2\/posts"}],"about":[{"href":"http:\/\/www.tvturk.com\/index.php\/wp-json\/wp\/v2\/types\/post"}],"author":[{"embeddable":true,"href":"http:\/\/www.tvturk.com\/index.php\/wp-json\/wp\/v2\/users\/1"}],"replies":[{"embeddable":true,"href":"http:\/\/www.tvturk.com\/index.php\/wp-json\/wp\/v2\/comments?post=152465"}],"version-history":[{"count":0,"href":"http:\/\/www.tvturk.com\/index.php\/wp-json\/wp\/v2\/posts\/152465\/revisions"}],"wp:featuredmedia":[{"embeddable":true,"href":"http:\/\/www.tvturk.com\/index.php\/wp-json\/wp\/v2\/media\/152466"}],"wp:attachment":[{"href":"http:\/\/www.tvturk.com\/index.php\/wp-json\/wp\/v2\/media?parent=152465"}],"wp:term":[{"taxonomy":"category","embeddable":true,"href":"http:\/\/www.tvturk.com\/index.php\/wp-json\/wp\/v2\/categories?post=152465"},{"taxonomy":"post_tag","embeddable":true,"href":"http:\/\/www.tvturk.com\/index.php\/wp-json\/wp\/v2\/tags?post=152465"}],"curies":[{"name":"wp","href":"https:\/\/api.w.org\/{rel}","templated":true}]}}