{"id":152473,"date":"2019-05-03T17:13:49","date_gmt":"2019-05-03T14:13:49","guid":{"rendered":"http:\/\/www.tvturk.com\/index.php\/cavusoglu-macaristan-basbakani-orban-ile-gorustu\/"},"modified":"2019-05-03T17:13:49","modified_gmt":"2019-05-03T14:13:49","slug":"cavusoglu-macaristan-basbakani-orban-ile-gorustu","status":"publish","type":"post","link":"http:\/\/www.tvturk.com\/index.php\/cavusoglu-macaristan-basbakani-orban-ile-gorustu\/","title":{"rendered":"\u00c7avu\u015fo\u011flu, Macaristan Ba\u015fbakan\u0131 Orban ile g\u00f6r\u00fc\u015ft\u00fc"},"content":{"rendered":"<p>D\u0131\u015fi\u015fleri Bakan\u0131 Mevl\u00fct \u00c7avu\u015fo\u011flu, Macaristan Ba\u015fbakan\u0131 Viktor Orban ile g\u00f6r\u00fc\u015ft\u00fc.<\/p>\n<p>D\u0131\u015fi\u015fleri Bakan\u0131 Mevl\u00fct \u00c7avu\u015fo\u011flu, temaslarda bulunmak geldi\u011fi Macaristan\u2019\u0131n ba\u015fkenti Budape\u015fte\u2019ye g\u00f6r\u00fc\u015fmelerini s\u00fcrd\u00fcr\u00fcyor. Bakan \u00c7avu\u015fo\u011flu, sabah saatlerinde Macaristan Meclis Ba\u015fkan Yard\u0131mc\u0131s\u0131 Jakab Istvan ard\u0131ndan da Macaristan D\u0131\u015fi\u015fleri ve D\u0131\u015f Ticaret Bakan\u0131 Peter Szijjarto bir araya geldi.<\/p>\n<p>Temaslar\u0131n\u0131 s\u00fcrd\u00fcren \u00c7avu\u015fo\u011flu, Macaristan Ba\u015fbakan\u0131 Viktor Orban ile g\u00f6r\u00fc\u015ft\u00fc. G\u00f6r\u00fc\u015fmenin ard\u0131ndan sosyal medya \u00fczerinden payla\u015f\u0131mda bulunan \u00c7avu\u015fo\u011flu, \u201cOrtak k\u00fclt\u00fcr miras\u0131m\u0131z G\u00fcl Baba T\u00fcrbesi\u2019nin UNESCO D\u00fcnya Miras\u0131 Listesi\u2019ne eklenmesini destekliyoruz. K\u00f6kl\u00fc ili\u015fkilerimiz Cumhurba\u015fkan\u0131m\u0131z Recep Tayyip Erdogan ve Ba\u015fbakan Viktor Orban\u2019\u0131n ba\u015fkanl\u0131\u011f\u0131nda 4. Y\u00fcksek D\u00fczeyli Stratejik \u0130\u015fbirli\u011fi Konseyi toplant\u0131s\u0131yla daha ileri gidecek\u201d ifadelerini kulland\u0131.<\/p>\n","protected":false},"excerpt":{"rendered":"<p>DI\u015e\u0130\u015eLER\u0130 BAKANI MEVL\u00dcT \u00c7AVU\u015eO\u011eLU MACAR\u0130STAN BA\u015eBAKANI V\u0130KTOR ORBAN \u0130LE G\u00d6R\u00dc\u015eT\u00dc.<\/p>\n","protected":false},"author":1,"featured_media":152474,"comment_status":"closed","ping_status":"open","sticky":false,"template":"","format":"standard","meta":{"jetpack_post_was_ever_published":false,"_jetpack_newsletter_access":"","_jetpack_dont_email_post_to_subs":false,"_jetpack_newsletter_tier_id":0,"_jetpack_memberships_contains_paywalled_content":false,"_jetpack_memberships_contains_paid_content":false,"footnotes":"","jetpack_publicize_message":"","jetpack_publicize_feature_enabled":true,"jetpack_social_post_already_shared":true,"jetpack_social_options":{"image_generator_settings":{"template":"highway","default_image_id":0,"font":"","enabled":false},"version":2}},"categories":[10],"tags":[651,1499,316,192,4830,34663],"class_list":["post-152473","post","type-post","status-publish","format-standard","has-post-thumbnail","hentry","category-dunya","tag-basbakani","tag-cavusoglu","tag-gorustu","tag-ile","tag-macaristan","tag-orban"],"jetpack_publicize_connections":[],"jetpack_featured_media_url":"https:\/\/i0.wp.com\/www.tvturk.com\/wp-content\/uploads\/2019\/05\/cavusoglu-macaristan-basbakani-orban-ile-gorustu_c55b703.jpg?fit=1000%2C869","jetpack_sharing_enabled":true,"jetpack_shortlink":"https:\/\/wp.me\/paKIfm-DFf","_links":{"self":[{"href":"http:\/\/www.tvturk.com\/index.php\/wp-json\/wp\/v2\/posts\/152473","targetHints":{"allow":["GET"]}}],"collection":[{"href":"http:\/\/www.tvturk.com\/index.php\/wp-json\/wp\/v2\/posts"}],"about":[{"href":"http:\/\/www.tvturk.com\/index.php\/wp-json\/wp\/v2\/types\/post"}],"author":[{"embeddable":true,"href":"http:\/\/www.tvturk.com\/index.php\/wp-json\/wp\/v2\/users\/1"}],"replies":[{"embeddable":true,"href":"http:\/\/www.tvturk.com\/index.php\/wp-json\/wp\/v2\/comments?post=152473"}],"version-history":[{"count":0,"href":"http:\/\/www.tvturk.com\/index.php\/wp-json\/wp\/v2\/posts\/152473\/revisions"}],"wp:featuredmedia":[{"embeddable":true,"href":"http:\/\/www.tvturk.com\/index.php\/wp-json\/wp\/v2\/media\/152474"}],"wp:attachment":[{"href":"http:\/\/www.tvturk.com\/index.php\/wp-json\/wp\/v2\/media?parent=152473"}],"wp:term":[{"taxonomy":"category","embeddable":true,"href":"http:\/\/www.tvturk.com\/index.php\/wp-json\/wp\/v2\/categories?post=152473"},{"taxonomy":"post_tag","embeddable":true,"href":"http:\/\/www.tvturk.com\/index.php\/wp-json\/wp\/v2\/tags?post=152473"}],"curies":[{"name":"wp","href":"https:\/\/api.w.org\/{rel}","templated":true}]}}