{"id":152489,"date":"2019-05-03T17:50:10","date_gmt":"2019-05-03T14:50:10","guid":{"rendered":"http:\/\/www.tvturk.com\/index.php\/ak-parti-il-baskani-abdullah-eryarsoy-istifa-etti\/"},"modified":"2019-05-03T17:50:10","modified_gmt":"2019-05-03T14:50:10","slug":"ak-parti-il-baskani-abdullah-eryarsoy-istifa-etti","status":"publish","type":"post","link":"http:\/\/www.tvturk.com\/index.php\/ak-parti-il-baskani-abdullah-eryarsoy-istifa-etti\/","title":{"rendered":"AK Parti \u0130l Ba\u015fkan\u0131 Abdullah Eryarsoy istifa etti"},"content":{"rendered":"<p>31 Mart Mahalli \u0130dareler Se\u00e7imleri\u2019nde \u0130zmit Belediye Ba\u015fkanl\u0131\u011f\u0131\u2019n\u0131n Millet \u0130ttifak\u0131 aday\u0131 Fatma Kaplan H\u00fcrriyet taraf\u0131ndan kazan\u0131lmas\u0131n\u0131n sorumlulu\u011funun kendisine ati oldu\u011funu s\u00f6yleyen AK Parti \u0130l Ba\u015fkan\u0131 Abdullah Eryarsoy, g\u00f6revinden istifa etti. \u0130stifas\u0131n\u0131 a\u00e7\u0131klayan Eryarsoy, \u201c\u0130zmit Belediye Ba\u015fkanl\u0131\u011f\u0131n\u0131 kaybetmenin sorumlusu aranmaktayd\u0131. Te\u015fkilat\u0131n ba\u015f\u0131 olarak bu sorumluluk bana aittir\u201d dedi.<\/p>\n<p>AK Parti \u0130l Ba\u015fkan\u0131 Abdullah Eryarsoy, d\u00fczenledi\u011fi bas\u0131n toplant\u0131s\u0131nda g\u00f6revinden istifa etti\u011fini s\u00f6yledi. AK Parti \u0130l Ba\u015fkanl\u0131\u011f\u0131\u2019nda ger\u00e7ekle\u015fen toplant\u0131ya Eryarsoy\u2019un yan\u0131 s\u0131ra, AK Parti Kocaeli milletvekilleri, il\u00e7e ba\u015fkanlar\u0131 ve parti te\u015fkilat\u0131 \u00fcyeleri kat\u0131ld\u0131. 31 Mart Mahalli \u0130dareler Se\u00e7imlerinde Kocaeli\u2019de elde edilen ba\u015far\u0131n\u0131n da ba\u015far\u0131s\u0131zl\u0131klar\u0131n da sorumlulu\u011funun kendisine ait oldu\u011funu s\u00f6yleyen Eryarsoy, kurulu\u015fundan beri g\u00f6rev ald\u0131\u011f\u0131 AK Parti\u2019nin Kocaeli \u0130l Ba\u015fkanl\u0131\u011f\u0131 g\u00f6revinden, \u0130zmit Belediye Ba\u015fkanl\u0131\u011f\u0131\u2019n\u0131n Millet \u0130ttifak\u0131 aday\u0131 Fatma Kaplan H\u00fcrriyet taraf\u0131ndan kazan\u0131lmas\u0131n\u0131n sorumlulu\u011funu kendinde buldu\u011funu ifade ederek istifa etti\u011fini kaydetti. \u0130stifas\u0131n\u0131 AK Parti Genel Merkezi\u2019ne sundu\u011funu kaydeden Eryarsoy, \u201cKurulu\u015fundan itibaren millete hizmet yolunda g\u00f6n\u00fcl verdi\u011fim ve te\u015fkilatlar\u0131nda g\u00f6rev ald\u0131\u011f\u0131m partimde 2003 y\u0131l\u0131nda \u0130l y\u00f6netim kurulu \u00fcyesi olarak aktif g\u00f6reve ba\u015flad\u0131m. 2004-2006 y\u0131llar\u0131 aras\u0131nda se\u00e7im i\u015fleri ba\u015fkan\u0131, 2009 y\u0131l\u0131nda hakla ili\u015fkiler ba\u015fkan\u0131, 2009-2012 y\u0131llar\u0131nda il y\u00f6netim kurulu \u00fcyesi, 2015-2018 y\u0131llar\u0131 aras\u0131nda se\u00e7im i\u015fleri ve te\u015fkilat ba\u015fkan\u0131 olarak g\u00f6rev ald\u0131m. 2018 y\u0131l\u0131ndaki 6. Ola\u011fan Kongresi sonras\u0131nda siyasi ve hukuki i\u015fleri ba\u015fkan\u0131 olarak g\u00f6rev ald\u0131m. \u0130l Ba\u015fkan\u0131m\u0131z \u015eemsettin Ceyhan\u2019\u0131n milletvekili aday aday\u0131 olmas\u0131 sonras\u0131nda bo\u015falan \u0130l Ba\u015fkanl\u0131\u011f\u0131na Say\u0131n Genel Ba\u015fkan\u0131m\u0131z Recep Tayyip Erdo\u011fan\u2019\u0131n 24 Temmuz 2018 tarihli atamas\u0131 ile il ba\u015fkan\u0131 olarak g\u00f6rev ald\u0131m\u201d dedi.<\/p>\n<p>\u201c\u0130zmit Belediye Ba\u015fkanl\u0131\u011f\u0131 se\u00e7imindeki ba\u015far\u0131s\u0131zl\u0131k benimdir\u201d<\/p>\n<p>Se\u00e7imlerde \u0130zmit Belediyesi\u2019nde elde edilen ba\u015far\u0131s\u0131zl\u0131\u011f\u0131n kendisine ait oldu\u011funu belirten Eryarsoy, \u201cPartide g\u00f6rev yapt\u0131\u011f\u0131m s\u00fcrece ne milletvekilli\u011fini ne belediye ba\u015fkanl\u0131\u011f\u0131 ne de meclis \u00fcyeli\u011fine aday olmad\u0131m. Hep te\u015fkilat kademesinde kalmay\u0131 tercih ettim. \u0130l Ba\u015fkan\u0131 olarak g\u00f6rev yapt\u0131\u011f\u0131m s\u00fcre i\u00e7erisinde Kocaeli\u2019nde 2 se\u00e7imi te\u015fkilat\u0131m\u0131z ile birlikte y\u00f6nettik. 24 Haziran se\u00e7imlerini y\u00fczde 58,9\u2019luk rekor oranla tamamlad\u0131k. 31 Mart 2019 yerel se\u00e7imlerinde yap\u0131lan en muhte\u015fem mitinglerinden birisine imza att\u0131k. B\u00fcy\u00fck\u015fehir ve 12 il\u00e7emizde oylar\u0131m\u0131z\u0131 art\u0131rd\u0131k. 11 il\u00e7ede ve b\u00fcy\u00fck\u015fehirde milletimizin tevecc\u00fch\u00fc ile il ba\u015fkanl\u0131\u011f\u0131n\u0131 kazand\u0131k. \u0130zmit Belediye Meclisini \u00e7o\u011funlukla kazanmam\u0131za ra\u011fmen maalesef belediye ba\u015fkanl\u0131\u011f\u0131n\u0131 kazanamad\u0131k. Victor Hugo\u2019nun, \u2018Kimse dalgalarla nas\u0131l bo\u011fu\u015ftu\u011funa bakmaz, gemiyi limana getirip getirmedi\u011fine bakar\u2019 dedi\u011fi gibi 31 Mart se\u00e7imlerinde yap\u0131lan de\u011ferlendirmelerde \u0130zmit Belediye Ba\u015fkanl\u0131\u011f\u0131n\u0131 kaybetmenin sorumlusu aranmaktayd\u0131. Te\u015fkilat\u0131n ba\u015f\u0131 olarak bu sorumluluk bana aittir. 11 il\u00e7ede ve b\u00fcy\u00fck\u015fehirde ki ba\u015far\u0131 hepimizin, \u0130zmit Belediye Ba\u015fkanl\u0131\u011f\u0131 se\u00e7imindeki ba\u015far\u0131s\u0131zl\u0131k benimdir. Sorumlulu\u011fun bilincinde olan birisi olarak genel merkezimize istifa talebimi ilettim ve bu talebim kabul edildi\u201d diye konu\u015ftu.<\/p>\n<p>\u201cT\u00fcm Kocaelili hem\u015fehrilerimden helallik istiyorum\u201d<\/p>\n<p>Vatanda\u015flardan helallik isteyen Eryarsoy,  \u201cBug\u00fcn itibari ile AK Parti Kocaeli \u0130l Ba\u015fkanl\u0131\u011f\u0131ndan istifa ediyorum. Partinin kurulu\u015fundan itibaren il ba\u015fkanl\u0131\u011f\u0131 yapt\u0131\u011f\u0131m d\u00f6nemde dahil olmak \u00fczere ki\u015fisel \u00e7\u0131kar, ikbal hesab\u0131, hem\u015fehricilik, b\u00f6lgecilik, adamc\u0131l\u0131k, \u00f6tekile\u015ftirme i\u00e7in de\u011fil milletimize hizmet i\u00e7in; gece-g\u00fcnd\u00fcz inanarak \u00e7al\u0131\u015ft\u0131m ve \u00e7al\u0131\u015fmaya devam edece\u011fim. Siyaset yapt\u0131\u011f\u0131m s\u00fcre boyunca hesab\u0131 de\u011fil, hasbi olarak Kocaeli halk\u0131n\u0131n takdirini kazanmaya azmettim. \u015eahs\u0131m ad\u0131na ba\u015far\u0131l\u0131 ve \u015ferefli bir d\u00f6nemi geride b\u0131rak\u0131yorum hamd olsun. Se\u00e7imlerde Kocaeli\u2019ni, Marmara B\u00f6lgesinin en ba\u015far\u0131l\u0131 ili yapan te\u015fkilat ve halk\u0131m\u0131za \u015f\u00fckranlar\u0131m\u0131 sunuyorum. T\u00fcm Kocaelili hem\u015fehrilerimden helallik istiyorum\u201d \u015feklinde konu\u015ftu.<\/p>\n<p>Konu\u015fmalar\u0131n ard\u0131ndan Eryarsoy, te\u015fkilat \u00fcyeleri ile vedala\u015ft\u0131.<\/p>\n","protected":false},"excerpt":{"rendered":"<p>31 MART MAHALL\u0130 \u0130DARELER SE\u00c7\u0130MLER\u0130\u2019NDE \u0130ZM\u0130T BELED\u0130YE BA\u015eKANLI\u011eI\u2019NIN M\u0130LLET \u0130TT\u0130FAKI ADAYI FATMA KAPLAN H\u00dcRR\u0130YET TARAFINDAN KAZANILMASININ SORUMLULU\u011eUNUN KEND\u0130S\u0130NE AT\u0130 OLDU\u011eUNU S\u00d6YLEYEN AK PART\u0130 \u0130L BA\u015eKANI ABDULLAH ERYARSOY, G\u00d6REV\u0130NDEN \u0130ST\u0130FA ETT\u0130.<\/p>\n","protected":false},"author":1,"featured_media":152490,"comment_status":"closed","ping_status":"open","sticky":false,"template":"","format":"standard","meta":{"jetpack_post_was_ever_published":false,"_jetpack_newsletter_access":"","_jetpack_dont_email_post_to_subs":false,"_jetpack_newsletter_tier_id":0,"_jetpack_memberships_contains_paywalled_content":false,"_jetpack_memberships_contains_paid_content":false,"footnotes":"","jetpack_publicize_message":"","jetpack_publicize_feature_enabled":true,"jetpack_social_post_already_shared":true,"jetpack_social_options":{"image_generator_settings":{"template":"highway","default_image_id":0,"font":"","enabled":false},"version":2}},"categories":[1],"tags":[15922,216,34670,207,424,31,510],"class_list":["post-152489","post","type-post","status-publish","format-standard","has-post-thumbnail","hentry","category-genel","tag-abdullah","tag-baskani","tag-eryarsoy","tag-etti","tag-il","tag-istifa","tag-parti"],"jetpack_publicize_connections":[],"jetpack_featured_media_url":"https:\/\/i0.wp.com\/www.tvturk.com\/wp-content\/uploads\/2019\/05\/ak-parti-il-baskani-abdullah-eryarsoy-istifa-etti_4b34eb3.jpg?fit=1000%2C666","jetpack_sharing_enabled":true,"jetpack_shortlink":"https:\/\/wp.me\/paKIfm-DFv","_links":{"self":[{"href":"http:\/\/www.tvturk.com\/index.php\/wp-json\/wp\/v2\/posts\/152489","targetHints":{"allow":["GET"]}}],"collection":[{"href":"http:\/\/www.tvturk.com\/index.php\/wp-json\/wp\/v2\/posts"}],"about":[{"href":"http:\/\/www.tvturk.com\/index.php\/wp-json\/wp\/v2\/types\/post"}],"author":[{"embeddable":true,"href":"http:\/\/www.tvturk.com\/index.php\/wp-json\/wp\/v2\/users\/1"}],"replies":[{"embeddable":true,"href":"http:\/\/www.tvturk.com\/index.php\/wp-json\/wp\/v2\/comments?post=152489"}],"version-history":[{"count":0,"href":"http:\/\/www.tvturk.com\/index.php\/wp-json\/wp\/v2\/posts\/152489\/revisions"}],"wp:featuredmedia":[{"embeddable":true,"href":"http:\/\/www.tvturk.com\/index.php\/wp-json\/wp\/v2\/media\/152490"}],"wp:attachment":[{"href":"http:\/\/www.tvturk.com\/index.php\/wp-json\/wp\/v2\/media?parent=152489"}],"wp:term":[{"taxonomy":"category","embeddable":true,"href":"http:\/\/www.tvturk.com\/index.php\/wp-json\/wp\/v2\/categories?post=152489"},{"taxonomy":"post_tag","embeddable":true,"href":"http:\/\/www.tvturk.com\/index.php\/wp-json\/wp\/v2\/tags?post=152489"}],"curies":[{"name":"wp","href":"https:\/\/api.w.org\/{rel}","templated":true}]}}