{"id":152493,"date":"2019-05-03T18:00:50","date_gmt":"2019-05-03T15:00:50","guid":{"rendered":"http:\/\/www.tvturk.com\/index.php\/para-okculuk-avrupa-kupasinda-3-altin-madalya\/"},"modified":"2019-05-03T18:00:50","modified_gmt":"2019-05-03T15:00:50","slug":"para-okculuk-avrupa-kupasinda-3-altin-madalya","status":"publish","type":"post","link":"http:\/\/www.tvturk.com\/index.php\/para-okculuk-avrupa-kupasinda-3-altin-madalya\/","title":{"rendered":"Para Ok\u00e7uluk Avrupa Kupas\u0131\u2019nda 3 alt\u0131n madalya"},"content":{"rendered":"<p>Para Ok\u00e7uluk Avrupa Kupas\u0131 1. Ayak d\u00f6rd\u00fcnc\u00fc g\u00fcn\u00fcnde T\u00fcrkiye, 3 madalya daha elde etti. Makaral\u0131 yay erkek, W1 erkek ve klasik yay kad\u0131n tak\u0131mlar\u0131 alt\u0131n madalya kazand\u0131.<\/p>\n<p>\u0130talya\u2019n\u0131n Olbia kentinde ger\u00e7ekle\u015ftirilen kupada bug\u00fcn tak\u0131m m\u00fcsabakalar\u0131 yap\u0131ld\u0131. Sabah seans\u0131nda ilk olarak Erdo\u011fan Aygan, B\u00fclent Korkmaz, Murat Turan\u2019dan olu\u015fan makaral\u0131 yay erkek tak\u0131m\u0131m\u0131z final at\u0131\u015flar\u0131nda \u0130talya ile kar\u015f\u0131la\u015ft\u0131. Ba\u015fa ba\u015f ge\u00e7en m\u00fccadeleyi Milli Tak\u0131m\u0131m\u0131z, 217-218 kazand\u0131 ve alt\u0131n madalyan\u0131n sahibi oldu.<\/p>\n<p>Naci Yenier, Bahattin Hekimo\u011flu ve Yi\u011fit Caner Ayd\u0131n\u2019dan olu\u015fan W1 erkek tak\u0131m\u0131m\u0131z finalde yar\u0131\u015ft\u0131\u011f\u0131 Rusya\u2019y\u0131 223-201 ma\u011flup ederek alt\u0131n madalyaya ula\u015ft\u0131.<\/p>\n<p>Merve Nur Ero\u011flu, Ya\u011fmur \u015eeng\u00fcl ve Zehra \u00d6zbey Torun\u2019dan olu\u015fan klasik yay kad\u0131n tak\u0131m\u0131m\u0131z ise finalde \u0130talya\u2019y\u0131 5-1\u2019lik skorla ge\u00e7erek alt\u0131n madalyaya uzand\u0131.<\/p>\n<p>T\u00fcrkiye b\u00f6ylece 4. g\u00fcn sonunda madalya say\u0131s\u0131n\u0131 4\u2019e (3 alt\u0131n ve 1 bronz) \u00e7\u0131kard\u0131.<\/p>\n<p>2 final ve 3 bronz madalya m\u00fccadelesi<\/p>\n<p>Para Ok\u00e7uluk Avrupa Kupas\u0131 1. Ayak son g\u00fcn\u00fcnde yar\u0131n bireysel kar\u015f\u0131la\u015fmalar oynanacak. Ay-Y\u0131ld\u0131zl\u0131lar, 2 final ve 3 bronz madalya m\u00fccadelesi verecek.<\/p>\n<p>Erkeklerde, B\u00fclent Korkmaz makaral\u0131 yay kategorisinde \u0130talyan rakibi Alberto Simonelli ile alt\u0131n madalya i\u00e7in hedefi vurmaya \u00e7al\u0131\u015facak. Yi\u011fit Caner Ayd\u0131n W1 kategorisinde \u015fampiyonluk i\u00e7in \u00c7ekya\u2019dan David Drahoninsky ile kar\u015f\u0131la\u015f\u0131rken Bahattin Hekimo\u011flu ise ayn\u0131 kategoride Rus Aleksei Leonov ile bronz madalya ma\u00e7\u0131nda yar\u0131\u015facak.<\/p>\n<p>Kad\u0131nlarda, Sevgi Yorulmaz makaral\u0131 yay kategorisinde B\u00fcy\u00fck Britanyal\u0131 rakibi Jessica Stretton ile klasik yay kategorisinde ise Merve Nur Ero\u011flu Japonya\u2019dan Chika Shigesada ile \u00fc\u00e7\u00fcnc\u00fcl\u00fck i\u00e7in at\u0131\u015f yapacak.<\/p>\n","protected":false},"excerpt":{"rendered":"<p>PARA OK\u00c7ULUK AVRUPA KUPASI 1. AYAK D\u00d6RD\u00dcNC\u00dc G\u00dcN\u00dcNDE T\u00dcRK\u0130YE, 3 MADALYA DAHA ELDE ETT\u0130. MAKARALI YAY ERKEK, W1 ERKEK VE KLAS\u0130K YAY KADIN TAKIMLARI ALTIN MADALYA KAZANDI.<\/p>\n","protected":false},"author":1,"featured_media":152494,"comment_status":"closed","ping_status":"open","sticky":false,"template":"","format":"standard","meta":{"jetpack_post_was_ever_published":false,"_jetpack_newsletter_access":"","_jetpack_dont_email_post_to_subs":false,"_jetpack_newsletter_tier_id":0,"_jetpack_memberships_contains_paywalled_content":false,"_jetpack_memberships_contains_paid_content":false,"footnotes":"","jetpack_publicize_message":"","jetpack_publicize_feature_enabled":true,"jetpack_social_post_already_shared":true,"jetpack_social_options":{"image_generator_settings":{"template":"highway","default_image_id":0,"font":"","enabled":false},"version":2}},"categories":[657],"tags":[596,392,13607,3800,12521,865],"class_list":["post-152493","post","type-post","status-publish","format-standard","has-post-thumbnail","hentry","category-spor","tag-altin","tag-avrupa","tag-kupasinda","tag-madalya","tag-okculuk","tag-para"],"jetpack_publicize_connections":[],"jetpack_featured_media_url":"https:\/\/i0.wp.com\/www.tvturk.com\/wp-content\/uploads\/2019\/05\/para-okculuk-avrupa-kupasinda-3-altin-madalya_4a16930.jpg?fit=1000%2C669","jetpack_sharing_enabled":true,"jetpack_shortlink":"https:\/\/wp.me\/paKIfm-DFz","_links":{"self":[{"href":"http:\/\/www.tvturk.com\/index.php\/wp-json\/wp\/v2\/posts\/152493","targetHints":{"allow":["GET"]}}],"collection":[{"href":"http:\/\/www.tvturk.com\/index.php\/wp-json\/wp\/v2\/posts"}],"about":[{"href":"http:\/\/www.tvturk.com\/index.php\/wp-json\/wp\/v2\/types\/post"}],"author":[{"embeddable":true,"href":"http:\/\/www.tvturk.com\/index.php\/wp-json\/wp\/v2\/users\/1"}],"replies":[{"embeddable":true,"href":"http:\/\/www.tvturk.com\/index.php\/wp-json\/wp\/v2\/comments?post=152493"}],"version-history":[{"count":0,"href":"http:\/\/www.tvturk.com\/index.php\/wp-json\/wp\/v2\/posts\/152493\/revisions"}],"wp:featuredmedia":[{"embeddable":true,"href":"http:\/\/www.tvturk.com\/index.php\/wp-json\/wp\/v2\/media\/152494"}],"wp:attachment":[{"href":"http:\/\/www.tvturk.com\/index.php\/wp-json\/wp\/v2\/media?parent=152493"}],"wp:term":[{"taxonomy":"category","embeddable":true,"href":"http:\/\/www.tvturk.com\/index.php\/wp-json\/wp\/v2\/categories?post=152493"},{"taxonomy":"post_tag","embeddable":true,"href":"http:\/\/www.tvturk.com\/index.php\/wp-json\/wp\/v2\/tags?post=152493"}],"curies":[{"name":"wp","href":"https:\/\/api.w.org\/{rel}","templated":true}]}}