{"id":152511,"date":"2019-05-03T18:47:12","date_gmt":"2019-05-03T15:47:12","guid":{"rendered":"http:\/\/www.tvturk.com\/index.php\/ruz-i-hizir-okculuk-sezonu-bakan-ersoy-ve-bilal-erdoganin-ok-atisiyla-basladi\/"},"modified":"2019-05-03T18:47:12","modified_gmt":"2019-05-03T15:47:12","slug":"ruz-i-hizir-okculuk-sezonu-bakan-ersoy-ve-bilal-erdoganin-ok-atisiyla-basladi","status":"publish","type":"post","link":"http:\/\/www.tvturk.com\/index.php\/ruz-i-hizir-okculuk-sezonu-bakan-ersoy-ve-bilal-erdoganin-ok-atisiyla-basladi\/","title":{"rendered":"Ruz-\u0131 H\u0131z\u0131r Ok\u00e7uluk Sezonu Bakan Ersoy ve Bilal Erdo\u011fan\u2019\u0131n ok at\u0131\u015f\u0131yla ba\u015flad\u0131"},"content":{"rendered":"<p>K\u00fclt\u00fcr ve Turizm Bakan\u0131 Mehmet Nuri Ersoy ve D\u00fcnya Etnospor Konfederasyonu Ba\u015fkan\u0131 Bilal Erdo\u011fan\u2019\u0131n kat\u0131l\u0131mlar\u0131yla Ruz-\u0131 H\u0131z\u0131r ok\u00e7uluk sezonunun a\u00e7\u0131l\u0131\u015f\u0131 ilk kez Topkap\u0131 Saray\u0131\u2019nda ger\u00e7ekle\u015fti. Sezon a\u00e7\u0131l\u0131\u015f program\u0131nda Bakan Ersoy ve Bilal Erdo\u011fan ok at\u0131\u015f\u0131 yaparak h\u00fcnerlerini sergiledi.<\/p>\n<p>K\u00fclt\u00fcr ve Turizm Bakan\u0131 Mehmet Nuri Ersoy ve D\u00fcnya Etnospor Konfederasyonu Ba\u015fkan\u0131 Bilal Erdo\u011fan\u2019\u0131n kat\u0131l\u0131mlar\u0131yla Ruz-\u0131 H\u0131z\u0131r ok\u00e7uluk sezonunun a\u00e7\u0131l\u0131\u015f\u0131 ilk kez Topkap\u0131 Saray\u0131\u2019nda ger\u00e7ekle\u015fti. Sezon a\u00e7\u0131l\u0131\u015f\u0131na Bakan Ersoy ve Erdo\u011fan\u2019\u0131n yan\u0131 s\u0131ra \u0130l K\u00fclt\u00fcr ve Turizm M\u00fcd\u00fcr\u00fc Dr. Co\u015fkun Y\u0131lmaz, Ok\u00e7ular Vakf\u0131 Y\u00f6netim Kurulu Ba\u015fkan\u0131 ve ayn\u0131 zamanda Beyo\u011flu Belediye Ba\u015fkan\u0131 Haydar Ali Y\u0131ld\u0131z ve Fatih Belediye Ba\u015fkan\u0131 Mehmet Erg\u00fcn Turan kat\u0131ld\u0131. Mehteran g\u00f6sterisiyle ba\u015flayan program, akabinde Kuran-\u0131 Kerim tilavetiyle devam etti. A\u00e7\u0131l\u0131\u015f program\u0131nda Bakan Ersoy ve Bilal Erdo\u011fan, \u2018Ya Hak\u2019 diyerek yapt\u0131klar\u0131 ok at\u0131\u015f\u0131yla h\u00fcnerlerini sergileyip hedefi vurdu. Etkinlik kapsam\u0131nda vatanda\u015flar ve \u00f6zellikle turistler, 10 May\u0131s\u2019a kadar Topkap\u0131 Saray\u0131\u2019na gelerek ok at\u0131\u015f\u0131 yapabilecek.<\/p>\n<p>\u201cBiz buna k\u00fclt\u00fcr ve sanat olarak da bak\u0131yoruz\u201d<\/p>\n<p>Ok\u00e7ulu\u011fun  bir k\u00fclt\u00fcr ve sanat miras\u0131 oldu\u011funu ifade eden K\u00fclt\u00fcr ve Turizm Bakan\u0131 Mehmet Nuri Ersoy, \u201cT\u00fcrk milletinin ata yurdundan Anadolu\u2019ya gelmesinde ve burada y\u00fczy\u0131llard\u0131r s\u00fcren kal\u0131c\u0131l\u0131\u011f\u0131ndan en b\u00fcy\u00fck etken ok\u00e7ulu\u011fa olan hakimiyetidir ve y\u00fczy\u0131llarca y\u0131l burada ana yurdumuz olarak Anadolu\u2019nun kalmas\u0131nda en b\u00fcy\u00fck etkendir. Biz buna k\u00fclt\u00fcr ve sanat olarak da bak\u0131yoruz. \u015eu anda Topkap\u0131 eserlerimiz i\u00e7inde b\u00fcy\u00fck yer i\u015fgal eden silahlar\u0131m\u0131z, oklar\u0131m\u0131z d\u00fcnyan\u0131n her yerinde art\u0131k sergiliyoruz. Vazifesini tamamlam\u0131\u015f gibi g\u00f6z\u00fckseler de k\u00fclt\u00fcr ve sanatta da \u00e7ok g\u00fczel silah olarak oklar\u0131m\u0131z\u0131 kullan\u0131yoruz\u201d dedi.<\/p>\n<p>\u201c2020 olimpiyatlar\u0131nda Tokyo\u2019da ok\u00e7ulukta \u00fclkemiz madalyayla da bulu\u015facak\u201d<\/p>\n<p>D\u00fcnyan\u0131n kutupla\u015fmaya do\u011fru gitti\u011fini ve bu kutupla\u015fman\u0131n giderilmesinin yollar\u0131ndan birinin \u00fclkelerin geleneksel objeleriyle \u00f6n plana \u00e7\u0131kmas\u0131 gerekti\u011fini vurgulayan D\u00fcnya Etnospor Konfederasyonu Ba\u015fkan\u0131 Bilal Erdo\u011fan, \u201cOk\u00e7uluk bizim ata sporumuz. Biz D\u00fcnya Etnospor Konfederasyonu olarak b\u00fct\u00fcn d\u00fcnyada, b\u00fct\u00fcn geleneksel sporlar\u0131n yayg\u0131nla\u015fmas\u0131n\u0131 savunuyoruz. Bunun d\u00fcnyan\u0131n k\u00fclt\u00fcrel zenginli\u011fine hizmet oldu\u011funu d\u00fc\u015f\u00fcn\u00fcyoruz. \u00c7\u00fcnk\u00fc maalesef d\u00fcnyan\u0131n tek kutupla\u015fmaya do\u011fru zorland\u0131\u011f\u0131 ve bunun huzursuzluklar olu\u015fturdu\u011funu bir evredeyiz. Bu tek kutupla\u015fman\u0131n giderilmesinin yolu d\u00fcnyan\u0131n b\u00fct\u00fcn milletlerinin kendi renkleriyle boyanabilmelerine, kendi k\u00fclt\u00fcrlerini ya\u015fatabilmelerine olanak sa\u011flamak oldu\u011funu d\u00fc\u015f\u00fcn\u00fcyoruz. T\u00fcrkiye\u2019de g\u00fcre\u015flerimiz de ne kadar \u00fcnl\u00fcyse ok\u00e7ulu\u011fumuzun da o seviyede g\u00fc\u00e7l\u00fc olmas\u0131 gerekiyor. Nitekim Ok\u00e7ular Vakf\u0131\u2019m\u0131z\u0131n kurulu\u015ftan beri T\u00fcrkiye\u2019de ok\u00e7uluk en az d\u00f6rt kat her sahada b\u00fcy\u00fcd\u00fc. \u0130nan\u0131yoruz ki 2020 olimpiyatlar\u0131nda Tokyo\u2019da ok\u00e7ulukta \u00fclkemiz madalyayla da bulu\u015facak\u201d ifadelerini kulland\u0131.<\/p>\n<p>\u201cT\u00fcrk ok\u00e7ulu\u011fu d\u00fcnyan\u0131n zirvesi olarak kabul edilen bir ok\u00e7uluktur\u201d<\/p>\n<p>T\u00fcrk ok\u00e7ulu\u011funun d\u00fcnya olarak zirve kabul edildi\u011fini belirten Ok\u00e7ular Vakf\u0131 Y\u00f6netim Kurulu Ba\u015fkan\u0131 ve Beyo\u011flu Belediye Ba\u015fkan\u0131 Haydar Ali Y\u0131ld\u0131z, \u201cT\u00fcrk ok\u00e7ulu\u011fu art\u0131k d\u00fcnyan\u0131n d\u00f6rt bir yan\u0131nda e\u011fitim olarak verilmekte. Malezya\u2019dan Amerika\u2019ya, Brezilya\u2019ya ve Balkanlar\u2019a uzanan ve d\u00fcnyan\u0131n d\u00f6rt bir yan\u0131nda art\u0131k gen\u00e7ler T\u00fcrk ok\u00e7ulu\u011funu \u00f6\u011freniyorlar. Ok\u00e7ular Vakf\u0131 bir kadim gelene\u011fin, bir medeniyetin gelene\u011fini gelece\u011fe ta\u015f\u0131ma konusunda iddial\u0131d\u0131r. \u015eu anda vakf\u0131m\u0131z\u0131n sayesinde yapm\u0131\u015f oldu\u011fumuz \u00e7al\u0131\u015fmalar neticesinde d\u00fcnyada unutulmaya y\u00fcz tutmu\u015f olan asl\u0131nda T\u00fcrk ok\u00e7ulu\u011fu d\u00fcnyan\u0131n zirvesi olarak kabul edilen bir ok\u00e7uluktur. Bunun, Cumhurba\u015fkan\u0131 Erdo\u011fan\u2019\u0131n himayelerinde bug\u00fcn bu noktaya getirmenin gururunu ya\u015f\u0131yoruz\u201d \u015feklinde konu\u015ftu.<\/p>\n<p>\u201cOk, do\u011frulu\u011fun,  d\u00fcr\u00fcstl\u00fc\u011f\u00fcn simgesi ve sembol\u00fcd\u00fcr\u201d<\/p>\n<p>A\u00e7\u0131l\u0131\u015f program\u0131nda konu\u015fan \u0130stanbul \u0130l K\u00fclt\u00fcr ve M\u00fcd\u00fcr\u00fc Dr. Co\u015fkun Y\u0131lmaz, \u201cOk, e\u011fitimden spora, ya\u015fam tarz\u0131ndan d\u00fcnyaya mesaja var\u0131ncaya kadar asl\u0131nda bir do\u011frulu\u011fun, bir d\u00fcr\u00fcstl\u00fc\u011f\u00fcn simgesi ve sembol\u00fcd\u00fcr. Bu k\u00fclt\u00fcr\u00fcn ihya edilmesi sadece e\u011fitim ve spor de\u011fil, ayn\u0131 zamanda bir ahlak\u0131 esas alan, d\u00fcr\u00fcstl\u00fc\u011f\u00fc esas alan bir medeniyetin in\u015fas\u0131d\u0131r. \u0130stanbul \u0130l K\u00fclt\u00fcr ve Turizm M\u00fcd\u00fcrl\u00fc\u011f\u00fc ve Ok\u00e7ular Vakf\u0131 ortakla\u015fa bu saray\u0131n avlusuna ilk defa bir hafta \u00f6zelli\u011fi ta\u015f\u0131yan; gelecek sene 2\u2019nci Ok\u00e7ular Vakf\u0131 olarak nitelendirmemiz m\u00fcmk\u00fcn. Ok\u00e7ular Haftas\u0131\u2019n\u0131n ilkini burada ger\u00e7ekle\u015ftirme bahtiyar\u0131n\u0131 ta\u015f\u0131yoruz\u201d diye konu\u015ftu.<\/p>\n","protected":false},"excerpt":{"rendered":"<p>K\u00dcLT\u00dcR VE TUR\u0130ZM BAKANI MEHMET NUR\u0130 ERSOY VE D\u00dcNYA ETNOSPOR KONFEDERASYONU BA\u015eKANI B\u0130LAL ERDO\u011eAN\u2019IN KATILIMLARIYLA RUZ-I HIZIR OK\u00c7ULUK SEZONUNUN A\u00c7ILI\u015eI \u0130LK KEZ TOPKAPI SARAYI\u2019NDA GER\u00c7EKLE\u015eT\u0130.<\/p>\n","protected":false},"author":1,"featured_media":152512,"comment_status":"closed","ping_status":"open","sticky":false,"template":"","format":"standard","meta":{"jetpack_post_was_ever_published":false,"_jetpack_newsletter_access":"","_jetpack_dont_email_post_to_subs":false,"_jetpack_newsletter_tier_id":0,"_jetpack_memberships_contains_paywalled_content":false,"_jetpack_memberships_contains_paid_content":false,"footnotes":"","jetpack_publicize_message":"","jetpack_publicize_feature_enabled":true,"jetpack_social_post_already_shared":true,"jetpack_social_options":{"image_generator_settings":{"template":"highway","default_image_id":0,"font":"","enabled":false},"version":2}},"categories":[1],"tags":[25698,742,55,5295,504,2868,12939,12521,34677,6296],"class_list":["post-152511","post","type-post","status-publish","format-standard","has-post-thumbnail","hentry","category-genel","tag-atisiyla","tag-bakan","tag-basladi","tag-bilal","tag-erdoganin","tag-ersoy","tag-hizir","tag-okculuk","tag-ruz-i","tag-sezonu"],"jetpack_publicize_connections":[],"jetpack_featured_media_url":"https:\/\/i0.wp.com\/www.tvturk.com\/wp-content\/uploads\/2019\/05\/ruz-i-hizir-okculuk-sezonu-bakan-ersoy-ve-bilal-erdoganin-ok-atisiyla-basladi_c289c3f.jpg?fit=1000%2C666","jetpack_sharing_enabled":true,"jetpack_shortlink":"https:\/\/wp.me\/paKIfm-DFR","_links":{"self":[{"href":"http:\/\/www.tvturk.com\/index.php\/wp-json\/wp\/v2\/posts\/152511","targetHints":{"allow":["GET"]}}],"collection":[{"href":"http:\/\/www.tvturk.com\/index.php\/wp-json\/wp\/v2\/posts"}],"about":[{"href":"http:\/\/www.tvturk.com\/index.php\/wp-json\/wp\/v2\/types\/post"}],"author":[{"embeddable":true,"href":"http:\/\/www.tvturk.com\/index.php\/wp-json\/wp\/v2\/users\/1"}],"replies":[{"embeddable":true,"href":"http:\/\/www.tvturk.com\/index.php\/wp-json\/wp\/v2\/comments?post=152511"}],"version-history":[{"count":0,"href":"http:\/\/www.tvturk.com\/index.php\/wp-json\/wp\/v2\/posts\/152511\/revisions"}],"wp:featuredmedia":[{"embeddable":true,"href":"http:\/\/www.tvturk.com\/index.php\/wp-json\/wp\/v2\/media\/152512"}],"wp:attachment":[{"href":"http:\/\/www.tvturk.com\/index.php\/wp-json\/wp\/v2\/media?parent=152511"}],"wp:term":[{"taxonomy":"category","embeddable":true,"href":"http:\/\/www.tvturk.com\/index.php\/wp-json\/wp\/v2\/categories?post=152511"},{"taxonomy":"post_tag","embeddable":true,"href":"http:\/\/www.tvturk.com\/index.php\/wp-json\/wp\/v2\/tags?post=152511"}],"curies":[{"name":"wp","href":"https:\/\/api.w.org\/{rel}","templated":true}]}}