{"id":152555,"date":"2019-05-03T22:31:12","date_gmt":"2019-05-03T19:31:12","guid":{"rendered":"http:\/\/www.tvturk.com\/index.php\/bakan-cavusoglu-kktcde\/"},"modified":"2019-05-03T22:31:12","modified_gmt":"2019-05-03T19:31:12","slug":"bakan-cavusoglu-kktcde","status":"publish","type":"post","link":"http:\/\/www.tvturk.com\/index.php\/bakan-cavusoglu-kktcde\/","title":{"rendered":"Bakan \u00c7avu\u015fo\u011flu KKTC\u2019de"},"content":{"rendered":"<p>D\u0131\u015fi\u015fleri Bakan\u0131 Mevl\u00fct \u00c7avu\u015fo\u011flu, K\u00fcresel Gazeteciler Konseyi (KGK) Medya Bulu\u015fmas\u0131\u2019n\u0131n a\u00e7\u0131l\u0131\u015f oturumuna kat\u0131lmak \u00fczere Kuzey K\u0131br\u0131s T\u00fcrk Cumhuriyeti\u2019ne (KKTC) geldi.<\/p>\n<p>D\u0131\u015fi\u015fleri Bakan\u0131 Mevl\u00fct \u00c7avu\u015fo\u011flu, Girne\u2019de d\u00fczenlenecek K\u00fcresel Gazeteciler Konseyi (KGK) Medya Bulu\u015fmas\u0131\u2019n\u0131n a\u00e7\u0131l\u0131\u015f oturumuna kat\u0131lmak \u00fczere bu ak\u015fam  Kuzey K\u0131br\u0131s T\u00fcrk Cumhuriyeti \u2018ne (KKTC) geldi. \u00c7avu\u015fo\u011flu\u2019nu Ercan Havaliman\u0131\u2019nda, KKTC Ba\u015fbakan Yard\u0131mc\u0131s\u0131 ve D\u0131\u015fi\u015fleri Bakan\u0131 Kudret \u00d6zersay kar\u015f\u0131lad\u0131.<\/p>\n<p>\u00c7avu\u015fo\u011flu\u2019nun program\u0131 kapsam\u0131nda KKTC Cumhurba\u015fkan\u0131 Mustafa Ak\u0131nc\u0131 ile de g\u00f6r\u00fc\u015fmesi bekleniyor.<\/p>\n","protected":false},"excerpt":{"rendered":"<p>DI\u015e\u0130\u015eLER\u0130 BAKANI MEVL\u00dcT \u00c7AVU\u015eO\u011eLU K\u00dcRESEL GAZETEC\u0130LER KONSEY\u0130 (KGK) MEDYA BULU\u015eMASI\u2019NIN A\u00c7ILI\u015e OTURUMUNA KATILMAK \u00dcZERE KUZEY KIBRIS T\u00dcRK CUMHUR\u0130YET\u0130\u2019NE (KKTC)  GELD\u0130.<\/p>\n","protected":false},"author":1,"featured_media":152556,"comment_status":"closed","ping_status":"open","sticky":false,"template":"","format":"standard","meta":{"jetpack_post_was_ever_published":false,"_jetpack_newsletter_access":"","_jetpack_dont_email_post_to_subs":false,"_jetpack_newsletter_tier_id":0,"_jetpack_memberships_contains_paywalled_content":false,"_jetpack_memberships_contains_paid_content":false,"footnotes":"","jetpack_publicize_message":"","jetpack_publicize_feature_enabled":true,"jetpack_social_post_already_shared":true,"jetpack_social_options":{"image_generator_settings":{"template":"highway","default_image_id":0,"font":"","enabled":false},"version":2}},"categories":[10],"tags":[742,1499,4716],"class_list":["post-152555","post","type-post","status-publish","format-standard","has-post-thumbnail","hentry","category-dunya","tag-bakan","tag-cavusoglu","tag-kktcde"],"jetpack_publicize_connections":[],"jetpack_featured_media_url":"https:\/\/i0.wp.com\/www.tvturk.com\/wp-content\/uploads\/2019\/05\/bakan-cavusoglu-kktcde_893f80d.jpg?fit=1000%2C812","jetpack_sharing_enabled":true,"jetpack_shortlink":"https:\/\/wp.me\/paKIfm-DGz","_links":{"self":[{"href":"http:\/\/www.tvturk.com\/index.php\/wp-json\/wp\/v2\/posts\/152555","targetHints":{"allow":["GET"]}}],"collection":[{"href":"http:\/\/www.tvturk.com\/index.php\/wp-json\/wp\/v2\/posts"}],"about":[{"href":"http:\/\/www.tvturk.com\/index.php\/wp-json\/wp\/v2\/types\/post"}],"author":[{"embeddable":true,"href":"http:\/\/www.tvturk.com\/index.php\/wp-json\/wp\/v2\/users\/1"}],"replies":[{"embeddable":true,"href":"http:\/\/www.tvturk.com\/index.php\/wp-json\/wp\/v2\/comments?post=152555"}],"version-history":[{"count":0,"href":"http:\/\/www.tvturk.com\/index.php\/wp-json\/wp\/v2\/posts\/152555\/revisions"}],"wp:featuredmedia":[{"embeddable":true,"href":"http:\/\/www.tvturk.com\/index.php\/wp-json\/wp\/v2\/media\/152556"}],"wp:attachment":[{"href":"http:\/\/www.tvturk.com\/index.php\/wp-json\/wp\/v2\/media?parent=152555"}],"wp:term":[{"taxonomy":"category","embeddable":true,"href":"http:\/\/www.tvturk.com\/index.php\/wp-json\/wp\/v2\/categories?post=152555"},{"taxonomy":"post_tag","embeddable":true,"href":"http:\/\/www.tvturk.com\/index.php\/wp-json\/wp\/v2\/tags?post=152555"}],"curies":[{"name":"wp","href":"https:\/\/api.w.org\/{rel}","templated":true}]}}