{"id":152582,"date":"2019-05-04T09:13:00","date_gmt":"2019-05-04T06:13:00","guid":{"rendered":"http:\/\/www.tvturk.com\/index.php\/ozel-istanbulun-gobeginde-devasa-binalarin-golgesindeki-seralar-havadan-goruntulendi\/"},"modified":"2019-05-04T09:13:00","modified_gmt":"2019-05-04T06:13:00","slug":"ozel-istanbulun-gobeginde-devasa-binalarin-golgesindeki-seralar-havadan-goruntulendi","status":"publish","type":"post","link":"http:\/\/www.tvturk.com\/index.php\/ozel-istanbulun-gobeginde-devasa-binalarin-golgesindeki-seralar-havadan-goruntulendi\/","title":{"rendered":"(\u00d6zel) \u0130stanbul\u2019un g\u00f6be\u011finde, devasa binalar\u0131n g\u00f6lgesindeki seralar havadan g\u00f6r\u00fcnt\u00fclendi"},"content":{"rendered":"<p>Maltepe\u2019de devasa binalar\u0131n g\u00f6lgesinde  organik tar\u0131m faaliyetini s\u00fcrd\u00fcren \u00e7ift\u00e7iler g\u00f6renleri hayrete d\u00fc\u015f\u00fcr\u00fcyor. 6 d\u00f6n\u00fcml\u00fck arazide yap\u0131lan organik tar\u0131m ve serac\u0131l\u0131k havadan g\u00f6r\u00fcnt\u00fclendi.<\/p>\n<p>Bo\u015f arazinin bulunmas\u0131n\u0131n adeta imkans\u0131z oldu\u011fu \u0130stanbul\u2019un g\u00f6be\u011finde kameralara tak\u0131lan bir g\u00f6r\u00fcnt\u00fc \u015fa\u015fk\u0131na \u00e7evirdi. Maltepe\u2019de devasa binalar\u0131n aras\u0131nda bulunan sera ve organik tar\u0131m arazisi g\u00f6renleri \u015fa\u015fk\u0131na \u00e7eviriyor. Maltepe\u2019nin adeta merkezinde  sera ve organik tar\u0131m ekiminin yap\u0131lmas\u0131 dikkat \u00e7ekiyor. 70 y\u0131ld\u0131r bu gelene\u011fi s\u00fcrd\u00fcrd\u00fcklerin s\u00f6yleyen \u00e7ift\u00e7i Dursun Buyurman \u0130stanbul\u2019da zor \u015fartlarda alt\u0131nda ve devasa binalar\u0131n aras\u0131nda tar\u0131mla u\u011fra\u015ft\u0131klar\u0131n\u0131 belirtti. Bir gelenek hale geldi\u011fini ifade eden 60 ya\u015f\u0131ndaki \u00e7ift\u00e7i Buyurman, \u201cArt\u0131k burada bah\u00e7e \u00e7ok zor \u015fartlara yapabiliyoruz. \u00c7\u00fcnk\u00fc g\u00fcbreyi getirdi\u011fimiz zaman neredeyse karakolluk oluyoruz. G\u00fcbresiz bu i\u015f olmuyor. Biz de bu i\u015fi normal hormonsuz yapmak istiyoruz. Kendimizde yiyoruz, \u00e7ocuklar\u0131m\u0131za yediriyoruz. Zaten hormonu da bilmiyoruz. \u00c7\u00fcnk\u00fc biz eski gelenekten gelmeyiz. Tohumlar\u0131m\u0131z hibrit de\u011fil kendimiz \u00fcretiyoruz. Tohumu tarlaya ekti\u011fimiz zaman o tohumdan tohum \u00e7\u0131kart\u0131yoruz. Art\u0131k bundan sonra b\u00f6yle tohumlar\u0131 da bulamayaca\u011f\u0131z. Dedem 1940\u2019l\u0131 y\u0131llarda buraya gelmi\u015fler. Onlar hep bah\u00e7e i\u015flerinde \u00e7al\u0131\u015fm\u0131\u015flar\u201d dedi.<\/p>\n<p>6 d\u00f6n\u00fcml\u00fck arazide mevsimlik sebzelerin yeti\u015ftirildi\u011fi alan ise drone ile havadan g\u00f6r\u00fcnt\u00fclendi. G\u00f6r\u00fcnt\u00fcler adeta Antalya\u2019daki seralar\u0131 an\u0131msat\u0131rken, devasa binalar\u0131n aras\u0131nda organik tar\u0131m tarlalar\u0131 ve seralar manzaras\u0131yla \u015fa\u015fk\u0131na \u00e7evirdi.<\/p>\n","protected":false},"excerpt":{"rendered":"<p>MALTEPE\u2019DE DEVASA B\u0130NALARIN G\u00d6LGES\u0130NDE  ORGAN\u0130K TARIM FAAL\u0130YET\u0130N\u0130 S\u00dcRD\u00dcREN \u00c7\u0130FT\u00c7\u0130LER G\u00d6RENLER\u0130 HAYRETE D\u00dc\u015e\u00dcR\u00dcYOR. 6 D\u00d6N\u00dcML\u00dcK ARAZ\u0130DE YAPILAN ORGAN\u0130K TARIM VE SERACILIK HAVADAN G\u00d6R\u00dcNT\u00dcLEND\u0130.<\/p>\n","protected":false},"author":1,"featured_media":152583,"comment_status":"closed","ping_status":"open","sticky":false,"template":"","format":"standard","meta":{"jetpack_post_was_ever_published":false,"_jetpack_newsletter_access":"","_jetpack_dont_email_post_to_subs":false,"_jetpack_newsletter_tier_id":0,"_jetpack_memberships_contains_paywalled_content":false,"_jetpack_memberships_contains_paid_content":false,"footnotes":"","jetpack_publicize_message":"","jetpack_publicize_feature_enabled":true,"jetpack_social_post_already_shared":true,"jetpack_social_options":{"image_generator_settings":{"template":"highway","default_image_id":0,"font":"","enabled":false},"version":2}},"categories":[1],"tags":[1073,17377,34443,22471,34702,3388,3387,10066,27357],"class_list":["post-152582","post","type-post","status-publish","format-standard","has-post-thumbnail","hentry","category-genel","tag-ozel","tag-binalarin","tag-devasa","tag-gobeginde","tag-golgesindeki","tag-goruntulendi","tag-havadan","tag-istanbulun","tag-seralar"],"jetpack_publicize_connections":[],"jetpack_featured_media_url":"https:\/\/i0.wp.com\/www.tvturk.com\/wp-content\/uploads\/2019\/05\/ozel-istanbulun-gobeginde-devasa-binalarin-golgesindeki-seralar-havadan-goruntulendi_ea27c27.jpg?fit=1000%2C562","jetpack_sharing_enabled":true,"jetpack_shortlink":"https:\/\/wp.me\/paKIfm-DH0","_links":{"self":[{"href":"http:\/\/www.tvturk.com\/index.php\/wp-json\/wp\/v2\/posts\/152582","targetHints":{"allow":["GET"]}}],"collection":[{"href":"http:\/\/www.tvturk.com\/index.php\/wp-json\/wp\/v2\/posts"}],"about":[{"href":"http:\/\/www.tvturk.com\/index.php\/wp-json\/wp\/v2\/types\/post"}],"author":[{"embeddable":true,"href":"http:\/\/www.tvturk.com\/index.php\/wp-json\/wp\/v2\/users\/1"}],"replies":[{"embeddable":true,"href":"http:\/\/www.tvturk.com\/index.php\/wp-json\/wp\/v2\/comments?post=152582"}],"version-history":[{"count":0,"href":"http:\/\/www.tvturk.com\/index.php\/wp-json\/wp\/v2\/posts\/152582\/revisions"}],"wp:featuredmedia":[{"embeddable":true,"href":"http:\/\/www.tvturk.com\/index.php\/wp-json\/wp\/v2\/media\/152583"}],"wp:attachment":[{"href":"http:\/\/www.tvturk.com\/index.php\/wp-json\/wp\/v2\/media?parent=152582"}],"wp:term":[{"taxonomy":"category","embeddable":true,"href":"http:\/\/www.tvturk.com\/index.php\/wp-json\/wp\/v2\/categories?post=152582"},{"taxonomy":"post_tag","embeddable":true,"href":"http:\/\/www.tvturk.com\/index.php\/wp-json\/wp\/v2\/tags?post=152582"}],"curies":[{"name":"wp","href":"https:\/\/api.w.org\/{rel}","templated":true}]}}