{"id":152682,"date":"2019-05-04T11:36:04","date_gmt":"2019-05-04T08:36:04","guid":{"rendered":"http:\/\/www.tvturk.com\/index.php\/tiras-fiyatlarina-yuzde-30-zam\/"},"modified":"2019-05-04T11:36:04","modified_gmt":"2019-05-04T08:36:04","slug":"tiras-fiyatlarina-yuzde-30-zam","status":"publish","type":"post","link":"http:\/\/www.tvturk.com\/index.php\/tiras-fiyatlarina-yuzde-30-zam\/","title":{"rendered":"T\u0131ra\u015f fiyatlar\u0131na y\u00fczde 30 zam"},"content":{"rendered":"<p>Bursa\u2019n\u0131n \u0130neg\u00f6l il\u00e7esinde t\u0131ra\u015f fiyatlar\u0131 y\u00fczde 30 zamland\u0131.<\/p>\n<p>\u0130neg\u00f6l Berberler ve Kuaf\u00f6rler Odas\u0131, t\u0131ra\u015f fiyatlar\u0131na y\u00fczde 30 zam yapt\u0131. Yeni fiyat tarifesi pazartesi g\u00fcn\u00fcnden itibaren ge\u00e7erli olacak. \u0130l\u00e7ede 202 erkek berberi ve 97 kad\u0131n kuaf\u00f6r\u00fcn\u00fcn faaliyet g\u00f6sterdi\u011fini s\u00f6yleyen yetkililer, \u201cEsnaf\u0131m\u0131z\u0131n Ba\u011f-Kur, elektrik, su, do\u011falgaz ve d\u00fckkan kiralar\u0131 ba\u015fta olmak \u00fczere malzemelere gelen zam art\u0131\u015flar\u0131 \u00fczerine 2 y\u0131ld\u0131r ayn\u0131 olan berber ve kuaf\u00f6rlerdeki fiyat tarifelerine \u00fcyelerimizden gelen talepler do\u011frultusunda zam yap\u0131ld\u0131. Y\u00f6netim kurulumuzca uygun g\u00f6r\u00fclen zam talebi Bursa Esnaf Odalar Birli\u011fi\u2019nin fiyat tespit komisyonunca olumlu kar\u015f\u0131land\u0131 ve 2 May\u0131sta fiyat teklifimiz onayland\u0131. Birli\u011fimiz taraf\u0131ndan onaylanan fiyat teklifimiz \u0130neg\u00f6l Belediyesi taraf\u0131ndan da onaylanarak fiyatlar\u0131m\u0131za zam yap\u0131lm\u0131\u015ft\u0131r\u201d dedi.<\/p>\n","protected":false},"excerpt":{"rendered":"<p>BURSA \u0130NEG\u00d6L BERBERLER VE KUAF\u00d6RLER ODASI, 2 YIL SONRA F\u0130YAT TAR\u0130FELER\u0130NE %30 ZAM YAPTI. YEN\u0130 F\u0130YAT TAR\u0130FES\u0130 PAZARTES\u0130 G\u00dcN\u00dcNDEN \u0130T\u0130BAREN GE\u00c7ERL\u0130 OLACAK.<\/p>\n","protected":false},"author":1,"featured_media":152683,"comment_status":"closed","ping_status":"open","sticky":false,"template":"","format":"standard","meta":{"jetpack_post_was_ever_published":false,"_jetpack_newsletter_access":"","_jetpack_dont_email_post_to_subs":false,"_jetpack_newsletter_tier_id":0,"_jetpack_memberships_contains_paywalled_content":false,"_jetpack_memberships_contains_paid_content":false,"footnotes":"","jetpack_publicize_message":"","jetpack_publicize_feature_enabled":true,"jetpack_social_post_already_shared":true,"jetpack_social_options":{"image_generator_settings":{"template":"highway","default_image_id":0,"font":"","enabled":false},"version":2}},"categories":[19],"tags":[2975,34751,3480,4652],"class_list":["post-152682","post","type-post","status-publish","format-standard","has-post-thumbnail","hentry","category-ekonomi","tag-fiyatlarina","tag-tiras","tag-yuzde","tag-zam"],"jetpack_publicize_connections":[],"jetpack_featured_media_url":"https:\/\/i0.wp.com\/www.tvturk.com\/wp-content\/uploads\/2019\/05\/tiras-fiyatlarina-yuzde-30-zam_4bdb65b.jpg?fit=1000%2C563","jetpack_sharing_enabled":true,"jetpack_shortlink":"https:\/\/wp.me\/paKIfm-DIC","_links":{"self":[{"href":"http:\/\/www.tvturk.com\/index.php\/wp-json\/wp\/v2\/posts\/152682","targetHints":{"allow":["GET"]}}],"collection":[{"href":"http:\/\/www.tvturk.com\/index.php\/wp-json\/wp\/v2\/posts"}],"about":[{"href":"http:\/\/www.tvturk.com\/index.php\/wp-json\/wp\/v2\/types\/post"}],"author":[{"embeddable":true,"href":"http:\/\/www.tvturk.com\/index.php\/wp-json\/wp\/v2\/users\/1"}],"replies":[{"embeddable":true,"href":"http:\/\/www.tvturk.com\/index.php\/wp-json\/wp\/v2\/comments?post=152682"}],"version-history":[{"count":0,"href":"http:\/\/www.tvturk.com\/index.php\/wp-json\/wp\/v2\/posts\/152682\/revisions"}],"wp:featuredmedia":[{"embeddable":true,"href":"http:\/\/www.tvturk.com\/index.php\/wp-json\/wp\/v2\/media\/152683"}],"wp:attachment":[{"href":"http:\/\/www.tvturk.com\/index.php\/wp-json\/wp\/v2\/media?parent=152682"}],"wp:term":[{"taxonomy":"category","embeddable":true,"href":"http:\/\/www.tvturk.com\/index.php\/wp-json\/wp\/v2\/categories?post=152682"},{"taxonomy":"post_tag","embeddable":true,"href":"http:\/\/www.tvturk.com\/index.php\/wp-json\/wp\/v2\/tags?post=152682"}],"curies":[{"name":"wp","href":"https:\/\/api.w.org\/{rel}","templated":true}]}}