{"id":152726,"date":"2019-05-04T12:57:22","date_gmt":"2019-05-04T09:57:22","guid":{"rendered":"http:\/\/www.tvturk.com\/index.php\/karamanda-baraj-ve-goletler-doldu-tasti\/"},"modified":"2019-05-04T12:57:22","modified_gmt":"2019-05-04T09:57:22","slug":"karamanda-baraj-ve-goletler-doldu-tasti","status":"publish","type":"post","link":"http:\/\/www.tvturk.com\/index.php\/karamanda-baraj-ve-goletler-doldu-tasti\/","title":{"rendered":"Karaman\u2019da baraj ve g\u00f6letler doldu, ta\u015ft\u0131"},"content":{"rendered":"<p>Karaman\u2019daki t\u00fcm baraj ve g\u00f6letlerde su seviyelerinin ikiye katlayarak ta\u015fma noktas\u0131na gelmesi en \u00e7ok \u00e7ift\u00e7ileri sevindiriyor. Tamamen dolan \u0130brala ve Ayranc\u0131 barajlar\u0131nda kapaklar a\u00e7\u0131larak su tahliyesi ba\u015flad\u0131.<\/p>\n<p>Etraf\u0131 baraj ve g\u00f6letle \u00e7evrili olan Karaman\u2019da, 10 baraj ile 9 g\u00f6let bulunuyor. 58 metre y\u00fcksekli\u011fe ve 134 milyon metrek\u00fcp kapasiteye sahip olan \u0130brala Baraj\u0131, y\u00fczde 100 doluluk oran\u0131na ula\u015ft\u0131. Ermenek HES ile G\u00f6det Baraj\u0131\u2019ndan sonra Karaman\u2019\u0131n \u00fc\u00e7\u00fcnc\u00fc b\u00fcy\u00fck baraj\u0131 konumundaki \u0130brala Baraj\u0131, doluluk oran\u0131yla tarihi rekor k\u0131rd\u0131. Baraj ge\u00e7en y\u0131la oranla y\u00fczde 60 daha fazla su oran\u0131na ula\u015ft\u0131. Baraj\u0131n ta\u015fma riskine kar\u015f\u0131 ekipler b\u00fct\u00fcn \u00f6nlemlerini ald\u0131. DS\u0130 ekipleri baraj\u0131n ta\u015f\u0131p afete yol a\u00e7mamas\u0131 i\u00e7in s\u0131k s\u0131k su seviyesini kontrol ediyor.<\/p>\n<p>Baraj, ilk defa ta\u015fma noktas\u0131na geldi<\/p>\n<p>Ta\u015fma noktas\u0131na gelen \u0130brala Baraj\u0131\u2019ndan su tahliyesi yap\u0131ld\u0131\u011f\u0131n\u0131 duyan k\u00f6yl\u00fcler bu an\u0131 g\u00f6rmek i\u00e7in baraj kapaklar\u0131n\u0131n bulundu\u011fu b\u00f6lgeye gelerek izliyor. Beydilli k\u00f6y\u00fcnden Arif G\u00fcrsoy, &#8220;Baraj yap\u0131ld\u0131ktan sonra ya\u011f\u0131\u015flar\u0131n bol olmas\u0131 nedeniyle ilk y\u0131l iyi su vard\u0131&#8221; diyerek, &#8220;Ancak ilk defa bu kadar seviyeye ula\u015farak sal\u0131nd\u0131. \u015eu an son haddine gelmi\u015f durumdad\u0131r\u201d dedi.<\/p>\n<p>\u00c7ift\u00e7iler olarak baraj\u0131n dolmas\u0131n\u0131n kendilerini \u00e7ok mutlu etti\u011fini belirten G\u00fcrsoy, barajdaki su, ger\u00e7ekten g\u00f6r\u00fclmemi\u015f bir seviyeye \u00e7\u0131kt\u0131. Ancak tar\u0131mda y\u00fczde 100 faydalanam\u0131yoruz. Baraj\u0131n etraf\u0131ndaki birka\u00e7 k\u00f6y sudan yararlanabiliyor. Bizlerin yetkililerden tek iste\u011fi var, o da bu sudan di\u011fer k\u00f6ylerinde yararlanmas\u0131n\u0131n sa\u011flamas\u0131d\u0131r\u201d diye konu\u015ftu.<\/p>\n","protected":false},"excerpt":{"rendered":"<p>KARAMAN\u2019DAK\u0130 T\u00dcM BARAJ VE G\u00d6LETLERDE SU SEV\u0130YELER\u0130N\u0130N \u0130K\u0130YE KATLAYARAK TA\u015eMA NOKTASINA GELMES\u0130 EN \u00c7OK \u00c7\u0130FT\u00c7\u0130LER\u0130 SEV\u0130ND\u0130R\u0130YOR.<\/p>\n","protected":false},"author":1,"featured_media":152727,"comment_status":"closed","ping_status":"open","sticky":false,"template":"","format":"standard","meta":{"jetpack_post_was_ever_published":false,"_jetpack_newsletter_access":"","_jetpack_dont_email_post_to_subs":false,"_jetpack_newsletter_tier_id":0,"_jetpack_memberships_contains_paywalled_content":false,"_jetpack_memberships_contains_paid_content":false,"footnotes":"","jetpack_publicize_message":"","jetpack_publicize_feature_enabled":true,"jetpack_social_post_already_shared":true,"jetpack_social_options":{"image_generator_settings":{"template":"highway","default_image_id":0,"font":"","enabled":false},"version":2}},"categories":[1],"tags":[1369,7688,34766,1873,4666],"class_list":["post-152726","post","type-post","status-publish","format-standard","has-post-thumbnail","hentry","category-genel","tag-baraj","tag-doldu","tag-goletler","tag-karamanda","tag-tasti"],"jetpack_publicize_connections":[],"jetpack_featured_media_url":"https:\/\/i0.wp.com\/www.tvturk.com\/wp-content\/uploads\/2019\/05\/karamanda-baraj-ve-goletler-doldu-tasti_ebdb49f.jpg?fit=1000%2C666","jetpack_sharing_enabled":true,"jetpack_shortlink":"https:\/\/wp.me\/paKIfm-DJk","_links":{"self":[{"href":"http:\/\/www.tvturk.com\/index.php\/wp-json\/wp\/v2\/posts\/152726","targetHints":{"allow":["GET"]}}],"collection":[{"href":"http:\/\/www.tvturk.com\/index.php\/wp-json\/wp\/v2\/posts"}],"about":[{"href":"http:\/\/www.tvturk.com\/index.php\/wp-json\/wp\/v2\/types\/post"}],"author":[{"embeddable":true,"href":"http:\/\/www.tvturk.com\/index.php\/wp-json\/wp\/v2\/users\/1"}],"replies":[{"embeddable":true,"href":"http:\/\/www.tvturk.com\/index.php\/wp-json\/wp\/v2\/comments?post=152726"}],"version-history":[{"count":0,"href":"http:\/\/www.tvturk.com\/index.php\/wp-json\/wp\/v2\/posts\/152726\/revisions"}],"wp:featuredmedia":[{"embeddable":true,"href":"http:\/\/www.tvturk.com\/index.php\/wp-json\/wp\/v2\/media\/152727"}],"wp:attachment":[{"href":"http:\/\/www.tvturk.com\/index.php\/wp-json\/wp\/v2\/media?parent=152726"}],"wp:term":[{"taxonomy":"category","embeddable":true,"href":"http:\/\/www.tvturk.com\/index.php\/wp-json\/wp\/v2\/categories?post=152726"},{"taxonomy":"post_tag","embeddable":true,"href":"http:\/\/www.tvturk.com\/index.php\/wp-json\/wp\/v2\/tags?post=152726"}],"curies":[{"name":"wp","href":"https:\/\/api.w.org\/{rel}","templated":true}]}}