{"id":15273,"date":"2019-02-09T13:13:45","date_gmt":"2019-02-09T10:13:45","guid":{"rendered":"http:\/\/www.tvturk.com\/index.php\/kadin-taraftarlar-polisleri-unutmadi\/"},"modified":"2019-02-09T13:13:47","modified_gmt":"2019-02-09T10:13:47","slug":"kadin-taraftarlar-polisleri-unutmadi","status":"publish","type":"post","link":"http:\/\/www.tvturk.com\/index.php\/kadin-taraftarlar-polisleri-unutmadi\/","title":{"rendered":"Kad\u0131n taraftarlar polisleri unutmad\u0131"},"content":{"rendered":"<p>Gazi\u015fehir Kad\u0131n Taraftarlar Derne\u011fi Ba\u015fkan\u0131 Mezine S\u0131rakaya ve y\u00f6netimi, Gaziantep Emniyet M\u00fcd\u00fcrl\u00fc\u011f\u00fc Spor G\u00fcvenli\u011fi \u015eube M\u00fcd\u00fcrl\u00fc\u011f\u00fcne te\u015fekk\u00fcr ziyaretinde bulundu.<\/p>\n<p>Gazi\u015fehir Kad\u0131n Taraftarlar Dernek Ba\u015fkan\u0131 Mezine S\u0131rakaya, sporda g\u00fcvenli\u011fi ve huzuru sa\u011flayan emniyet personelinin \u00e7ok \u00f6nemli bir g\u00f6rev \u00fcstlendi\u011fine dikkat \u00e7ekerek, \u201cMesai mefhumu g\u00f6zetmeksizin t\u00fcm spor alanlar\u0131nda huzuru ve g\u00fcvenli\u011fini sa\u011flayan Gaziantep Emniyet Spor G\u00fcvenli\u011fi \u015eube M\u00fcd\u00fcrl\u00fc\u011f\u00fcnde g\u00f6rev yapan polislerimize,  Gazi\u015fehir Taraftar Derne\u011fi olarak \u00e7ok te\u015fekk\u00fcr ediyoruz. Trib\u00fcnlerde \u015fiddet de\u011fil \u00e7i\u00e7ek atmak i\u00e7in yola \u00e7\u0131kt\u0131k. Sporun bir centilmenlik oldu\u011fu bilincini, her alanda ruh ve beden sa\u011fl\u0131\u011f\u0131 ya\u015fam i\u00e7in ne kadar gerekli konusunda Kad\u0131nlar\u0131m\u0131z\u0131 bilin\u00e7lendirmek \u00f6nceli\u011fimiz. \u00c7\u00fcnk\u00fc toplumun anahtar\u0131 kad\u0131nlar\u0131m\u0131z. \u00c7ocuklar\u0131m\u0131z\u0131 yeti\u015ftiren bizleriz. Siz de\u011ferli polislerimiz sayesinde Gaziantep\u2019imizin birbirinden de\u011ferli tak\u0131mlar\u0131n\u0131 trib\u00fcnde g\u00f6n\u00fcl rahatl\u0131\u011f\u0131 ile izliyoruz, g\u00fcvenli bir \u015fekilde destekliyoruz. Bu y\u0131l tak\u0131mlar\u0131m\u0131zdan b\u00fcy\u00fck ba\u015far\u0131lar bekliyoruz. Tak\u0131mlar\u0131m\u0131z\u0131n ba\u015far\u0131y\u0131 yakalamalar\u0131 i\u00e7in de onlar\u0131 sonuna kadar destekliyoruz. Umar\u0131z bu sezon sonunda Gazi\u015fehir Tak\u0131m\u0131m\u0131z\u0131 S\u00fcper Ligde g\u00f6r\u00fcr\u00fcz. Gaziantep Basketbol Tak\u0131m\u0131m\u0131z da bu sezon \u00e7ok ba\u015far\u0131l\u0131. Tekerlekli Basketbol Tak\u0131m\u0131m\u0131z\u0131n ba\u015far\u0131s\u0131n\u0131 tart\u0131\u015fmaya gerek yok. Ma\u015fallah \u00e7ok iyi gidiyorlar. Bizi \u00fczen bir zamanlar Ad\u0131n\u0131 Avrupa\u2019ya yazd\u0131ran Markam\u0131z Gaziantepspor\u2019un geldi\u011fi nokta. Gaziantepspor i\u00e7in insan\u0131n i\u00e7inin s\u0131zlamamas\u0131 vicdans\u0131zl\u0131k, hainlik olur. Ama elimizden bir \u015fey gelmiyor. Tekrar sizlere \u00e7ok te\u015fekk\u00fcr ediyorum\u201d dedi.<\/p>\n<p>Kad\u0131nlar\u0131 trib\u00fcnde g\u00f6rd\u00fcklerinde sevindiklerini belirten Spor G\u00fcvenli\u011fi yetkilileri ise,  \u201cBiz sizleri ilk trib\u00fcnde g\u00f6rd\u00fc\u011f\u00fcm\u00fczde \u00e7ok sevindik. \u00c7\u00fcnk\u00fc trib\u00fcnlerde Kad\u0131n Taraftarlar\u0131m\u0131z\u0131n artmas\u0131 bizlerin i\u015fini daha \u00e7ok kolayla\u015ft\u0131r\u0131yor. Sizlerin trib\u00fcnlerde artmas\u0131n\u0131n Trib\u00fcnlerimizde kaliteyi artt\u0131raca\u011f\u0131n\u0131 d\u00fc\u015f\u00fcn\u00fcyorum. Bizleri de unutmad\u0131\u011f\u0131n\u0131z onura etti\u011finiz i\u00e7in ayr\u0131ca \u00e7ok gurur duyduk. Sizlerin Can ve mal g\u00fcvenli\u011fi bizlere emanet. Bundan dolay\u0131d\u0131r ki Taraftarlar\u0131m\u0131zdan da tak\u0131mlar\u0131na destek olurken \u015fiddetten uzak durmalar\u0131n\u0131 tavsiye ediyorum. Bizlerin i\u015fini kolayla\u015ft\u0131rmak a\u00e7\u0131s\u0131ndan bilin\u00e7li taraftar \u00e7ok \u00f6nemli. Sizlerin vesilesiyle bu y\u0131l 1. Ligde m\u00fccadele eden Gazi\u015fehir FK tak\u0131m\u0131m\u0131za da ba\u015far\u0131lar diliyorum. \u0130n\u015fallah s\u00fcper lige \u00e7\u0131kar\u0131z\u201d diye konu\u015ftu.<\/p>\n<p>Gazi\u015fehir Kad\u0131n Taraftarlar Derne\u011fi ziyaretin sonunda Gaziantep Emniyet M\u00fcd\u00fcrl\u00fc\u011f\u00fc Spor G\u00fcvenli\u011fi \u015eube M\u00fcd\u00fcr\u00fc ve personellerine plaket takdim etti.<div class=\"tiled-gallery type-rectangular tiled-gallery-unresized\" data-original-width=\"500\" data-carousel-extra='null' itemscope itemtype=\"http:\/\/schema.org\/ImageGallery\" > <div class=\"gallery-row\" style=\"width: 500px; height: 231px;\" data-original-width=\"500\" data-original-height=\"231\" > <div class=\"gallery-group images-1\" style=\"width: 345px; height: 231px;\" data-original-width=\"345\" data-original-height=\"231\" > <div class=\"tiled-gallery-item tiled-gallery-item-large\" itemprop=\"associatedMedia\" itemscope itemtype=\"http:\/\/schema.org\/ImageObject\"> <a href=\"http:\/\/www.tvturk.com\/index.php\/kadin-taraftarlar-polisleri-unutmadi\/kadin-taraftarlar-polisleri-unutmadi-3\/\" border=\"0\" itemprop=\"url\"> <meta itemprop=\"width\" content=\"341\"> <meta itemprop=\"height\" content=\"227\"> <img decoding=\"async\" class=\"\" data-attachment-id=\"15275\" data-orig-file=\"http:\/\/www.tvturk.com\/wp-content\/uploads\/2019\/02\/kadin-taraftarlar-polisleri-unutmadi_211fd4b.jpg\" data-orig-size=\"1000,666\" data-comments-opened=\"\" data-image-meta=\"{&quot;aperture&quot;:&quot;0&quot;,&quot;credit&quot;:&quot;IHA&quot;,&quot;camera&quot;:&quot;&quot;,&quot;caption&quot;:&quot;KADIN TARAFTARLAR POL\\u0130SLER\\u0130 UNUTMADI (\\u0130HA\\\/GAZ\\u0130ANTEP-\\u0130HA)&quot;,&quot;created_timestamp&quot;:&quot;0&quot;,&quot;copyright&quot;:&quot;\\u0130HLAS HABER AJANSI, www.iha.com.tr&quot;,&quot;focal_length&quot;:&quot;0&quot;,&quot;iso&quot;:&quot;0&quot;,&quot;shutter_speed&quot;:&quot;0&quot;,&quot;title&quot;:&quot;KADIN TARAFTARLAR POL\\u0130SLER\\u0130 UNUTMADI&quot;,&quot;orientation&quot;:&quot;0&quot;}\" data-image-title=\"Kad\u0131n taraftarlar polisleri unutmad\u0131\" data-image-description=\"&lt;p&gt;Kad\u0131n taraftarlar polisleri unutmad\u0131&lt;\/p&gt; \" data-medium-file=\"https:\/\/i0.wp.com\/www.tvturk.com\/wp-content\/uploads\/2019\/02\/kadin-taraftarlar-polisleri-unutmadi_211fd4b.jpg?fit=300%2C200\" data-large-file=\"https:\/\/i0.wp.com\/www.tvturk.com\/wp-content\/uploads\/2019\/02\/kadin-taraftarlar-polisleri-unutmadi_211fd4b.jpg?fit=1000%2C666\" src=\"https:\/\/i0.wp.com\/www.tvturk.com\/wp-content\/uploads\/2019\/02\/kadin-taraftarlar-polisleri-unutmadi_211fd4b.jpg?w=341&#038;h=227\" srcset=\"https:\/\/i0.wp.com\/www.tvturk.com\/wp-content\/uploads\/2019\/02\/kadin-taraftarlar-polisleri-unutmadi_211fd4b.jpg?w=1000 1000w, https:\/\/i0.wp.com\/www.tvturk.com\/wp-content\/uploads\/2019\/02\/kadin-taraftarlar-polisleri-unutmadi_211fd4b.jpg?resize=150%2C100 150w, https:\/\/i0.wp.com\/www.tvturk.com\/wp-content\/uploads\/2019\/02\/kadin-taraftarlar-polisleri-unutmadi_211fd4b.jpg?resize=300%2C200 300w, https:\/\/i0.wp.com\/www.tvturk.com\/wp-content\/uploads\/2019\/02\/kadin-taraftarlar-polisleri-unutmadi_211fd4b.jpg?resize=768%2C511 768w, https:\/\/i0.wp.com\/www.tvturk.com\/wp-content\/uploads\/2019\/02\/kadin-taraftarlar-polisleri-unutmadi_211fd4b.jpg?resize=170%2C113 170w, https:\/\/i0.wp.com\/www.tvturk.com\/wp-content\/uploads\/2019\/02\/kadin-taraftarlar-polisleri-unutmadi_211fd4b.jpg?resize=120%2C80 120w\" width=\"341\" height=\"227\" loading=\"lazy\" data-original-width=\"341\" data-original-height=\"227\" itemprop=\"http:\/\/schema.org\/image\" title=\"Kad\u0131n taraftarlar polisleri unutmad\u0131\" alt=\"Kad\u0131n taraftarlar polisleri unutmad\u0131\" style=\"width: 341px; height: 227px;\" \/> <\/a> <\/div> <\/div> <!-- close group --> <div class=\"gallery-group images-1\" style=\"width: 155px; height: 231px;\" data-original-width=\"155\" data-original-height=\"231\" > <div class=\"tiled-gallery-item tiled-gallery-item-small\" itemprop=\"associatedMedia\" itemscope itemtype=\"http:\/\/schema.org\/ImageObject\"> <a href=\"http:\/\/www.tvturk.com\/index.php\/kadin-taraftarlar-polisleri-unutmadi\/kadin-taraftarlar-polisleri-unutmadi-4\/\" border=\"0\" itemprop=\"url\"> <meta itemprop=\"width\" content=\"151\"> <meta itemprop=\"height\" content=\"227\"> <img decoding=\"async\" class=\"\" data-attachment-id=\"15276\" data-orig-file=\"http:\/\/www.tvturk.com\/wp-content\/uploads\/2019\/02\/kadin-taraftarlar-polisleri-unutmadi_ba7425e.jpg\" data-orig-size=\"666,1000\" data-comments-opened=\"\" data-image-meta=\"{&quot;aperture&quot;:&quot;0&quot;,&quot;credit&quot;:&quot;IHA&quot;,&quot;camera&quot;:&quot;&quot;,&quot;caption&quot;:&quot;KADIN TARAFTARLAR POL\\u0130SLER\\u0130 UNUTMADI (\\u0130HA\\\/GAZ\\u0130ANTEP-\\u0130HA)&quot;,&quot;created_timestamp&quot;:&quot;0&quot;,&quot;copyright&quot;:&quot;\\u0130HLAS HABER AJANSI, www.iha.com.tr&quot;,&quot;focal_length&quot;:&quot;0&quot;,&quot;iso&quot;:&quot;0&quot;,&quot;shutter_speed&quot;:&quot;0&quot;,&quot;title&quot;:&quot;KADIN TARAFTARLAR POL\\u0130SLER\\u0130 UNUTMADI&quot;,&quot;orientation&quot;:&quot;0&quot;}\" data-image-title=\"Kad\u0131n taraftarlar polisleri unutmad\u0131\" data-image-description=\"&lt;p&gt;Kad\u0131n taraftarlar polisleri unutmad\u0131&lt;\/p&gt; \" data-medium-file=\"https:\/\/i0.wp.com\/www.tvturk.com\/wp-content\/uploads\/2019\/02\/kadin-taraftarlar-polisleri-unutmadi_ba7425e.jpg?fit=200%2C300\" data-large-file=\"https:\/\/i0.wp.com\/www.tvturk.com\/wp-content\/uploads\/2019\/02\/kadin-taraftarlar-polisleri-unutmadi_ba7425e.jpg?fit=666%2C1000\" src=\"https:\/\/i0.wp.com\/www.tvturk.com\/wp-content\/uploads\/2019\/02\/kadin-taraftarlar-polisleri-unutmadi_ba7425e.jpg?w=151&#038;h=227\" srcset=\"https:\/\/i0.wp.com\/www.tvturk.com\/wp-content\/uploads\/2019\/02\/kadin-taraftarlar-polisleri-unutmadi_ba7425e.jpg?w=666 666w, https:\/\/i0.wp.com\/www.tvturk.com\/wp-content\/uploads\/2019\/02\/kadin-taraftarlar-polisleri-unutmadi_ba7425e.jpg?resize=100%2C150 100w, https:\/\/i0.wp.com\/www.tvturk.com\/wp-content\/uploads\/2019\/02\/kadin-taraftarlar-polisleri-unutmadi_ba7425e.jpg?resize=200%2C300 200w\" width=\"151\" height=\"227\" loading=\"lazy\" data-original-width=\"151\" data-original-height=\"227\" itemprop=\"http:\/\/schema.org\/image\" title=\"Kad\u0131n taraftarlar polisleri unutmad\u0131\" alt=\"Kad\u0131n taraftarlar polisleri unutmad\u0131\" style=\"width: 151px; height: 227px;\" \/> <\/a> <\/div> <\/div> <!-- close group --> <\/div> <!-- close row --> <\/div><\/p>\n","protected":false},"excerpt":{"rendered":"<p>KADIN TARAFTARLAR POL\u0130SLER\u0130 UNUTMADI<\/p>\n","protected":false},"author":1,"featured_media":15274,"comment_status":"closed","ping_status":"open","sticky":false,"template":"","format":"standard","meta":{"jetpack_post_was_ever_published":false,"_jetpack_newsletter_access":"","_jetpack_dont_email_post_to_subs":false,"_jetpack_newsletter_tier_id":0,"_jetpack_memberships_contains_paywalled_content":false,"_jetpack_memberships_contains_paid_content":false,"footnotes":"","jetpack_publicize_message":"","jetpack_publicize_feature_enabled":true,"jetpack_social_post_already_shared":false,"jetpack_social_options":{"image_generator_settings":{"template":"highway","default_image_id":0,"font":"","enabled":false},"version":2}},"categories":[655],"tags":[108,1796,6377,5472],"class_list":["post-15273","post","type-post","status-publish","format-standard","has-post-thumbnail","hentry","category-son-dakika","tag-kadin","tag-polisleri","tag-taraftarlar","tag-unutmadi"],"jetpack_publicize_connections":[],"jetpack_featured_media_url":"https:\/\/i0.wp.com\/www.tvturk.com\/wp-content\/uploads\/2019\/02\/kadin-taraftarlar-polisleri-unutmadi_a7b5dc7.jpg?fit=1000%2C661","jetpack_sharing_enabled":true,"jetpack_shortlink":"https:\/\/wp.me\/paKIfm-3Yl","_links":{"self":[{"href":"http:\/\/www.tvturk.com\/index.php\/wp-json\/wp\/v2\/posts\/15273","targetHints":{"allow":["GET"]}}],"collection":[{"href":"http:\/\/www.tvturk.com\/index.php\/wp-json\/wp\/v2\/posts"}],"about":[{"href":"http:\/\/www.tvturk.com\/index.php\/wp-json\/wp\/v2\/types\/post"}],"author":[{"embeddable":true,"href":"http:\/\/www.tvturk.com\/index.php\/wp-json\/wp\/v2\/users\/1"}],"replies":[{"embeddable":true,"href":"http:\/\/www.tvturk.com\/index.php\/wp-json\/wp\/v2\/comments?post=15273"}],"version-history":[{"count":1,"href":"http:\/\/www.tvturk.com\/index.php\/wp-json\/wp\/v2\/posts\/15273\/revisions"}],"predecessor-version":[{"id":15277,"href":"http:\/\/www.tvturk.com\/index.php\/wp-json\/wp\/v2\/posts\/15273\/revisions\/15277"}],"wp:featuredmedia":[{"embeddable":true,"href":"http:\/\/www.tvturk.com\/index.php\/wp-json\/wp\/v2\/media\/15274"}],"wp:attachment":[{"href":"http:\/\/www.tvturk.com\/index.php\/wp-json\/wp\/v2\/media?parent=15273"}],"wp:term":[{"taxonomy":"category","embeddable":true,"href":"http:\/\/www.tvturk.com\/index.php\/wp-json\/wp\/v2\/categories?post=15273"},{"taxonomy":"post_tag","embeddable":true,"href":"http:\/\/www.tvturk.com\/index.php\/wp-json\/wp\/v2\/tags?post=15273"}],"curies":[{"name":"wp","href":"https:\/\/api.w.org\/{rel}","templated":true}]}}