{"id":152742,"date":"2019-05-04T13:13:12","date_gmt":"2019-05-04T10:13:12","guid":{"rendered":"http:\/\/www.tvturk.com\/index.php\/boyle-trafik-cezasi-gorulmedi\/"},"modified":"2019-05-04T13:13:12","modified_gmt":"2019-05-04T10:13:12","slug":"boyle-trafik-cezasi-gorulmedi","status":"publish","type":"post","link":"http:\/\/www.tvturk.com\/index.php\/boyle-trafik-cezasi-gorulmedi\/","title":{"rendered":"B\u00f6yle trafik cezas\u0131 g\u00f6r\u00fclmedi"},"content":{"rendered":"<p>Nev\u015fehir \u0130l Emniyet M\u00fcd\u00fcrl\u00fc\u011f\u00fc Trafik \u015eube M\u00fcd\u00fcrl\u00fc\u011f\u00fc ekipleri \u2019Trafik Haftas\u0131\u2019 etkinlikleri kapsam\u0131nda trafik kazalar\u0131nda yaralanma ve \u00f6l\u00fcm olaylar\u0131n\u0131 en aza indirmek amac\u0131 ile vatanda\u015flar\u0131 sim\u00fclasyon arac\u0131na bindirdi. Ekipler, trafikte emniyet kemeri takmayan s\u00fcr\u00fcc\u00fcleri de sim\u00fclasyon arac\u0131na bindirdi.<\/p>\n<p>Her y\u0131l may\u0131s ay\u0131n\u0131n ilk haftas\u0131nda kutlanan \u2019Trafik Haftas\u0131\u2019, Nev\u015fehir\u2019de \u00e7e\u015fitli etkinliklerle kutlanmaya ba\u015flad\u0131. Trafik \u015eube M\u00fcd\u00fcrl\u00fc\u011f\u00fc ekiplerince sim\u00fclasyon arac\u0131na bindirilen vatanda\u015flar \u00f6nce emniyet kemersiz daha sonra ise emniyet kemeri tak\u0131l\u0131 bir \u015fekilde araca bindirildi. Trafik \u015eube M\u00fcd\u00fcrl\u00fc\u011f\u00fc ekiplerince Atat\u00fcrk Bulvar\u0131\u2019nda yap\u0131lan emniyet kemeri uygulamas\u0131nda arac\u0131nda emniyet kemeri takmayan ara\u00e7 s\u00fcr\u00fcc\u00fcleri durdurularak sim\u00fclasyon arac\u0131na bindirildi. 5 kilometre h\u0131zla d\u00f6nd\u00fcr\u00fclen araca binen ara\u00e7 s\u00fcr\u00fcc\u00fcleri ise ara\u00e7tan indiklerinde bundan sonra kesinlikle emniyet kemeri takacaklar\u0131n\u0131 s\u00f6yledi.<\/p>\n<p>\u0130l Emniyet M\u00fcd\u00fcrl\u00fc\u011f\u00fc Trafik \u015eube M\u00fcd\u00fcrl\u00fc\u011f\u00fcnde g\u00f6revli Ba\u015f Polis Mehmet Y\u0131ld\u0131r\u0131m, &#8220;Bu arac\u0131n \u00f6zellikleri insanlar\u0131m\u0131z araca bindi\u011fi zaman emniyet kemerinin \u00f6nemini anl\u0131yorlar. Burada ara\u00e7lar\u0131m\u0131z 5 ila 10 kilometre h\u0131zla takla atm\u0131\u015f vaziyette g\u00f6steriyoruz. \u015eehir i\u00e7inde biliyorsunuz h\u0131z limiti 50 kilometre olmas\u0131na ra\u011fmen biz 5 kilometre h\u0131zla d\u00f6nd\u00fcrd\u00fc\u011f\u00fcm\u00fcz zaman ger\u00e7ekten emniyet kemerinin \u00f6nemini anl\u0131yorlar\u201d diye konu\u015ftu.<\/p>\n","protected":false},"excerpt":{"rendered":"<p>NEV\u015eEH\u0130R \u0130L EMN\u0130YET M\u00dcD\u00dcRL\u00dc\u011e\u00dc TRAF\u0130K \u015eUBE M\u00dcD\u00dcRL\u00dc\u011e\u00dc EK\u0130PLER\u0130 \u201cTRAF\u0130K HAFTASI\u201d ETK\u0130NL\u0130KLER\u0130 KAPSAMINDA TRAF\u0130K KAZALARINDA YARALANMA VE \u00d6L\u00dcM OLAYLARINI EN AZA \u0130ND\u0130RMEK AMACI \u0130LE VATANDA\u015eLARI S\u0130M\u00dcLASYON ARACINA B\u0130ND\u0130RD\u0130.<\/p>\n","protected":false},"author":1,"featured_media":152743,"comment_status":"closed","ping_status":"open","sticky":false,"template":"","format":"standard","meta":{"jetpack_post_was_ever_published":false,"_jetpack_newsletter_access":"","_jetpack_dont_email_post_to_subs":false,"_jetpack_newsletter_tier_id":0,"_jetpack_memberships_contains_paywalled_content":false,"_jetpack_memberships_contains_paid_content":false,"footnotes":"","jetpack_publicize_message":"","jetpack_publicize_feature_enabled":true,"jetpack_social_post_already_shared":true,"jetpack_social_options":{"image_generator_settings":{"template":"highway","default_image_id":0,"font":"","enabled":false},"version":2}},"categories":[1],"tags":[836,1205,4653,131],"class_list":["post-152742","post","type-post","status-publish","format-standard","has-post-thumbnail","hentry","category-genel","tag-boyle","tag-cezasi","tag-gorulmedi","tag-trafik"],"jetpack_publicize_connections":[],"jetpack_featured_media_url":"https:\/\/i0.wp.com\/www.tvturk.com\/wp-content\/uploads\/2019\/05\/boyle-trafik-cezasi-gorulmedi_8ed3b43.jpg?fit=1000%2C666","jetpack_sharing_enabled":true,"jetpack_shortlink":"https:\/\/wp.me\/paKIfm-DJA","_links":{"self":[{"href":"http:\/\/www.tvturk.com\/index.php\/wp-json\/wp\/v2\/posts\/152742","targetHints":{"allow":["GET"]}}],"collection":[{"href":"http:\/\/www.tvturk.com\/index.php\/wp-json\/wp\/v2\/posts"}],"about":[{"href":"http:\/\/www.tvturk.com\/index.php\/wp-json\/wp\/v2\/types\/post"}],"author":[{"embeddable":true,"href":"http:\/\/www.tvturk.com\/index.php\/wp-json\/wp\/v2\/users\/1"}],"replies":[{"embeddable":true,"href":"http:\/\/www.tvturk.com\/index.php\/wp-json\/wp\/v2\/comments?post=152742"}],"version-history":[{"count":0,"href":"http:\/\/www.tvturk.com\/index.php\/wp-json\/wp\/v2\/posts\/152742\/revisions"}],"wp:featuredmedia":[{"embeddable":true,"href":"http:\/\/www.tvturk.com\/index.php\/wp-json\/wp\/v2\/media\/152743"}],"wp:attachment":[{"href":"http:\/\/www.tvturk.com\/index.php\/wp-json\/wp\/v2\/media?parent=152742"}],"wp:term":[{"taxonomy":"category","embeddable":true,"href":"http:\/\/www.tvturk.com\/index.php\/wp-json\/wp\/v2\/categories?post=152742"},{"taxonomy":"post_tag","embeddable":true,"href":"http:\/\/www.tvturk.com\/index.php\/wp-json\/wp\/v2\/tags?post=152742"}],"curies":[{"name":"wp","href":"https:\/\/api.w.org\/{rel}","templated":true}]}}