{"id":152836,"date":"2019-05-04T15:51:19","date_gmt":"2019-05-04T12:51:19","guid":{"rendered":"http:\/\/www.tvturk.com\/index.php\/cocuklarin-tavana-yapisan-ucan-balonu-alma-cabalari-ilginc-goruntulere-sahne-oldu\/"},"modified":"2019-05-04T15:51:19","modified_gmt":"2019-05-04T12:51:19","slug":"cocuklarin-tavana-yapisan-ucan-balonu-alma-cabalari-ilginc-goruntulere-sahne-oldu","status":"publish","type":"post","link":"http:\/\/www.tvturk.com\/index.php\/cocuklarin-tavana-yapisan-ucan-balonu-alma-cabalari-ilginc-goruntulere-sahne-oldu\/","title":{"rendered":"\u00c7ocuklar\u0131n tavana yap\u0131\u015fan u\u00e7an balonu alma \u00e7abalar\u0131 ilgin\u00e7 g\u00f6r\u00fcnt\u00fclere sahne oldu"},"content":{"rendered":"<p>Mersin\u2019in Erdemli il\u00e7esinde d\u00fc\u011f\u00fcn salonun tavan\u0131na yap\u0131\u015f\u0131p kalan u\u00e7an balonu almaya \u00e7al\u0131\u015fan \u00e7ocuklar\u0131n \u00e7abas\u0131 ilgin\u00e7 ve tehlikeli g\u00f6r\u00fcnt\u00fclere sahne oldu. Tehlikeli olmas\u0131na ra\u011fmen \u00e7ocuklar \u00fcst \u00fcste koyduklar\u0131 yakla\u015f\u0131k 50 tabureyle tavandaki u\u00e7an balonu almaya \u00e7al\u0131\u015ft\u0131. \u00c7ocuklar\u0131n \u00e7abas\u0131 izleyenleri zaman zaman g\u00fcl\u00fcmsetti.<\/p>\n<p>\u0130l\u00e7edeki bir d\u00fc\u011f\u00fcn salonunda \u00e7ekilen g\u00f6r\u00fcnt\u00fcde bir grup \u00e7ocuk, yakla\u015f\u0131k 3.5 metreyi ge\u00e7en y\u00fckseklikteki tavana yap\u0131\u015fan u\u00e7an balonu almak i\u00e7in adeta seferber oldu. \u00c7ocuklar salondaki kullan\u0131lmayan tabureleri \u00fcst \u00fcste koyarak balona ula\u015fmaya \u00e7al\u0131\u015ft\u0131. Ba\u015flang\u0131\u00e7ta defalarca u\u011fra\u015fmalar\u0131na ra\u011fmen sonu\u00e7 alamayan \u00e7ocuklar, daha sonra taburelerin say\u0131s\u0131n\u0131 artt\u0131rarak yeniden denediler.<\/p>\n<p>Yakla\u015f\u0131k 50 tabureye ula\u015f\u0131l\u0131nca bu kez bir ba\u015fka \u00e7ocuk arkada\u015flar\u0131n\u0131n s\u0131rt\u0131na basarak taburelerin \u00fczerine \u00e7\u0131kt\u0131. \u00c7ocuk, arkada\u015flar\u0131n\u0131n sallanmamas\u0131 i\u00e7in tabureleri s\u0131k\u0131 s\u0131k\u0131ya tutmas\u0131yla do\u011fruldu ve son hamlesiyle balonu almay\u0131 ba\u015fard\u0131.<\/p>\n<p>\u00c7ocuklar\u0131n tehlikeye ald\u0131rmadan g\u00f6sterdikleri \u00e7aba ilgin\u00e7 g\u00f6r\u00fcnt\u00fcler olu\u015fturdu.<\/p>\n","protected":false},"excerpt":{"rendered":"<p>MERS\u0130N&#8217;\u0130N ERDEML\u0130 \u0130L\u00c7ES\u0130NDE D\u00dc\u011e\u00dcN SALONUN TAVANINA YAPI\u015eIP KALAN U\u00c7AN BALONU ALMAYA \u00c7ALI\u015eAN \u00c7OCUKLARIN \u00c7ABASI CEP TELEFONU KAMERASINA YANSIDI. TEHL\u0130KEL\u0130 OLMASINA RA\u011eMEN \u00c7OCUKLAR \u00dcST \u00dcSTE KOYDUKLARI YAKLA\u015eIK 50 TABUREYLE TAVANDAK\u0130 U\u00c7AN BALONU ALMAYA \u00c7ALI\u015eTI. \u00c7OCUKLARIN \u00c7ABASI \u0130ZLEYENLER\u0130 ZAMAN ZAMAN G\u00dcL\u00dcMSETT\u0130.<\/p>\n","protected":false},"author":1,"featured_media":152837,"comment_status":"closed","ping_status":"open","sticky":false,"template":"","format":"standard","meta":{"jetpack_post_was_ever_published":false,"_jetpack_newsletter_access":"","_jetpack_dont_email_post_to_subs":false,"_jetpack_newsletter_tier_id":0,"_jetpack_memberships_contains_paywalled_content":false,"_jetpack_memberships_contains_paid_content":false,"footnotes":"","jetpack_publicize_message":"","jetpack_publicize_feature_enabled":true,"jetpack_social_post_already_shared":true,"jetpack_social_options":{"image_generator_settings":{"template":"highway","default_image_id":0,"font":"","enabled":false},"version":2}},"categories":[1],"tags":[30578,21012,34809,4136,1574,585,77,5135,34807,1832,34808],"class_list":["post-152836","post","type-post","status-publish","format-standard","has-post-thumbnail","hentry","category-genel","tag-alma","tag-balonu","tag-cabalari","tag-cocuklarin","tag-goruntulere","tag-ilginc","tag-oldu","tag-sahne","tag-tavana","tag-ucan","tag-yapisan"],"jetpack_publicize_connections":[],"jetpack_featured_media_url":"https:\/\/i0.wp.com\/www.tvturk.com\/wp-content\/uploads\/2019\/05\/cocuklarin-tavana-yapisan-ucan-balonu-alma-cabalari-ilginc-goruntulere-sahne-oldu_315b128.jpg?fit=1000%2C737","jetpack_sharing_enabled":true,"jetpack_shortlink":"https:\/\/wp.me\/paKIfm-DL6","_links":{"self":[{"href":"http:\/\/www.tvturk.com\/index.php\/wp-json\/wp\/v2\/posts\/152836","targetHints":{"allow":["GET"]}}],"collection":[{"href":"http:\/\/www.tvturk.com\/index.php\/wp-json\/wp\/v2\/posts"}],"about":[{"href":"http:\/\/www.tvturk.com\/index.php\/wp-json\/wp\/v2\/types\/post"}],"author":[{"embeddable":true,"href":"http:\/\/www.tvturk.com\/index.php\/wp-json\/wp\/v2\/users\/1"}],"replies":[{"embeddable":true,"href":"http:\/\/www.tvturk.com\/index.php\/wp-json\/wp\/v2\/comments?post=152836"}],"version-history":[{"count":0,"href":"http:\/\/www.tvturk.com\/index.php\/wp-json\/wp\/v2\/posts\/152836\/revisions"}],"wp:featuredmedia":[{"embeddable":true,"href":"http:\/\/www.tvturk.com\/index.php\/wp-json\/wp\/v2\/media\/152837"}],"wp:attachment":[{"href":"http:\/\/www.tvturk.com\/index.php\/wp-json\/wp\/v2\/media?parent=152836"}],"wp:term":[{"taxonomy":"category","embeddable":true,"href":"http:\/\/www.tvturk.com\/index.php\/wp-json\/wp\/v2\/categories?post=152836"},{"taxonomy":"post_tag","embeddable":true,"href":"http:\/\/www.tvturk.com\/index.php\/wp-json\/wp\/v2\/tags?post=152836"}],"curies":[{"name":"wp","href":"https:\/\/api.w.org\/{rel}","templated":true}]}}