{"id":15301,"date":"2019-02-09T13:18:48","date_gmt":"2019-02-09T10:18:48","guid":{"rendered":"http:\/\/www.tvturk.com\/index.php\/buyuk-uygur-halk-ozani-abdurrahim-heyit-hayatini-kaybetti\/"},"modified":"2019-02-09T13:18:48","modified_gmt":"2019-02-09T10:18:48","slug":"buyuk-uygur-halk-ozani-abdurrahim-heyit-hayatini-kaybetti","status":"publish","type":"post","link":"http:\/\/www.tvturk.com\/index.php\/buyuk-uygur-halk-ozani-abdurrahim-heyit-hayatini-kaybetti\/","title":{"rendered":"B\u00fcy\u00fck Uygur halk ozan\u0131 Abdurrahim Heyit hayat\u0131n\u0131 kaybetti"},"content":{"rendered":"<p>Do\u011fu T\u00fcrkistan\u2019\u0131n tarihi ve k\u00fclt\u00fcr\u00fcn\u00fc yans\u0131tan \u015fark\u0131lar\u0131yla tan\u0131nan Uygur halk ozan\u0131 Abdurrahman Heyit\u2019in \u00c7in\u2019in zorunlu e\u011fitim kamp\u0131 olarak isimlendirdi\u011fi hapishanede hayat\u0131n\u0131 kaybetti\u011fi bildirildi.<\/p>\n<p>Haberi sosyal medya hesab\u0131ndan duyuran, kendisi de \u015fair olan B\u00fcnyamin Aksungur, Abdarrahim Heyit\u2019in \u00f6l\u00fcm\u00fcyle ilgili \u015fu ifadeleri kulland\u0131:<\/p>\n<p>&#8220;Zalim \u00c7in y\u00f6netimince U\u00e7ra\u015fkanda, Kar\u015f\u0131la\u015f\u0131nca ve Atalar adl\u0131 \u015fark\u0131s\u0131 y\u00fcz\u00fcnden 8 y\u0131l hapse mahkum edilmi\u015fti. Kamp dedikleri hapishanede t\u00fcrl\u00fc ve a\u011f\u0131r i\u015fkenceler g\u00f6rd\u00fc. Ziyaretine sadece o\u011flu gidebilmi\u015f ve babas\u0131n\u0131 \u00e7ok zay\u0131flam\u0131\u015f ve bitkin buldu\u011funu s\u00f6ylemi\u015fti. 8 y\u0131l i\u015fkence alt\u0131nda ya\u015fayabilece\u011fine inan\u0131lm\u0131yordu. \u00d6yle de oldu. 2 y\u0131l dayanabildi. Daha \u00f6nce de \u00f6ld\u00fc\u011f\u00fc\/\u00f6ld\u00fcr\u00fcld\u00fc\u011f\u00fc yolunda haberler geliyor ancak teyid edilemiyordu. Maalesef bu kez haber do\u011fru!&#8221;<\/p>\n<p>\u00c7in g\u00fcvenlik kuvvetleri Nisan 2017\u2019de, Abdurrahim Heyit\u2019i evinde ziyaret ederek, \u2018Atalar\u2019 adl\u0131 \u015fiiri kimin yazd\u0131\u011f\u0131n\u0131 kendisinin bu \u015fiiri niye besteledi\u011fini sormu\u015f, \u015fiirin i\u00e7inde ge\u00e7en \u2018Cinglerde \u015fehit\u201d sava\u015f \u015fehitleri s\u00f6zlerinin a\u015f\u0131r\u0131l\u0131k ifade etti\u011fi ve ayaklanma \u00e7a\u011fr\u0131s\u0131 yapt\u0131\u011f\u0131 iddias\u0131yla ozan\u0131 tutuklam\u0131\u015ft\u0131.<\/p>\n<p>Abdurrahim Heyit\u2019in \u015fark\u0131lar\u0131n\u0131n \u00e7o\u011funun Uygurlar\u0131n tarihi ve k\u00fclt\u00fcr\u00fcn\u00fc yans\u0131tt\u0131\u011f\u0131 belirtildi.<\/p>\n","protected":false},"excerpt":{"rendered":"<p>DO\u011eU T\u00dcRK\u0130STAN&#8217;IN TAR\u0130H\u0130 VE K\u00dcLT\u00dcR\u00dcN\u00dc YANSITAN \u015eARKILARIYLA TANINAN UYGUR HALK OZANI ABDURRAHMAN HEY\u0130T&#8217;\u0130N \u00c7\u0130N&#8217;\u0130N ZORUNLU E\u011e\u0130T\u0130M KAMPI OLARAK \u0130S\u0130MLEND\u0130RD\u0130\u011e\u0130 HAP\u0130SHANEDE HAYATINI KAYBETT\u0130\u011e\u0130 B\u0130LD\u0130R\u0130LD\u0130.<\/p>\n","protected":false},"author":1,"featured_media":15302,"comment_status":"closed","ping_status":"open","sticky":false,"template":"","format":"standard","meta":{"jetpack_post_was_ever_published":false,"_jetpack_newsletter_access":"","_jetpack_dont_email_post_to_subs":false,"_jetpack_newsletter_tier_id":0,"_jetpack_memberships_contains_paywalled_content":false,"_jetpack_memberships_contains_paid_content":false,"footnotes":"","jetpack_publicize_message":"","jetpack_publicize_feature_enabled":true,"jetpack_social_post_already_shared":false,"jetpack_social_options":{"image_generator_settings":{"template":"highway","default_image_id":0,"font":"","enabled":false},"version":2}},"categories":[655],"tags":[5218,7448,545,1933,848,7449,849,5548],"class_list":["post-15301","post","type-post","status-publish","format-standard","has-post-thumbnail","hentry","category-son-dakika","tag-ozani","tag-abdurrahim","tag-buyuk","tag-halk","tag-hayatini","tag-heyit","tag-kaybetti","tag-uygur"],"jetpack_publicize_connections":[],"jetpack_featured_media_url":"https:\/\/i0.wp.com\/www.tvturk.com\/wp-content\/uploads\/2019\/02\/buyuk-uygur-halk-ozani-abdurrahim-heyit-hayatini-kaybetti_fe13a5d.jpg?fit=1000%2C1000","jetpack_sharing_enabled":true,"jetpack_shortlink":"https:\/\/wp.me\/paKIfm-3YN","_links":{"self":[{"href":"http:\/\/www.tvturk.com\/index.php\/wp-json\/wp\/v2\/posts\/15301","targetHints":{"allow":["GET"]}}],"collection":[{"href":"http:\/\/www.tvturk.com\/index.php\/wp-json\/wp\/v2\/posts"}],"about":[{"href":"http:\/\/www.tvturk.com\/index.php\/wp-json\/wp\/v2\/types\/post"}],"author":[{"embeddable":true,"href":"http:\/\/www.tvturk.com\/index.php\/wp-json\/wp\/v2\/users\/1"}],"replies":[{"embeddable":true,"href":"http:\/\/www.tvturk.com\/index.php\/wp-json\/wp\/v2\/comments?post=15301"}],"version-history":[{"count":0,"href":"http:\/\/www.tvturk.com\/index.php\/wp-json\/wp\/v2\/posts\/15301\/revisions"}],"wp:featuredmedia":[{"embeddable":true,"href":"http:\/\/www.tvturk.com\/index.php\/wp-json\/wp\/v2\/media\/15302"}],"wp:attachment":[{"href":"http:\/\/www.tvturk.com\/index.php\/wp-json\/wp\/v2\/media?parent=15301"}],"wp:term":[{"taxonomy":"category","embeddable":true,"href":"http:\/\/www.tvturk.com\/index.php\/wp-json\/wp\/v2\/categories?post=15301"},{"taxonomy":"post_tag","embeddable":true,"href":"http:\/\/www.tvturk.com\/index.php\/wp-json\/wp\/v2\/tags?post=15301"}],"curies":[{"name":"wp","href":"https:\/\/api.w.org\/{rel}","templated":true}]}}