{"id":153046,"date":"2019-05-05T10:07:13","date_gmt":"2019-05-05T07:07:13","guid":{"rendered":"http:\/\/www.tvturk.com\/index.php\/silaya-hayran-destegi\/"},"modified":"2019-05-05T10:07:13","modified_gmt":"2019-05-05T07:07:13","slug":"silaya-hayran-destegi","status":"publish","type":"post","link":"http:\/\/www.tvturk.com\/index.php\/silaya-hayran-destegi\/","title":{"rendered":"S\u0131la\u2019ya hayran deste\u011fi"},"content":{"rendered":"<p>Adana\u2019da S\u0131la\u2019ya verdi\u011fi konserde yan\u0131na \u00e7a\u011f\u0131r\u0131p \u015fark\u0131 s\u00f6yletti\u011fi hayran\u0131 &#8220;Hep yan\u0131nday\u0131z, kad\u0131n\u0131n her zaman ayakta dimdik durdu\u011funu g\u00f6steren erdemli insan&#8221; diyerek ona uzun uzun sar\u0131ld\u0131.<\/p>\n<p>Sanat\u00e7\u0131 S\u0131la Gen\u00e7o\u011flu, Adana\u2019da \u00c7ukurova \u00dcniversitesi Mithat \u00d6zsan A\u00e7\u0131k Hava Amfisinde sevenleri ile bulu\u015fup \u015fark\u0131lar\u0131n\u0131 seslendirdi. Gen\u00e7o\u011flu konser verdi\u011fi s\u0131rada Ay\u015fenur isimli bir hayran\u0131n\u0131n b\u00fct\u00fcn \u015fark\u0131lar\u0131na hi\u00e7 ara vermeden e\u015flik etti\u011fini g\u00f6r\u00fcnce onu &#8220;Orada s\u00f6ylemekle olmaz buraya gel&#8221; diyerek sahneye davet etti ve \u00e7ok sevilen bir \u015fark\u0131s\u0131n\u0131 hayran\u0131na s\u00f6yletti.<\/p>\n<p>Gen\u00e7o\u011flu hayran\u0131 \u015fark\u0131 s\u00f6ylerken de onu cep telefonu kameras\u0131yla g\u00f6r\u00fcnt\u00fcledi. \u015eark\u0131 bittikten sonra Gen\u00e7o\u011flu\u2019nun hayran\u0131, &#8220;Hepiniz ad\u0131na bir kez daha sar\u0131lay\u0131m m\u0131 \u00e7ok seviyoruz de\u011fil mi, hep yan\u0131nday\u0131z de\u011fil mi, kad\u0131n\u0131n her zaman ayakta dimdik durdu\u011funu g\u00f6steren erdemli insan. T\u00fcm kalbimle hepiniz i\u00e7in sar\u0131l\u0131yorum&#8221; diyerek S\u0131la Gen\u00e7o\u011flu\u2019na sar\u0131ld\u0131.<\/p>\n<p>Bu durum Gen\u00e7o\u011flu\u2019nun bir s\u00fcre a\u015fk ya\u015fad\u0131ktan sonra darp, hakaret ve tehdit etti\u011fini ileri s\u00fcrerek mahkemeye verdi\u011fi Ahmet Kural ile ya\u015fad\u0131klar\u0131n\u0131 hat\u0131rlatt\u0131.<\/p>\n<p>\u00dcnl\u00fc sanat\u00e7\u0131 Ahmet Kural ile S\u0131la Gen\u00e7o\u011flu aras\u0131nda ya\u015fanan bu olaylar sonucunda ise \u0130stanbul 60. Asliye Ceza Mahkemesi 22 Nisan tarihli duru\u015fmada, \u015fark\u0131c\u0131 S\u0131la Gen\u00e7o\u011flu\u2019na kar\u015f\u0131 &#8220;hakaret, tehdit ve kasten yaralama&#8221; su\u00e7lar\u0131n\u0131 i\u015fledi\u011fi iddias\u0131yla oyuncu Kural\u2019a 1 y\u0131l 4 ay 20 g\u00fcnl\u00fck hapis cezas\u0131 vermi\u015f ve bu cezay\u0131 ertelemi\u015fti. Kural\u2019\u0131n avukat\u0131 ise savc\u0131l\u0131\u011fa cezan\u0131n &#8220;tehdit ve hakaret&#8221; k\u0131sm\u0131ndan dolay\u0131 al\u0131nan 11 ay 20 g\u00fcn hapis cezas\u0131n\u0131n kald\u0131r\u0131lmas\u0131 i\u00e7in ba\u015fvuru yapm\u0131\u015ft\u0131.<\/p>\n","protected":false},"excerpt":{"rendered":"<p>ADANA&#8217;DA SILA&#8217;YA VERD\u0130\u011e\u0130 KONSERDE YANINA \u00c7A\u011eIRIP \u015eARKI S\u00d6YLETT\u0130\u011e\u0130 HAYRANI &#8220;HEP YANINDAYIZ, KADININ HER ZAMAN AYAKTA D\u0130MD\u0130K DURDU\u011eUNU G\u00d6STEREN ERDEML\u0130 \u0130NSAN&#8221; D\u0130YEREK ONA UZUN UZUN SARILDI<\/p>\n","protected":false},"author":1,"featured_media":153047,"comment_status":"closed","ping_status":"open","sticky":false,"template":"","format":"standard","meta":{"jetpack_post_was_ever_published":false,"_jetpack_newsletter_access":"","_jetpack_dont_email_post_to_subs":false,"_jetpack_newsletter_tier_id":0,"_jetpack_memberships_contains_paywalled_content":false,"_jetpack_memberships_contains_paid_content":false,"footnotes":"","jetpack_publicize_message":"","jetpack_publicize_feature_enabled":true,"jetpack_social_post_already_shared":true,"jetpack_social_options":{"image_generator_settings":{"template":"highway","default_image_id":0,"font":"","enabled":false},"version":2}},"categories":[1],"tags":[53,14275,34870],"class_list":["post-153046","post","type-post","status-publish","format-standard","has-post-thumbnail","hentry","category-genel","tag-destegi","tag-hayran","tag-silaya"],"jetpack_publicize_connections":[],"jetpack_featured_media_url":"https:\/\/i0.wp.com\/www.tvturk.com\/wp-content\/uploads\/2019\/05\/silaya-hayran-destegi_22cb4a5.jpg?fit=1000%2C562","jetpack_sharing_enabled":true,"jetpack_shortlink":"https:\/\/wp.me\/paKIfm-DOu","_links":{"self":[{"href":"http:\/\/www.tvturk.com\/index.php\/wp-json\/wp\/v2\/posts\/153046","targetHints":{"allow":["GET"]}}],"collection":[{"href":"http:\/\/www.tvturk.com\/index.php\/wp-json\/wp\/v2\/posts"}],"about":[{"href":"http:\/\/www.tvturk.com\/index.php\/wp-json\/wp\/v2\/types\/post"}],"author":[{"embeddable":true,"href":"http:\/\/www.tvturk.com\/index.php\/wp-json\/wp\/v2\/users\/1"}],"replies":[{"embeddable":true,"href":"http:\/\/www.tvturk.com\/index.php\/wp-json\/wp\/v2\/comments?post=153046"}],"version-history":[{"count":0,"href":"http:\/\/www.tvturk.com\/index.php\/wp-json\/wp\/v2\/posts\/153046\/revisions"}],"wp:featuredmedia":[{"embeddable":true,"href":"http:\/\/www.tvturk.com\/index.php\/wp-json\/wp\/v2\/media\/153047"}],"wp:attachment":[{"href":"http:\/\/www.tvturk.com\/index.php\/wp-json\/wp\/v2\/media?parent=153046"}],"wp:term":[{"taxonomy":"category","embeddable":true,"href":"http:\/\/www.tvturk.com\/index.php\/wp-json\/wp\/v2\/categories?post=153046"},{"taxonomy":"post_tag","embeddable":true,"href":"http:\/\/www.tvturk.com\/index.php\/wp-json\/wp\/v2\/tags?post=153046"}],"curies":[{"name":"wp","href":"https:\/\/api.w.org\/{rel}","templated":true}]}}