{"id":153052,"date":"2019-05-05T10:33:00","date_gmt":"2019-05-05T07:33:00","guid":{"rendered":"http:\/\/www.tvturk.com\/index.php\/asiret-dugununde-damada-200-bin-lira-geline-1-kilo-altin-takildi\/"},"modified":"2019-05-05T10:33:00","modified_gmt":"2019-05-05T07:33:00","slug":"asiret-dugununde-damada-200-bin-lira-geline-1-kilo-altin-takildi","status":"publish","type":"post","link":"http:\/\/www.tvturk.com\/index.php\/asiret-dugununde-damada-200-bin-lira-geline-1-kilo-altin-takildi\/","title":{"rendered":"A\u015firet d\u00fc\u011f\u00fcn\u00fcnde damada 200 bin lira, geline 1 kilo alt\u0131n tak\u0131ld\u0131"},"content":{"rendered":"<p>\u015e\u0131rnak\u2019\u0131n Beyt\u00fc\u015f\u015febap il\u00e7esinde 3 g\u00fcn, 3 gece s\u00fcren a\u015firet d\u00fc\u011f\u00fcn\u00fcnde damada 200 bin lira, geline ise 1 kilo alt\u0131n tak\u0131ld\u0131.<\/p>\n<p>Beyt\u00fc\u015f\u015febap il\u00e7esine ba\u011fl\u0131 Ayval\u0131k k\u00f6y\u00fc \u00c7i\u00e7ekli Mahallesi\u2019nde Jirki a\u015firetine mensup Nurettin Aldemir\u2019in o\u011flu Mustafa Aldemir\u2019in d\u00fc\u011f\u00fcn\u00fc 3 g\u00fcn 3 gece s\u00fcrd\u00fc. Jirki, Gevdan, Mamhuran, Goyan a\u015firetlerinin yan\u0131 s\u0131ra T\u00fcrkiye\u2019nin d\u00f6rt bir yan\u0131ndan gelen davetliler, gelin ve damad\u0131 tak\u0131 ya\u011fmuruna tuttu. K\u00f6y meydan\u0131nda as\u0131lan dev T\u00fcrk bayra\u011f\u0131 alt\u0131nda T\u00fcrk\u00e7e ve K\u00fcrt\u00e7e \u015fark\u0131lar e\u015fli\u011finde 3 g\u00fcn 3 gece halaylar \u00e7ekilen d\u00fc\u011f\u00fcnde 22 koyun kesildi, 1 ton pirin\u00e7 t\u00fcketildi.<\/p>\n<p>Damad\u0131n babas\u0131 Nurettin Aldemir, o\u011flunun d\u00fc\u011f\u00fcn\u00fcne gelenlere te\u015fekk\u00fcr ederek, birlik, beraberlik ve karde\u015flik mesajlar\u0131 verdi. Aldemir, &#8220;O\u011flumun d\u00fc\u011f\u00fcn\u00fcne kat\u0131lan t\u00fcm a\u015firet liderlerimize ve akrabalar\u0131m\u0131za \u00e7ok te\u015fekk\u00fcr ederim. T\u00fcrkiye\u2019nin her yerinden buraya geldiler, 3 g\u00fcn d\u00fc\u011f\u00fcn\u00fcm\u00fcz s\u00fcrd\u00fc. \u00c7ok mutluyuz. Herkesten Allah raz\u0131 olsun&#8221; dedi.<\/p>\n<p>Damat Mustafa Aldemir ise, &#8220;Y\u0131llard\u0131r birbirimizi seviyorduk ve bunu ta\u00e7land\u0131rmak istedik. \u00c7ok \u015f\u00fck\u00fcr \u015fimdi evlendik. D\u00fc\u011f\u00fcn\u00fcm\u00fcze gelen gelmeyen herkese \u00e7ok te\u015fekk\u00fcr ederim. Ay y\u0131ld\u0131zl\u0131 T\u00fcrk bayra\u011f\u0131m\u0131z alt\u0131nda bu g\u00fczel an\u0131 ya\u015fad\u0131\u011f\u0131m\u0131z i\u00e7in \u00e7ok mutluyuz&#8221; diye konu\u015ftu.<\/p>\n<p>Jirki a\u015firetine mensup Aldemir ailesinin d\u00fc\u011f\u00fcn\u00fcnde gelin ve damada tak\u0131lan para ve alt\u0131nlar ise dudak u\u00e7uklatt\u0131. Damada 200 bin lira, geline ise 1 kilo alt\u0131n\u0131n tak\u0131ld\u0131\u011f\u0131 d\u00fc\u011f\u00fcnde T\u00fcrk\u00e7e ve K\u00fcrt\u00e7e \u015fark\u0131lar e\u015fli\u011finde halaylar \u00e7ekildi.<\/p>\n","protected":false},"excerpt":{"rendered":"<p>\u015eIRNAK\u2019IN BEYT\u00dc\u015e\u015eEBAP \u0130L\u00c7ES\u0130NDE 3 G\u00dcN 3 GECE S\u00dcREN A\u015e\u0130RET D\u00dc\u011e\u00dcN\u00dcNDE DAMADA 200 B\u0130N T\u00dcRK L\u0130RASI GEL\u0130NE \u0130SE 1 K\u0130LO ALTIN TAKILDI.<\/p>\n","protected":false},"author":1,"featured_media":153053,"comment_status":"closed","ping_status":"open","sticky":false,"template":"","format":"standard","meta":{"jetpack_post_was_ever_published":false,"_jetpack_newsletter_access":"","_jetpack_dont_email_post_to_subs":false,"_jetpack_newsletter_tier_id":0,"_jetpack_memberships_contains_paywalled_content":false,"_jetpack_memberships_contains_paid_content":false,"footnotes":"","jetpack_publicize_message":"","jetpack_publicize_feature_enabled":true,"jetpack_social_post_already_shared":true,"jetpack_social_options":{"image_generator_settings":{"template":"highway","default_image_id":0,"font":"","enabled":false},"version":2}},"categories":[1],"tags":[4068,596,23085,213,34036,25449,25526,1423,1881,7048],"class_list":["post-153052","post","type-post","status-publish","format-standard","has-post-thumbnail","hentry","category-genel","tag-4068","tag-altin","tag-asiret","tag-bin","tag-damada","tag-dugununde","tag-geline","tag-kilo","tag-lira","tag-takildi"],"jetpack_publicize_connections":[],"jetpack_featured_media_url":"https:\/\/i0.wp.com\/www.tvturk.com\/wp-content\/uploads\/2019\/05\/asiret-dugununde-damada-200-bin-lira-geline-1-kilo-altin-takildi_e96fcc4.jpg?fit=1000%2C662","jetpack_sharing_enabled":true,"jetpack_shortlink":"https:\/\/wp.me\/paKIfm-DOA","_links":{"self":[{"href":"http:\/\/www.tvturk.com\/index.php\/wp-json\/wp\/v2\/posts\/153052","targetHints":{"allow":["GET"]}}],"collection":[{"href":"http:\/\/www.tvturk.com\/index.php\/wp-json\/wp\/v2\/posts"}],"about":[{"href":"http:\/\/www.tvturk.com\/index.php\/wp-json\/wp\/v2\/types\/post"}],"author":[{"embeddable":true,"href":"http:\/\/www.tvturk.com\/index.php\/wp-json\/wp\/v2\/users\/1"}],"replies":[{"embeddable":true,"href":"http:\/\/www.tvturk.com\/index.php\/wp-json\/wp\/v2\/comments?post=153052"}],"version-history":[{"count":0,"href":"http:\/\/www.tvturk.com\/index.php\/wp-json\/wp\/v2\/posts\/153052\/revisions"}],"wp:featuredmedia":[{"embeddable":true,"href":"http:\/\/www.tvturk.com\/index.php\/wp-json\/wp\/v2\/media\/153053"}],"wp:attachment":[{"href":"http:\/\/www.tvturk.com\/index.php\/wp-json\/wp\/v2\/media?parent=153052"}],"wp:term":[{"taxonomy":"category","embeddable":true,"href":"http:\/\/www.tvturk.com\/index.php\/wp-json\/wp\/v2\/categories?post=153052"},{"taxonomy":"post_tag","embeddable":true,"href":"http:\/\/www.tvturk.com\/index.php\/wp-json\/wp\/v2\/tags?post=153052"}],"curies":[{"name":"wp","href":"https:\/\/api.w.org\/{rel}","templated":true}]}}