{"id":153078,"date":"2019-05-05T11:35:05","date_gmt":"2019-05-05T08:35:05","guid":{"rendered":"http:\/\/www.tvturk.com\/index.php\/isci-olarak-basladigi-seralarda-bugun-yurt-disina-cicek-ihrac-ediyor\/"},"modified":"2019-05-05T11:35:05","modified_gmt":"2019-05-05T08:35:05","slug":"isci-olarak-basladigi-seralarda-bugun-yurt-disina-cicek-ihrac-ediyor","status":"publish","type":"post","link":"http:\/\/www.tvturk.com\/index.php\/isci-olarak-basladigi-seralarda-bugun-yurt-disina-cicek-ihrac-ediyor\/","title":{"rendered":"\u0130\u015f\u00e7i olarak ba\u015flad\u0131\u011f\u0131 seralarda bug\u00fcn yurt d\u0131\u015f\u0131na \u00e7i\u00e7ek ihra\u00e7 ediyor"},"content":{"rendered":"<p>\u015eanl\u0131urfa\u2019dan 13 y\u0131l \u00f6nce seralarda \u00e7al\u0131\u015fmak i\u00e7in i\u015f\u00e7i olarak Antalya\u2019ya gelen 30 ya\u015f\u0131ndaki Hayrettin \u00d6z\u00e7ak\u0131, ailesinin de deste\u011fiyle 1 milyon 200 bin TL\u2019ye 17 d\u00f6n\u00fcm \u00fczerinde \u00e7i\u00e7ek \u00fcretim tesisi kurarak, yurt d\u0131\u015f\u0131na \u00e7i\u00e7ek ihra\u00e7 ediyor.<\/p>\n<p>30 ya\u015f\u0131ndaki Hayrettin \u00d6z\u00e7ak\u0131, 2006 y\u0131l\u0131nda seralarda \u00e7al\u0131\u015fmak i\u00e7in \u015eanl\u0131urfa\u2019dan Antalya\u2019ya geldi. Aksu il\u00e7esine yerle\u015fen \u00d6z\u00e7ak\u0131, bir\u00e7ok serada ailesi ile birlikte \u00e7i\u00e7ek \u00fcretmeye ba\u015flad\u0131. Bir s\u00fcre sonra kendi seras\u0131n\u0131 kurarak \u00e7i\u00e7ekleri kendisi \u00fcretmeye karar Hayrettin \u00d6z\u00e7ak\u0131, mahallenin muhtar\u0131n\u0131n annesinden 17 d\u00f6n\u00fcml\u00fck arazini kiralad\u0131. Burada \u00f6nce 17 d\u00f6n\u00fcm alan \u00fczerine sera yapan \u00d6z\u00e7ak\u0131, daha sonra seralar\u0131nda farkl\u0131 t\u00fcrlerde \u00e7i\u00e7ekler yeti\u015ftirmeye ba\u015flad\u0131. \u00c7ekti\u011fi banka kredisinin yan\u0131 s\u0131ra ailesinin de deste\u011fini arkas\u0131na alan \u00d6z\u00e7ak\u0131, 17 d\u00f6n\u00fcm seray\u0131 1 milyon 200 bin TL\u2019ye kurdu.<\/p>\n<p>\u201c\u0130\u015f\u00e7i olarak buraya geldim\u201d<\/p>\n<p>Serada \u00fcretti\u011fi karanfil ve di\u011fer t\u00fcrde \u00e7i\u00e7ekleri Hollanda ve \u0130ngiltere pazarlar\u0131na ihracat eden \u00d6z\u00e7ak\u0131, k\u0131sa s\u00fcrede servetine servet katt\u0131. \u00d6z\u00e7ak\u0131, bir zamanlar kendisinin de i\u015f\u00e7i olarak \u00e7al\u0131\u015ft\u0131\u011f\u0131 seralarda bu kez 15 i\u015f\u00e7isi bulunan patron oldu. \u00d6z\u00e7ak\u0131, zaman zaman i\u015f\u00e7ilerine yard\u0131mc\u0131 da olmaya da devam ediyor.<\/p>\n<p>Hayat hikayesini \u0130HA muhabirine anlatan \u00d6z\u00e7ak\u0131, \u201c2006 y\u0131l\u0131nda \u015eanl\u0131urfa Viran\u015fehir\u2019den Antalya\u2019ya geldim. Antalya\u2019da seralarda \u00e7e\u015fitli i\u015flerde \u00e7al\u0131\u015ft\u0131m. \u0130\u015f\u00e7i olarak buraya geldim. 2011 y\u0131l\u0131nda kendim sera kiralamaya karar verdim. 2016 y\u0131l\u0131na kadar kendi k\u00fc\u00e7\u00fck seramda \u00fcretim yapt\u0131m&#8221; dedi.<\/p>\n<p>\u201cHollanda\u2019ya ihracat ediyorum\u201d<\/p>\n<p>2017 y\u0131l\u0131ndan itibaren \u015firket kurmak istedi\u011fini belirten \u00d6z\u00e7ak\u0131, \u201cHemen bir \u015firket kurdum. \u015eu anda seramda bulunan \u00e7i\u00e7ekleri Hollanda\u2019ya ihra\u00e7 ediyorum. Bunu da etraf\u0131mdaki firmalardan \u00f6\u011frendim. 17 d\u00f6n\u00fcm seram var. \u00c7e\u015fitli \u00e7i\u00e7ekleri yeti\u015ftirmeye ba\u015flad\u0131m. 15 tane \u00e7al\u0131\u015fan\u0131m var. Sermayem vard\u0131, birikimim de vard\u0131. Biraz da kredi \u00e7ektim. Bu i\u015fletme bana 1 milyon 200 bin TL\u2019ye mal oldu. Bu sene harcad\u0131\u011f\u0131m paray\u0131 kazan\u0131r\u0131m diye d\u00fc\u015f\u00fcn\u00fcyorum. Buradan toplanan \u00e7i\u00e7ekleri \u00f6nce so\u011fuk havaya koyuyoruz. Daha sonra ise Hollanda pazar\u0131na veriyoruz. G\u00fcn oluyor \u00e7ok iyi sat\u0131\u015flar oluyor, g\u00fcn oluyor iyi olmuyor\u201d dedi.<\/p>\n","protected":false},"excerpt":{"rendered":"<p>\u015eANLIURFA\u2019DAN 13 YIL \u00d6NCE SERALARDA \u00c7ALI\u015eMAK \u0130\u00c7\u0130N \u0130\u015e\u00c7\u0130 OLARAK ANTALYA\u2019YA GELEN 30 YA\u015eINDAK\u0130 GEN\u00c7 ADAM, ARADAN GE\u00c7EN 13 YILIN ARDINDAN BU KEZ 15 \u0130\u015e\u00c7\u0130S\u0130 OLAN PATRON OLDU. GEN\u00c7 ADAM A\u0130LES\u0130N\u0130N DE DESTEK VERMES\u0130 \u0130LE 1 M\u0130LYON 200 B\u0130N TL\u2019YE 17 D\u00d6N\u00dcM \u00dcZER\u0130NDE \u00c7\u0130\u00c7EK \u00dcRET\u0130M TES\u0130S\u0130 KURARAK, SERVET\u0130NE ADETA SERVET KATTI.<\/p>\n","protected":false},"author":1,"featured_media":153079,"comment_status":"closed","ping_status":"open","sticky":false,"template":"","format":"standard","meta":{"jetpack_post_was_ever_published":false,"_jetpack_newsletter_access":"","_jetpack_dont_email_post_to_subs":false,"_jetpack_newsletter_tier_id":0,"_jetpack_memberships_contains_paywalled_content":false,"_jetpack_memberships_contains_paid_content":false,"footnotes":"","jetpack_publicize_message":"","jetpack_publicize_feature_enabled":true,"jetpack_social_post_already_shared":true,"jetpack_social_options":{"image_generator_settings":{"template":"highway","default_image_id":0,"font":"","enabled":false},"version":2}},"categories":[1],"tags":[20043,10621,1654,6664,523,3669,1030,5030,4953,6663],"class_list":["post-153078","post","type-post","status-publish","format-standard","has-post-thumbnail","hentry","category-genel","tag-basladigi","tag-bugun","tag-cicek","tag-disina","tag-ediyor","tag-ihrac","tag-isci","tag-olarak","tag-seralarda","tag-yurt"],"jetpack_publicize_connections":[],"jetpack_featured_media_url":"https:\/\/i0.wp.com\/www.tvturk.com\/wp-content\/uploads\/2019\/05\/isci-olarak-basladigi-seralarda-bugun-yurt-disina-cicek-ihrac-ediyor_1bd66cc.jpg?fit=1000%2C666","jetpack_sharing_enabled":true,"jetpack_shortlink":"https:\/\/wp.me\/paKIfm-DP0","_links":{"self":[{"href":"http:\/\/www.tvturk.com\/index.php\/wp-json\/wp\/v2\/posts\/153078","targetHints":{"allow":["GET"]}}],"collection":[{"href":"http:\/\/www.tvturk.com\/index.php\/wp-json\/wp\/v2\/posts"}],"about":[{"href":"http:\/\/www.tvturk.com\/index.php\/wp-json\/wp\/v2\/types\/post"}],"author":[{"embeddable":true,"href":"http:\/\/www.tvturk.com\/index.php\/wp-json\/wp\/v2\/users\/1"}],"replies":[{"embeddable":true,"href":"http:\/\/www.tvturk.com\/index.php\/wp-json\/wp\/v2\/comments?post=153078"}],"version-history":[{"count":0,"href":"http:\/\/www.tvturk.com\/index.php\/wp-json\/wp\/v2\/posts\/153078\/revisions"}],"wp:featuredmedia":[{"embeddable":true,"href":"http:\/\/www.tvturk.com\/index.php\/wp-json\/wp\/v2\/media\/153079"}],"wp:attachment":[{"href":"http:\/\/www.tvturk.com\/index.php\/wp-json\/wp\/v2\/media?parent=153078"}],"wp:term":[{"taxonomy":"category","embeddable":true,"href":"http:\/\/www.tvturk.com\/index.php\/wp-json\/wp\/v2\/categories?post=153078"},{"taxonomy":"post_tag","embeddable":true,"href":"http:\/\/www.tvturk.com\/index.php\/wp-json\/wp\/v2\/tags?post=153078"}],"curies":[{"name":"wp","href":"https:\/\/api.w.org\/{rel}","templated":true}]}}