{"id":153140,"date":"2019-05-05T14:01:28","date_gmt":"2019-05-05T11:01:28","guid":{"rendered":"http:\/\/www.tvturk.com\/index.php\/turkiyenin-ozel-yetenekli-cocuklari-deneyap-teknoloji-atolyelerinde-gelecege-hazirlaniyor\/"},"modified":"2019-05-05T14:01:28","modified_gmt":"2019-05-05T11:01:28","slug":"turkiyenin-ozel-yetenekli-cocuklari-deneyap-teknoloji-atolyelerinde-gelecege-hazirlaniyor","status":"publish","type":"post","link":"http:\/\/www.tvturk.com\/index.php\/turkiyenin-ozel-yetenekli-cocuklari-deneyap-teknoloji-atolyelerinde-gelecege-hazirlaniyor\/","title":{"rendered":"T\u00fcrkiye\u2019nin \u00f6zel yetenekli \u00e7ocuklar\u0131, Deneyap teknoloji at\u00f6lyelerinde gelece\u011fe haz\u0131rlan\u0131yor"},"content":{"rendered":"<p>Cumhurba\u015fkanl\u0131\u011f\u0131n\u0131n 100 g\u00fcnl\u00fck icraat program\u0131nda da yer alan ve 12 ilde e\u015f zamanl\u0131  yap\u0131lan \u201cDeneyap\u201d Projesi\u2019nin Trabzon aya\u011f\u0131  BAYKAR Teknik M\u00fcd\u00fcr\u00fc ve T3 Vakf\u0131 M\u00fctevelli Heyeti Ba\u015fkan\u0131 Sel\u00e7uk Bayraktar\u2019\u0131n kat\u0131l\u0131m\u0131yla yap\u0131ld\u0131. S\u0131navda, \u00f6\u011frenciler kendilerine verilen pipet, CD, \u015fi\u015fe, kapak, balon gibi malzemelerle iki saat i\u00e7erisinde en uzak mesafeye gidebilecek arabay\u0131 yapmak i\u00e7in birbirleriyle yar\u0131\u015ft\u0131.   S\u0131navda en y\u00fcksek puan alan adaylar,  36 ayl\u0131k \u00fccretsiz \u201cDeneyap\u201d E\u011fitimlerine kat\u0131lacak.   \u00d6zel yetenekli gen\u00e7lere, kodlamadan siber g\u00fcvenli\u011fe, nanoteknolojiden yapay zekaya 36 ayl\u0131k \u00f6zel bir e\u011fitim program\u0131 sunan Deneyap Teknoloji At\u00f6lyelerinin uygulama s\u0131nav\u0131 Trabzon Be\u015firli \u00c7ok Ama\u00e7l\u0131 Spor Salonunda yap\u0131ld\u0131. Uygulama s\u0131nav\u0131na yurt genelinde 5 bin 400 \u00f6\u011frenci kat\u0131l\u0131rken<\/p>\n<p>Trabzon\u2019da  s\u0131nav \u00f6ncesi Trabzon Valisi \u0130smail Ustao\u011flu, Trabzon B\u00fcy\u00fck\u015fehir Belediye Ba\u015fkan\u0131 Murat Zorluo\u011flu, BAYKAR Teknik M\u00fcd\u00fcr\u00fc ve T3 Vakf\u0131 M\u00fctevelli Heyeti Ba\u015fkan\u0131 Sel\u00e7uk Bayraktar, Trabzon Gen\u00e7lik ve Spor \u0130l M\u00fcd\u00fcr\u00fc Birdal \u00d6zt\u00fcrk,  stantlar\u0131 gezerek \u00f6\u011frencilerin geli\u015ftirdikleri projeleri yak\u0131ndan inceledi.<\/p>\n<p>BAYKAR Teknik M\u00fcd\u00fcr\u00fc ve T3 Vakf\u0131 M\u00fctevelli Heyeti Ba\u015fkan\u0131 Sel\u00e7uk Bayraktar, burada yapt\u0131\u011f\u0131 a\u00e7\u0131klamada s\u00f6z konusu projeyi ilk kez 2017 y\u0131l\u0131nda \u0130stanbul\u2019da ba\u015flatt\u0131klar\u0131n\u0131 kaydederek\u201d O d\u00f6nemde ilk y\u0131l 400 \u00f6\u011frencimiz vard\u0131. Bunlara da ders anlatan bursiyer g\u00f6n\u00fcll\u00fclerimiz vard\u0131. Tabi \u00e7ok ba\u015far\u0131l\u0131 oldu biz o d\u00f6nemde \u0130stanbul B\u00fcy\u00fck\u015fehir Belediyesinin sa\u011flad\u0131\u011f\u0131 mekanlar\u0131 kulland\u0131k. \u0130stanbul B\u00fcy\u00fck\u015fehir Belediyesinin bir hizmeti olarak g\u00f6n\u00fcll\u00fc olarak vakf\u0131m\u0131z bu hizmeti \u0130stanbul B\u00fcy\u00fck\u015fehir Belediyesiyle beraber sunmu\u015ftu. Sonraki y\u0131l bu rakam \u00e7ok daha b\u00fcy\u00fcd\u00fc. On binlerce \u00f6\u011frenci \u00f6ncelikle bir se\u00e7me s\u0131nav\u0131na giriyor. Sonras\u0131nda uygulama s\u0131nav\u0131na giriyorlar. Bir ara\u00e7 tasarl\u0131yorlar. Bu bir uzay arac\u0131 olabiliyor. O s\u0131nav\u0131 da burada hakemlerimiz de\u011ferlendiriyorlar. Buradan ald\u0131klar\u0131 puanlara g\u00f6re de Dene yap \u00f6\u011frencisi oluyorlar. Tabi bu \u0130stanbul\u2019daki model \u00e7ok ba\u015far\u0131l\u0131 olunca Sanayi Teknoloji Bakanl\u0131\u011f\u0131m\u0131z, Gen\u00e7lik ve Spor Bakanl\u0131\u011f\u0131m\u0131z ve bunun yan\u0131nda T\u00dcB\u0130TAK ve vakf\u0131m\u0131z da fahri dan\u0131\u015fmanl\u0131k yapmak suretiyle t\u00fcm T\u00fcrkiye\u2019ye yayma karar\u0131 ald\u0131. Sanayi ve Teknoloji Bakanl\u0131\u011f\u0131m\u0131z\u0131n, Gen\u00e7lik Spor Bakanl\u0131\u011f\u0131m\u0131z\u0131n imk\u00e2nlar\u0131 \u00e7ok daha geni\u015f. \u00d6ncelikle Hakkari\u2019den Edirne\u2019ye 12 ilde bu proje ba\u015flad\u0131. Bug\u00fcn de Trabzon\u2019day\u0131z. Trabzon\u2019da da gen\u00e7 karde\u015flerimiz \u00f6n elemeyi ge\u00e7enler, ilk a\u015famada 80 bin ki\u015fi kat\u0131lm\u0131\u015ft\u0131 s\u0131nava 12 ilde bunlar\u0131n 5 bin 400\u2019\u00fc ikinci a\u015famaya kald\u0131. 5 bin 400\u2019den de yakla\u015f\u0131k bin 920 tanesi \u00fc\u00e7 y\u0131l boyunca bu bahsetti\u011fim alanlarda gelece\u011fin teknolojileri alan\u0131nda uygulamal\u0131 e\u011fitim g\u00f6recekler. Tabi bu bizi \u00e7ok heyecanland\u0131r\u0131yor\u201d diye konu\u015ftu.<\/p>\n<p>Bayraktar,  kendisinin de  ufak ya\u015flarla bu gibi alanlara merak sararak, bu tutkunun pe\u015finden giderek ba\u015far\u0131l\u0131 oldu\u011funu s\u00f6zlerine ekledi.<\/p>\n<p>Trabzon Valisi \u0130smail Ustao\u011flu, ise  \u201cAileler a\u00e7\u0131s\u0131ndan, \u00e7ocuklar\u0131m\u0131z a\u00e7\u0131s\u0131ndan \u00e7ok heyecanl\u0131 bir g\u00fcn\u00fc ya\u015f\u0131yoruz. \u015eu an \u00fclkemizin 12 ilinde uygulanan bu proje ile in\u015fallah gelece\u011fin y\u0131ld\u0131zlar\u0131, bilim adamlar\u0131 yeti\u015fecek. \u00dclkemiz i\u00e7in \u00e7ok \u00f6nemli bir proje. Eme\u011fi ge\u00e7en herkese te\u015fekk\u00fcr ediyorum\u201d dedi.  T\u00fcrkiye\u2019nin art\u0131k teknoloji \u00fcretmesi gerekti\u011fini kaydeden Trabzon B\u00fcy\u00fck\u015fehir Belediye Ba\u015fkan\u0131 Murat Zorluo\u011flu\u2019da , \u201cAdeta bir festival havas\u0131nda \u00e7ocuklar\u0131m\u0131z e\u011flenerek, \u015fakala\u015farak keyifli bir ortamda hayallerini \u00fcr\u00fcnlere d\u00f6n\u00fc\u015ft\u00fcr\u00fcyorlar. \u00c7ocuklu\u011fumuzda biz hayallerimizi yaz\u0131ya d\u00f6kerdik , hayallerimizle resim yapard\u0131k ancak \u015fimdi \u00e7ok \u015f\u00fck\u00fcr \u00fclkemizin geldi\u011fi a\u015famada \u015fu anda sadece Trabzon\u2019da de\u011fil 12 ilde 5 bine yak\u0131n \u00e7ocu\u011fumuz evlad\u0131m\u0131z deneyerek hayalleriyle bir \u015feyler \u00fcretmeye \u00e7al\u0131\u015f\u0131yorlar. \u00c7ocuklar\u0131m\u0131z\u0131n teknolojiye bu ya\u015flarda al\u0131\u015fmas\u0131 laz\u0131m. T\u00fcrkiye\u2019nin art\u0131k teknoloji \u00fcretmesi laz\u0131m.<\/p>\n","protected":false},"excerpt":{"rendered":"<p>CUMHURBA\u015eKANLI\u011eININ 100 G\u00dcNL\u00dcK \u0130CRAAT PROGRAMINDA DA YER ALAN VE 12 \u0130LDE E\u015e ZAMANLI  YAPILAN \u201cDENEYAP\u201d PROJES\u0130\u2019N\u0130N TRABZON AYA\u011eI  BAYKAR TEKN\u0130K M\u00dcD\u00dcR\u00dc VE T3 VAKFI M\u00dcTEVELL\u0130 HEYET\u0130 BA\u015eKANI SEL\u00c7UK BAYRAKTAR\u2019IN KATILIMIYLA YAPILDI.<\/p>\n","protected":false},"author":1,"featured_media":153141,"comment_status":"closed","ping_status":"open","sticky":false,"template":"","format":"standard","meta":{"jetpack_post_was_ever_published":false,"_jetpack_newsletter_access":"","_jetpack_dont_email_post_to_subs":false,"_jetpack_newsletter_tier_id":0,"_jetpack_memberships_contains_paywalled_content":false,"_jetpack_memberships_contains_paid_content":false,"footnotes":"","jetpack_publicize_message":"","jetpack_publicize_feature_enabled":true,"jetpack_social_post_already_shared":true,"jetpack_social_options":{"image_generator_settings":{"template":"highway","default_image_id":0,"font":"","enabled":false},"version":2}},"categories":[1],"tags":[340,1073,34906,139,2059,297,341,177,16751],"class_list":["post-153140","post","type-post","status-publish","format-standard","has-post-thumbnail","hentry","category-genel","tag-deneyap","tag-ozel","tag-atolyelerinde","tag-cocuklari","tag-gelecege","tag-hazirlaniyor","tag-teknoloji","tag-turkiyenin","tag-yetenekli"],"jetpack_publicize_connections":[],"jetpack_featured_media_url":"https:\/\/i0.wp.com\/www.tvturk.com\/wp-content\/uploads\/2019\/05\/turkiyenin-ozel-yetenekli-cocuklari-deneyap-teknoloji-atolyelerinde-gelecege-hazirlaniyor_de77400.jpg?fit=1000%2C666","jetpack_sharing_enabled":true,"jetpack_shortlink":"https:\/\/wp.me\/paKIfm-DQ0","_links":{"self":[{"href":"http:\/\/www.tvturk.com\/index.php\/wp-json\/wp\/v2\/posts\/153140","targetHints":{"allow":["GET"]}}],"collection":[{"href":"http:\/\/www.tvturk.com\/index.php\/wp-json\/wp\/v2\/posts"}],"about":[{"href":"http:\/\/www.tvturk.com\/index.php\/wp-json\/wp\/v2\/types\/post"}],"author":[{"embeddable":true,"href":"http:\/\/www.tvturk.com\/index.php\/wp-json\/wp\/v2\/users\/1"}],"replies":[{"embeddable":true,"href":"http:\/\/www.tvturk.com\/index.php\/wp-json\/wp\/v2\/comments?post=153140"}],"version-history":[{"count":0,"href":"http:\/\/www.tvturk.com\/index.php\/wp-json\/wp\/v2\/posts\/153140\/revisions"}],"wp:featuredmedia":[{"embeddable":true,"href":"http:\/\/www.tvturk.com\/index.php\/wp-json\/wp\/v2\/media\/153141"}],"wp:attachment":[{"href":"http:\/\/www.tvturk.com\/index.php\/wp-json\/wp\/v2\/media?parent=153140"}],"wp:term":[{"taxonomy":"category","embeddable":true,"href":"http:\/\/www.tvturk.com\/index.php\/wp-json\/wp\/v2\/categories?post=153140"},{"taxonomy":"post_tag","embeddable":true,"href":"http:\/\/www.tvturk.com\/index.php\/wp-json\/wp\/v2\/tags?post=153140"}],"curies":[{"name":"wp","href":"https:\/\/api.w.org\/{rel}","templated":true}]}}