{"id":153188,"date":"2019-05-05T16:17:35","date_gmt":"2019-05-05T13:17:35","guid":{"rendered":"http:\/\/www.tvturk.com\/index.php\/19-mayistan-buyuk-zafere-sergisi-ve-muzikali-samsunlulari-buyuledi\/"},"modified":"2019-05-05T16:17:35","modified_gmt":"2019-05-05T13:17:35","slug":"19-mayistan-buyuk-zafere-sergisi-ve-muzikali-samsunlulari-buyuledi","status":"publish","type":"post","link":"http:\/\/www.tvturk.com\/index.php\/19-mayistan-buyuk-zafere-sergisi-ve-muzikali-samsunlulari-buyuledi\/","title":{"rendered":"19 May\u0131s\u2019tan B\u00fcy\u00fck Zafere Sergisi ve M\u00fczikali Samsunlular\u0131 b\u00fcy\u00fcledi"},"content":{"rendered":"<p>Samsun Ondokuz May\u0131s \u00dcniversitesi (OM\u00dc)  b\u00fcnyesinde ger\u00e7ekle\u015ftirilen  &#8220;M\u00fccadelenin 100. Y\u0131l\u0131nda Kurtulu\u015f Yolu&#8221; adl\u0131 sergi ve &#8220;19 May\u0131s 1919\u2019dan B\u00fcy\u00fck Zafere&#8221; m\u00fczikali d\u00fczenlendi.<\/p>\n<p>19 May\u0131s 1919\u2019un 100.  y\u0131l\u0131 kutlamalar\u0131 \u00e7er\u00e7evesinde OM\u00dc\u2019de bir\u00e7ok etkinlik d\u00fczenleniyor. Son olarak &#8220;M\u00fccadelenin 100. Y\u0131l\u0131nda Kurtulu\u015f Yolu&#8221; adl\u0131 serginin a\u00e7\u0131l\u0131\u015f\u0131 ve 19 May\u0131s 1919\u2019dan B\u00fcy\u00fck Zafere&#8221; m\u00fczikali ger\u00e7ekle\u015ftirildi.<\/p>\n<p>Program ilk olarak &#8220;M\u00fccadelenin 100. Y\u0131l\u0131nda Kurtulu\u015f Yolu&#8221; sergisiyle ba\u015flad\u0131. Sanat Merkezi fuaye alan\u0131nda ger\u00e7ekle\u015fen sergide, a\u00e7\u0131l\u0131\u015f konu\u015fmas\u0131n\u0131 yapan Prof. Dr. Sevgi Koyuncu &#8220;Bug\u00fcn ba\u015flatt\u0131\u011f\u0131m\u0131z Milli M\u00fccadele\u2019nin 100. Y\u0131l\u0131nda Kurtulu\u015f Yolu sergimiz OM\u00dc E\u011fitim Fak\u00fcltesi G\u00fczel Sanatlar E\u011fitim B\u00f6l\u00fcm\u00fc \u00f6\u011fretim elemanlar\u0131n\u0131n \u00fcretti\u011fi \u00e7al\u0131\u015fmalard\u0131r. Valili\u011fimiz ve rekt\u00f6rl\u00fc\u011f\u00fcm\u00fcz\u00fcn y\u00fcr\u00fctt\u00fc\u011f\u00fc projeler kapmas\u0131nda planlanarak, 24 Kas\u0131m \u00d6\u011fretmenler G\u00fcn\u00fcnde, \u2018B\u00fcy\u00fck Ankara Bulu\u015fmas\u0131\u2019 ile sona erecektir. Destekleri i\u00e7in valili\u011fimize ve rekt\u00f6rl\u00fc\u011f\u00fcm\u00fcze te\u015fekk\u00fcr ederiz&#8221; dedi.<\/p>\n<p>Ard\u0131ndan s\u00f6z alan proje sorumlular\u0131ndan Prof. Dr. Ata Yakup Kaptan ise, &#8220;Bir medeniyetin ya\u015famas\u0131 i\u00e7in duvarlar \u00f6rmek, \u015fehirler kurmak kadar c\u00fcmleler, dizeler kurmak, tasvirler yapmak, duyguyu ezgiye aktarmakta \u00f6nemliydi. \u00c7\u00fcnk\u00fc bir \u015fehir kemerse sanat da o kemeri olu\u015fturan ta\u015flar\u0131yd\u0131. Mustafa Kemal Atat\u00fcrk bunlar\u0131n fark\u0131ndayd\u0131. Samsunlu sanat\u00e7\u0131lar olarak bizimde iddiam\u0131z, 100. Y\u0131lda o kemere ta\u015f ta\u015f\u0131mak, ta\u015f\u0131nm\u0131\u015f ta\u015flar\u0131n izinde gitmektir. Sergimizle birlikte Samsun \u00e7\u0131k\u0131\u015f\u0131 bir me\u015faleyi \u00fclkemizin g\u00fczel \u0131rmaklar\u0131na, \u015fehirlerine ta\u015f\u0131mak istiyoruz&#8221; diye konu\u015ftu.<\/p>\n<p>M\u00fczikal \u00f6ncesi ger\u00e7ekle\u015fen ve a\u00e7\u0131l\u0131\u015f konu\u015fmalar\u0131n\u0131n ard\u0131ndan ziyaret\u00e7ilerin yo\u011fun ilgi g\u00f6sterdi\u011fi sergi, \u00e7al\u0131\u015fmalar\u0131n sahibi \u00f6\u011fretim elemanlar\u0131n\u0131n hat\u0131ra foto\u011fraf\u0131 \u00e7ektirmesiyle \u00f6l\u00fcms\u00fczle\u015ftirildi.<\/p>\n<p>19 May\u0131s 1919\u2019dan b\u00fcy\u00fck zafere<\/p>\n<p>Serginin ard\u0131ndan &#8220;19 May\u0131s 1919\u2019dan B\u00fcy\u00fck Zafere&#8221; adl\u0131 tematik konser ger\u00e7ekle\u015fti. OM\u00dc Devlet Konservatuar\u0131 Geleneksel T\u00fcrk M\u00fczi\u011fi Ana Sanat Dal\u0131 \u00f6\u011frencilerinden ve konuk sanat\u00e7\u0131lar\u0131ndan olu\u015fan koroyu,  Geleneksel T\u00fcrk M\u00fczi\u011fi Ana Sanat Dal\u0131 Ba\u015fkan\u0131 Do\u00e7. Dr. Serhat Yener y\u00f6netti. Konserin a\u00e7\u0131l\u0131\u015f konu\u015fmas\u0131n\u0131 yapan Rekt\u00f6r Yard\u0131mc\u0131s\u0131 Prof. Dr. Vedat Ceyhan, &#8220;Milli M\u00fccadele\u2019de ilk ad\u0131m at\u0131ld\u0131ktan sonra \u00e7ok \u015fey ya\u015fand\u0131. Can\u0131n\u0131 verenler, mal\u0131n\u0131 m\u00fclk\u00fcn\u00fc ba\u011f\u0131\u015flayanlar ve bir\u00e7ok duygu. OM\u00dc olarak bu duygular\u0131 birlikte payla\u015fmam\u0131z gerekti\u011fini d\u00fc\u015f\u00fcnd\u00fck. Duygular\u0131 anlatmak de\u011fil ya\u015famak \u00f6nemlidir, bu anlamda bizlerle duygular\u0131m\u0131z\u0131 payla\u015f\u0131p, yaln\u0131z b\u0131rakmayan herkese te\u015fekk\u00fcr ediyorum&#8221; ifadelerini kulland\u0131.<\/p>\n<p>T\u00fcrkiye Cumhuriyet\u2019inin kurulu\u015funa kadar ge\u00e7en s\u00fcreyi, Ulu \u00d6nder Mustafa Kemal Atat\u00fcrk\u2019\u00fcn do\u011fum g\u00fcn\u00fcm dedi\u011fi 19 May\u0131s\u2019\u0131n 100. Y\u0131l\u0131 ile \u00f6zde\u015fle\u015ftirmenin ama\u00e7land\u0131\u011f\u0131 programda Kurtulu\u015f M\u00fccadelesinin anlat\u0131ld\u0131\u011f\u0131 g\u00f6rsel sunum, geleneksel m\u00fczikler ve tiyatral canland\u0131rma yer ald\u0131. Erzurum, Ankara, Denizli, Yozgat, Mu\u011fla ve Sivas y\u00f6relerine ait &#8220;Eledim Eledim&#8221;, &#8220;Seymen Zeybe\u011fi&#8221;, &#8220;Kerimo\u011flu&#8221;, &#8220;Asker Yolu Beklerim&#8221;, &#8220;Ya\u011far Ya\u011fmur Zeybe\u011fi&#8221; gibi eserler, salonu dolduran seyirciler ile bulu\u015ftu. Konserin sonunda Rekt\u00f6r Prof. Dr. Sait Bilgi\u00e7 t\u00fcm ekibe te\u015fekk\u00fcr ederek, Prof. Dr. Sevgi Koyuncu ve \u015eef Do\u00e7. Dr. Serhat Yener\u2019e Prof. Dr. Ata Yakup Kaptan taraf\u0131ndan tasarlanan \u201c19 May\u0131s 2019 OM\u00dc 100. Y\u0131l An\u0131 Para\u201d tasar\u0131m\u0131n\u0131 takdim etti.<\/p>\n<p>&#8220;Milli M\u00fccadele ruhunu g\u00fcn\u00fcm\u00fcze ta\u015f\u0131d\u0131lar&#8221;<\/p>\n<p>Konuyla ilgili de\u011ferlendirmelerde de bulunan OM\u00dc Rekt\u00f6r\u00fc Prof. Dr. Sait Bilgi\u00e7, &#8220;19 May\u0131s 1919\u2019dan B\u00fcy\u00fck Zafere&#8221; konulu m\u00fczikali izledik. Bizi 100 y\u0131l \u00f6ncesine g\u00f6t\u00fcrd\u00fcler. O g\u00fcnlerdeki Milli M\u00fccadele ruhunu g\u00fcn\u00fcm\u00fcze ta\u015f\u0131d\u0131lar. Yap\u0131lan haz\u0131rl\u0131klar ve sergileyi\u015fleri muazzamd\u0131. Salon h\u0131nca h\u0131n\u00e7 doluydu. Bu ba\u015far\u0131l\u0131 \u00e7al\u0131\u015fma, ben dahil salonu dolduran herkesi etkiledi. Bu ve benzer \u00e7al\u0131\u015fmalar\u0131n Samsun d\u0131\u015f\u0131nda di\u011fer illerde de sergilenmesinde fayda var&#8221; dedi.<\/p>\n<p>Konser bitiminde t\u00fcm ekip arkada\u015flar\u0131na tek tek te\u015fekk\u00fcr eden \u015eef Do\u00e7. Dr. Serhat Yener, &#8220;100. y\u0131lda t\u00fcm T\u00fcrkiye\u2019yi, OM\u00dc \u00e7at\u0131s\u0131 alt\u0131nda bu salonda birle\u015ftirdik&#8221; diyerek seyirciye, konsere duydu\u011fu ilgiden dolay\u0131 te\u015fekk\u00fcrlerini iletti.<\/p>\n<p>Samsun B\u00fcy\u00fck\u015fehir Belediyesi Atakum K\u00fclt\u00fcr ve Sanat Merkezinde ger\u00e7ekle\u015fen programa, OM\u00dc Genel Sekreteri Do\u00e7. Dr. Menderes Kabaday\u0131, OM\u00dc senato \u00fcyeleri, \u00f6\u011fretim \u00fcyeleri, \u00f6\u011frenciler ve \u00e7ok say\u0131da Samsunlu kat\u0131ld\u0131.<\/p>\n","protected":false},"excerpt":{"rendered":"<p>ONDOKUZ MAYIS \u00dcN\u0130VERS\u0130TES\u0130 (OM\u00dc)  B\u00dcNYES\u0130NDE GER\u00c7EKLE\u015eT\u0130R\u0130LEN  &#8220;M\u00dcCADELEN\u0130N 100. YILINDA KURTULU\u015e YOLU&#8221; ADLI SERG\u0130N\u0130N AKAB\u0130NDE &#8220;19 MAYIS 1919&#8217;DAN B\u00dcY\u00dcK ZAFERE&#8221; M\u00dcZ\u0130KAL\u0130 D\u00dcZENLEND\u0130.<\/p>\n","protected":false},"author":1,"featured_media":153189,"comment_status":"closed","ping_status":"open","sticky":false,"template":"","format":"standard","meta":{"jetpack_post_was_ever_published":false,"_jetpack_newsletter_access":"","_jetpack_dont_email_post_to_subs":false,"_jetpack_newsletter_tier_id":0,"_jetpack_memberships_contains_paywalled_content":false,"_jetpack_memberships_contains_paid_content":false,"footnotes":"","jetpack_publicize_message":"","jetpack_publicize_feature_enabled":true,"jetpack_social_post_already_shared":true,"jetpack_social_options":{"image_generator_settings":{"template":"highway","default_image_id":0,"font":"","enabled":false},"version":2}},"categories":[656],"tags":[545,13578,34921,34923,34924,1335,34922],"class_list":["post-153188","post","type-post","status-publish","format-standard","has-post-thumbnail","hentry","category-kultur-sanat","tag-buyuk","tag-buyuledi","tag-mayistan","tag-muzikali","tag-samsunlulari","tag-sergisi","tag-zafere"],"jetpack_publicize_connections":[],"jetpack_featured_media_url":"https:\/\/i0.wp.com\/www.tvturk.com\/wp-content\/uploads\/2019\/05\/19-mayistan-buyuk-zafere-sergisi-ve-muzikali-samsunlulari-buyuledi_ce7dc83.jpg?fit=1000%2C666","jetpack_sharing_enabled":true,"jetpack_shortlink":"https:\/\/wp.me\/paKIfm-DQM","_links":{"self":[{"href":"http:\/\/www.tvturk.com\/index.php\/wp-json\/wp\/v2\/posts\/153188","targetHints":{"allow":["GET"]}}],"collection":[{"href":"http:\/\/www.tvturk.com\/index.php\/wp-json\/wp\/v2\/posts"}],"about":[{"href":"http:\/\/www.tvturk.com\/index.php\/wp-json\/wp\/v2\/types\/post"}],"author":[{"embeddable":true,"href":"http:\/\/www.tvturk.com\/index.php\/wp-json\/wp\/v2\/users\/1"}],"replies":[{"embeddable":true,"href":"http:\/\/www.tvturk.com\/index.php\/wp-json\/wp\/v2\/comments?post=153188"}],"version-history":[{"count":0,"href":"http:\/\/www.tvturk.com\/index.php\/wp-json\/wp\/v2\/posts\/153188\/revisions"}],"wp:featuredmedia":[{"embeddable":true,"href":"http:\/\/www.tvturk.com\/index.php\/wp-json\/wp\/v2\/media\/153189"}],"wp:attachment":[{"href":"http:\/\/www.tvturk.com\/index.php\/wp-json\/wp\/v2\/media?parent=153188"}],"wp:term":[{"taxonomy":"category","embeddable":true,"href":"http:\/\/www.tvturk.com\/index.php\/wp-json\/wp\/v2\/categories?post=153188"},{"taxonomy":"post_tag","embeddable":true,"href":"http:\/\/www.tvturk.com\/index.php\/wp-json\/wp\/v2\/tags?post=153188"}],"curies":[{"name":"wp","href":"https:\/\/api.w.org\/{rel}","templated":true}]}}