{"id":153274,"date":"2019-05-05T20:46:18","date_gmt":"2019-05-05T17:46:18","guid":{"rendered":"http:\/\/www.tvturk.com\/index.php\/bulent-arinc-ak-partide-dusecek-bir-cinar-yapragina-bile-tahammulumuz-yok\/"},"modified":"2019-05-05T20:46:18","modified_gmt":"2019-05-05T17:46:18","slug":"bulent-arinc-ak-partide-dusecek-bir-cinar-yapragina-bile-tahammulumuz-yok","status":"publish","type":"post","link":"http:\/\/www.tvturk.com\/index.php\/bulent-arinc-ak-partide-dusecek-bir-cinar-yapragina-bile-tahammulumuz-yok\/","title":{"rendered":"B\u00fclent Ar\u0131n\u00e7: \u201cAK Parti\u2019de d\u00fc\u015fecek bir \u00e7\u0131nar yapra\u011f\u0131na bile tahamm\u00fcl\u00fcm\u00fcz yok\u201d"},"content":{"rendered":"<p>Eski TBMM Ba\u015fkan\u0131 B\u00fclent Ar\u0131n\u00e7, Ahmet Davuto\u011flu ve Abdullah G\u00fcl taraf\u0131ndan siyasi parti kurulaca\u011f\u0131 iddialar\u0131yla ilgili, \u201cParti kurabilirler mi, geli\u015fmelere bak\u0131l\u0131rsa kuracaklar gibi. Toparlamak bize d\u00fc\u015fer. Bizim AK Parti\u2019de d\u00fc\u015fecek bir \u00e7\u0131nar yapra\u011f\u0131na bile tahamm\u00fcl\u00fcm\u00fcz yok. G\u00f6vdeyi g\u00fc\u00e7lendirelim, \u00f6n\u00fcm\u00fczdeki se\u00e7imlerde daha \u00e7ok kuvvetli olal\u0131m\u201d dedi.<\/p>\n<p>Eski TBMM Ba\u015fkan\u0131 B\u00fclent Ar\u0131n\u00e7, Kocaeli B\u00fcy\u00fck\u015fehir Belediyesi taraf\u0131ndan bu y\u0131l 11.\u2019si d\u00fczenlenen Kocaeli Kitap Fuar\u0131\u2019na kat\u0131ld\u0131. Televizyon Programc\u0131s\u0131 ve Gazeteci Veyis Ate\u015f moderat\u00f6rl\u00fc\u011f\u00fcnde ger\u00e7ekle\u015fen s\u00f6yle\u015fiye Kocaeli B\u00fcy\u00fck\u015fehir Belediye Ba\u015fkan\u0131 Tahir B\u00fcy\u00fckak\u0131n, Derince Belediye Ba\u015fkan\u0131 Zeki Ayg\u00fcn ve vatanda\u015flar kat\u0131ld\u0131. S\u00f6yle\u015fide konu\u015fan Ar\u0131n\u00e7, siyasi kariyeri hakk\u0131nda Ate\u015f taraf\u0131ndan sorulan sorular\u0131 yan\u0131tlad\u0131.<\/p>\n<p>S\u00f6yle\u015fide TBMM ba\u015fkan\u0131 oldu\u011fu d\u00f6nemde kendisini Genelkurmay Komutanl\u0131\u011f\u0131\u2019nda g\u00f6revli kuvvet komutanlar\u0131 ile olan bir an\u0131s\u0131n\u0131 anlatan Ar\u0131n\u00e7, o d\u00f6nemde e\u015finin ba\u015f\u00f6rt\u00fcl\u00fc olmas\u0131 nedeni ile Kara Kuvvetleri eski Komutan\u0131 \u015eener Eruygur\u2019un da aralar\u0131nda oldu\u011fu komutanlar\u0131n\u0131n kendisini ziyaret etmeye gelmek istemediklerini ifade etti.  \u201cGenel Kurmay Komutan\u0131m\u0131z Say\u0131n Hilmi \u00d6zk\u00f6k ne kadar vatansever, milliyet\u00e7i her ne kadar fikir \u00f6zg\u00fcrl\u00fc\u011f\u00fc taraftar\u0131 bir insansa onun d\u0131\u015f\u0131ndaki 4 komutan i\u00e7in ayn\u0131 \u015feyleri s\u00f6yleyemeyece\u011fim\u201d diyen Ar\u0131n\u00e7, ziyaretin 3 bu\u00e7uk dakika kadar s\u00fcrmedi\u011fini a\u00e7\u0131klad\u0131. Daha sonra kendisini ziyaret etmek istemeyen komutanlardan intikam\u0131n\u0131 ald\u0131\u011f\u0131n\u0131 s\u00f6yleyen B\u00fclent Ar\u0131n\u00e7, \u015eener Eruygur\u2019a yapt\u0131\u011f\u0131 bir ziyaretteki an\u0131s\u0131n\u0131 anlatarak, \u201c3 bu\u00e7uk dakikan\u0131n hakk\u0131n\u0131 2 bu\u00e7uk saatte ald\u0131m onlardan\u201d diye konu\u015ftu.<\/p>\n<p>\u201cGeli\u015fmelere bak\u0131l\u0131rsa kuracaklar gibi\u201d<\/p>\n<p>Ahmet Davuto\u011flu ve Abdullah G\u00fcl taraf\u0131ndan bir yeni partinin kurulaca\u011f\u0131 y\u00f6n\u00fcndeki haberleri de de\u011ferlendiren Ar\u0131n\u00e7, \u201cBen bu karde\u015flerimizi severim, birlikte siyaset yapt\u0131k.  AK Parti\u2019de \u015fu ka\u011f\u0131t par\u00e7as\u0131n\u0131n yere d\u00fc\u015fmesine g\u00f6nl\u00fcm araz\u0131 olmaz. Benim bir genel ba\u015fkan\u0131m, liderim var, o da Recep Tayyip Erdo\u011fan\u2019d\u0131r. Yanl\u0131\u015flar\u0131 var m\u0131 var. Benim daha \u00e7ok var. Ben o insan\u0131 hatalar\u0131 ile \u00f6rnek bir insan olarak g\u00f6r\u00fcyorum. Ama T\u00fcrkiye i\u00e7in yapt\u0131klar\u0131na bakt\u0131\u011f\u0131m zaman, onunla olmak benim i\u00e7in \u00e7ok \u015ferefli bir g\u00f6rev. Bunlar\u0131 o arkada\u015flar\u0131m\u0131za da ilettik. Ben bunlarla ilgilenmiyorum, ama okuduk\u00e7a endi\u015fe ediyorum. Parti kurabilirler mi, geli\u015fmelere bak\u0131l\u0131rsa kuracaklar gibi. Toparlamak bize d\u00fc\u015fer. Ba\u015f\u0131m\u0131zdakilere duyurulur, yumu\u015fak dil kullan\u0131n, hepsini kucaklay\u0131n. Bizim AK Parti\u2019de d\u00fc\u015fecek bir \u00e7\u0131nar yapra\u011f\u0131na bile tahamm\u00fcl\u00fcm\u00fcz yok. G\u00f6vdeyi g\u00fc\u00e7lendirelim, \u00f6n\u00fcm\u00fczdeki se\u00e7imlerde daha \u00e7ok kuvvetli olal\u0131m\u201d ifadelerini kulland\u0131.<\/p>\n<p>S\u00f6yle\u015fi, kat\u0131l\u0131mc\u0131lar\u0131n sorular\u0131n\u0131n yan\u0131tlanmas\u0131n\u0131n ard\u0131ndan son buldu.<\/p>\n","protected":false},"excerpt":{"rendered":"<p>KOCAEL\u0130 K\u0130TAP FUARI\u2019NDA GER\u00c7EKLE\u015eT\u0130R\u0130LEN S\u00d6YLE\u015e\u0130DE VATANDA\u015eLARLA B\u0130R ARAYA GELEN TBMM ESK\u0130 BA\u015eKANI B\u00dcLENT ARIN\u00c7, AHMET DAVUTO\u011eLU VE ABDULLAH G\u00dcL TARAFINDAN B\u0130R S\u0130YAS\u0130 PART\u0130 KURULACA\u011eI Y\u00d6N\u00dcNDEK\u0130 \u0130DD\u0130ALAR HAKKINDA KONU\u015eARAK, \u201cBEN BUNLARLA \u0130LG\u0130LENM\u0130YORUM, AMA OKUDUK\u00c7A END\u0130\u015eE ED\u0130YORUM. PART\u0130 KURAB\u0130L\u0130RLER M\u0130, GEL\u0130\u015eMELERE BAKILIRSA KURACAKLAR G\u0130B\u0130. TOPARLAMAK B\u0130ZE D\u00dc\u015eER\u201d DED\u0130.<\/p>\n","protected":false},"author":1,"featured_media":153275,"comment_status":"closed","ping_status":"open","sticky":false,"template":"","format":"standard","meta":{"jetpack_post_was_ever_published":false,"_jetpack_newsletter_access":"","_jetpack_dont_email_post_to_subs":false,"_jetpack_newsletter_tier_id":0,"_jetpack_memberships_contains_paywalled_content":false,"_jetpack_memberships_contains_paid_content":false,"footnotes":"","jetpack_publicize_message":"","jetpack_publicize_feature_enabled":true,"jetpack_social_post_already_shared":true,"jetpack_social_options":{"image_generator_settings":{"template":"highway","default_image_id":0,"font":"","enabled":false},"version":2}},"categories":[1],"tags":[4618,25173,1077,125,2193,9799,16285,2147,24123,34944,664],"class_list":["post-153274","post","type-post","status-publish","format-standard","has-post-thumbnail","hentry","category-genel","tag-ak","tag-arinc","tag-bile","tag-bir","tag-bulent","tag-cinar","tag-dusecek","tag-partide","tag-tahammulumuz","tag-yapragina","tag-yok"],"jetpack_publicize_connections":[],"jetpack_featured_media_url":"https:\/\/i0.wp.com\/www.tvturk.com\/wp-content\/uploads\/2019\/05\/bulent-arinc-ak-partide-dusecek-bir-cinar-yapragina-bile-tahammulumuz-yok_0a3d5b3.jpg?fit=1000%2C666","jetpack_sharing_enabled":true,"jetpack_shortlink":"https:\/\/wp.me\/paKIfm-DSa","_links":{"self":[{"href":"http:\/\/www.tvturk.com\/index.php\/wp-json\/wp\/v2\/posts\/153274","targetHints":{"allow":["GET"]}}],"collection":[{"href":"http:\/\/www.tvturk.com\/index.php\/wp-json\/wp\/v2\/posts"}],"about":[{"href":"http:\/\/www.tvturk.com\/index.php\/wp-json\/wp\/v2\/types\/post"}],"author":[{"embeddable":true,"href":"http:\/\/www.tvturk.com\/index.php\/wp-json\/wp\/v2\/users\/1"}],"replies":[{"embeddable":true,"href":"http:\/\/www.tvturk.com\/index.php\/wp-json\/wp\/v2\/comments?post=153274"}],"version-history":[{"count":0,"href":"http:\/\/www.tvturk.com\/index.php\/wp-json\/wp\/v2\/posts\/153274\/revisions"}],"wp:featuredmedia":[{"embeddable":true,"href":"http:\/\/www.tvturk.com\/index.php\/wp-json\/wp\/v2\/media\/153275"}],"wp:attachment":[{"href":"http:\/\/www.tvturk.com\/index.php\/wp-json\/wp\/v2\/media?parent=153274"}],"wp:term":[{"taxonomy":"category","embeddable":true,"href":"http:\/\/www.tvturk.com\/index.php\/wp-json\/wp\/v2\/categories?post=153274"},{"taxonomy":"post_tag","embeddable":true,"href":"http:\/\/www.tvturk.com\/index.php\/wp-json\/wp\/v2\/tags?post=153274"}],"curies":[{"name":"wp","href":"https:\/\/api.w.org\/{rel}","templated":true}]}}