{"id":153330,"date":"2019-05-05T22:53:10","date_gmt":"2019-05-05T19:53:10","guid":{"rendered":"http:\/\/www.tvturk.com\/index.php\/bursalilar-ilk-teravih-icin-camilere-akin-etti\/"},"modified":"2019-05-05T22:53:10","modified_gmt":"2019-05-05T19:53:10","slug":"bursalilar-ilk-teravih-icin-camilere-akin-etti","status":"publish","type":"post","link":"http:\/\/www.tvturk.com\/index.php\/bursalilar-ilk-teravih-icin-camilere-akin-etti\/","title":{"rendered":"Bursal\u0131lar ilk teravih i\u00e7in camilere ak\u0131n etti"},"content":{"rendered":"<p>Ramazan ay\u0131n\u0131n ba\u015flamas\u0131yla birlikte ilk teravih namaz\u0131 heyecan\u0131 Bursa\u2019da da ya\u015fand\u0131. \u0130lk teravih namaz\u0131n\u0131 eda eden Bursal\u0131lar Ulu Cami\u2019de saflar\u0131 doldurdu.<\/p>\n<p>Ramazan ay\u0131n\u0131n ilk teravih namaz\u0131, t\u00fcm \u0130slam aleminde oldu\u011fu gibi Bursa\u2019da da b\u00fcy\u00fck sevin\u00e7le k\u0131l\u0131nd\u0131. Yats\u0131 ezan\u0131ndan sonra k\u0131l\u0131nan ilk teravih namaz\u0131nda M\u00fcsl\u00fcmanlar Bursa\u2019da \u00e7e\u015fitli camilere ak\u0131n etti. Teravih \u00f6ncesinde Kuran-Kerim tilavetinin ard\u0131ndan, saflar\u0131 dolduran vatanda\u015flar ilk teravih namaz\u0131n\u0131 k\u0131ld\u0131. Namazdan sonra Ramazan ay\u0131n\u0131n M\u00fcsl\u00fcman alemine huzur getirmesi ve bereketli ge\u00e7mesi i\u00e7in dualar edildi.<\/p>\n","protected":false},"excerpt":{"rendered":"<p>RAMAZAN AYININ BA\u015eLAMASIYLA B\u0130RL\u0130KTE \u0130LK TERAV\u0130H NAMAZI HEYECANI BURSA&#8217;DA DA YA\u015eANDI.<\/p>\n","protected":false},"author":1,"featured_media":153331,"comment_status":"closed","ping_status":"open","sticky":false,"template":"","format":"standard","meta":{"jetpack_post_was_ever_published":false,"_jetpack_newsletter_access":"","_jetpack_dont_email_post_to_subs":false,"_jetpack_newsletter_tier_id":0,"_jetpack_memberships_contains_paywalled_content":false,"_jetpack_memberships_contains_paid_content":false,"footnotes":"","jetpack_publicize_message":"","jetpack_publicize_feature_enabled":true,"jetpack_social_post_already_shared":true,"jetpack_social_options":{"image_generator_settings":{"template":"highway","default_image_id":0,"font":"","enabled":false},"version":2}},"categories":[1],"tags":[328,12471,121,207,44,37,34951],"class_list":["post-153330","post","type-post","status-publish","format-standard","has-post-thumbnail","hentry","category-genel","tag-akin","tag-bursalilar","tag-camilere","tag-etti","tag-icin","tag-ilk","tag-teravih"],"jetpack_publicize_connections":[],"jetpack_featured_media_url":"https:\/\/i0.wp.com\/www.tvturk.com\/wp-content\/uploads\/2019\/05\/bursalilar-ilk-teravih-icin-camilere-akin-etti_ab7243b.jpg?fit=1000%2C562","jetpack_sharing_enabled":true,"jetpack_shortlink":"https:\/\/wp.me\/paKIfm-DT4","_links":{"self":[{"href":"http:\/\/www.tvturk.com\/index.php\/wp-json\/wp\/v2\/posts\/153330","targetHints":{"allow":["GET"]}}],"collection":[{"href":"http:\/\/www.tvturk.com\/index.php\/wp-json\/wp\/v2\/posts"}],"about":[{"href":"http:\/\/www.tvturk.com\/index.php\/wp-json\/wp\/v2\/types\/post"}],"author":[{"embeddable":true,"href":"http:\/\/www.tvturk.com\/index.php\/wp-json\/wp\/v2\/users\/1"}],"replies":[{"embeddable":true,"href":"http:\/\/www.tvturk.com\/index.php\/wp-json\/wp\/v2\/comments?post=153330"}],"version-history":[{"count":0,"href":"http:\/\/www.tvturk.com\/index.php\/wp-json\/wp\/v2\/posts\/153330\/revisions"}],"wp:featuredmedia":[{"embeddable":true,"href":"http:\/\/www.tvturk.com\/index.php\/wp-json\/wp\/v2\/media\/153331"}],"wp:attachment":[{"href":"http:\/\/www.tvturk.com\/index.php\/wp-json\/wp\/v2\/media?parent=153330"}],"wp:term":[{"taxonomy":"category","embeddable":true,"href":"http:\/\/www.tvturk.com\/index.php\/wp-json\/wp\/v2\/categories?post=153330"},{"taxonomy":"post_tag","embeddable":true,"href":"http:\/\/www.tvturk.com\/index.php\/wp-json\/wp\/v2\/tags?post=153330"}],"curies":[{"name":"wp","href":"https:\/\/api.w.org\/{rel}","templated":true}]}}