{"id":153342,"date":"2019-05-05T23:17:52","date_gmt":"2019-05-05T20:17:52","guid":{"rendered":"http:\/\/www.tvturk.com\/index.php\/israil-ordusu-hamasin-ust-duzey-yoneticisini-oldurdu\/"},"modified":"2019-05-05T23:17:52","modified_gmt":"2019-05-05T20:17:52","slug":"israil-ordusu-hamasin-ust-duzey-yoneticisini-oldurdu","status":"publish","type":"post","link":"http:\/\/www.tvturk.com\/index.php\/israil-ordusu-hamasin-ust-duzey-yoneticisini-oldurdu\/","title":{"rendered":"\u0130srail ordusu Hamas\u2019\u0131n \u00fcst d\u00fczey y\u00f6neticisini \u00f6ld\u00fcrd\u00fc"},"content":{"rendered":"<p>\u0130srail sava\u015f u\u00e7aklar\u0131 Filistin direni\u015f \u00f6rg\u00fct\u00fc Hamas\u2019\u0131n \u00fcst d\u00fczey y\u00f6neticilerinden Hamid Ahmed Abed Kudri\u2019yi do\u011frudan hedef alarak \u00f6ld\u00fcrd\u00fc.<\/p>\n<p>\u0130srail ordusu Gazze\u2019deki Filistinleri hedef almaya devam ediyor. \u0130srail sava\u015f u\u00e7aklar\u0131 Filistin direni\u015f \u00f6rg\u00fct\u00fc Hamas\u2019\u0131n \u00fcst d\u00fczey y\u00f6neticilerinden Hamid Ahmed Abed Kudri\u2019yi \u00f6ld\u00fcrd\u00fc. \u0130srail ordusu, sald\u0131r\u0131 an\u0131n\u0131n g\u00f6r\u00fcnt\u00fclerini sosyal medyadan yay\u0131nlad\u0131. G\u00f6r\u00fcnt\u00fclerde hareket halindeki bir arac\u0131n f\u00fczeyle vuruldu\u011fu ve arac\u0131n alev topuna d\u00f6n\u00fc\u015ft\u00fc\u011f\u00fc g\u00f6zleniyor. Hamid Ahmed Abed Kudri, \u0130ran fonlar\u0131n\u0131 Hamas\u2019a aktarmakla su\u00e7lan\u0131yordu.<\/p>\n<p>Cumartesi ba\u015flayan \u0130srail sald\u0131r\u0131lar\u0131nda Gazze\u2019de 24 sivil \u015fehit olurken 150\u2019den fazlas\u0131 yaraland\u0131.<\/p>\n<p>\u0130srail taraf\u0131nda ise Gazze f\u00fczeleriyle hayat\u0131n\u0131 kaybedenlerin say\u0131s\u0131 4\u2019e y\u00fckseldi. A\u015fdod \u015fehrine d\u00fc\u015fen bir f\u00fczeden f\u0131rlayan \u015farapnel par\u00e7as\u0131yla 35 ya\u015f\u0131ndaki bir Yahudi yerle\u015fimcinin hayat\u0131n\u0131 kaybetti\u011fini a\u00e7\u0131klad\u0131.<\/p>\n<p>\u0130srail Ba\u015fbakan\u0131 Binyamin Netanyahu yapt\u0131\u011f\u0131 a\u00e7\u0131klamada, &#8220;Ordudan, Gazze\u2019deki ter\u00f6r unsurlar\u0131na y\u00f6nelik sald\u0131r\u0131lar\u0131n\u0131 s\u00fcrd\u00fcrmesini istedim. Ayr\u0131ca Gazze \u015eeridi \u00e7evresindeki birliklerin tanklar, toplar ve piyadelerle desteklenmeleri y\u00f6n\u00fcnde talimat verdim\u201d ifadelerini kullanm\u0131\u015ft\u0131.<\/p>\n","protected":false},"excerpt":{"rendered":"<p>AM\u0130D AHMED ABED KUDR\u0130&#8217;N\u0130N ARACI<\/p>\n","protected":false},"author":1,"featured_media":153343,"comment_status":"closed","ping_status":"open","sticky":false,"template":"","format":"standard","meta":{"jetpack_post_was_ever_published":false,"_jetpack_newsletter_access":"","_jetpack_dont_email_post_to_subs":false,"_jetpack_newsletter_tier_id":0,"_jetpack_memberships_contains_paywalled_content":false,"_jetpack_memberships_contains_paid_content":false,"footnotes":"","jetpack_publicize_message":"","jetpack_publicize_feature_enabled":true,"jetpack_social_post_already_shared":true,"jetpack_social_options":{"image_generator_settings":{"template":"highway","default_image_id":0,"font":"","enabled":false},"version":2}},"categories":[10],"tags":[9135,34956,8494,7344,15004,2320,34957],"class_list":["post-153342","post","type-post","status-publish","format-standard","has-post-thumbnail","hentry","category-dunya","tag-duzey","tag-hamasin","tag-israil","tag-oldurdu","tag-ordusu","tag-ust","tag-yoneticisini"],"jetpack_publicize_connections":[],"jetpack_featured_media_url":"https:\/\/i0.wp.com\/www.tvturk.com\/wp-content\/uploads\/2019\/05\/israil-ordusu-hamasin-ust-duzey-yoneticisini-oldurdu_cc5d906.jpg?fit=1000%2C665","jetpack_sharing_enabled":true,"jetpack_shortlink":"https:\/\/wp.me\/paKIfm-DTg","_links":{"self":[{"href":"http:\/\/www.tvturk.com\/index.php\/wp-json\/wp\/v2\/posts\/153342","targetHints":{"allow":["GET"]}}],"collection":[{"href":"http:\/\/www.tvturk.com\/index.php\/wp-json\/wp\/v2\/posts"}],"about":[{"href":"http:\/\/www.tvturk.com\/index.php\/wp-json\/wp\/v2\/types\/post"}],"author":[{"embeddable":true,"href":"http:\/\/www.tvturk.com\/index.php\/wp-json\/wp\/v2\/users\/1"}],"replies":[{"embeddable":true,"href":"http:\/\/www.tvturk.com\/index.php\/wp-json\/wp\/v2\/comments?post=153342"}],"version-history":[{"count":0,"href":"http:\/\/www.tvturk.com\/index.php\/wp-json\/wp\/v2\/posts\/153342\/revisions"}],"wp:featuredmedia":[{"embeddable":true,"href":"http:\/\/www.tvturk.com\/index.php\/wp-json\/wp\/v2\/media\/153343"}],"wp:attachment":[{"href":"http:\/\/www.tvturk.com\/index.php\/wp-json\/wp\/v2\/media?parent=153342"}],"wp:term":[{"taxonomy":"category","embeddable":true,"href":"http:\/\/www.tvturk.com\/index.php\/wp-json\/wp\/v2\/categories?post=153342"},{"taxonomy":"post_tag","embeddable":true,"href":"http:\/\/www.tvturk.com\/index.php\/wp-json\/wp\/v2\/tags?post=153342"}],"curies":[{"name":"wp","href":"https:\/\/api.w.org\/{rel}","templated":true}]}}