{"id":153382,"date":"2019-05-06T09:40:12","date_gmt":"2019-05-06T06:40:12","guid":{"rendered":"http:\/\/www.tvturk.com\/index.php\/otoparkta-olimpiyatlara-hazirlaniyor\/"},"modified":"2019-05-06T09:40:12","modified_gmt":"2019-05-06T06:40:12","slug":"otoparkta-olimpiyatlara-hazirlaniyor","status":"publish","type":"post","link":"http:\/\/www.tvturk.com\/index.php\/otoparkta-olimpiyatlara-hazirlaniyor\/","title":{"rendered":"Otoparkta olimpiyatlara haz\u0131rlan\u0131yor"},"content":{"rendered":"<p>Samsun\u2019da ya\u015fayan T\u00fcrkiye ve Avrupa \u015fampiyonu i\u015fitme engelli g\u00fcre\u015f\u00e7i Sezer \u00d6zgen\u00e7, 7 y\u0131l ara verdikten sonra gitti\u011fi \u0130\u015fitme Engelliler B\u00fcy\u00fckler T\u00fcrkiye G\u00fcre\u015f \u015eampiyonas\u0131\u2019nda T\u00fcrkiye ikincisi oldu. \u00d6zgen\u00e7, d\u00fczenli antrenman yapabilmesi halinde olimpiyat \u015fampiyonu olabilece\u011fini s\u00f6yledi.<\/p>\n<p>25 ya\u015f\u0131ndaki y\u00fczde 50 i\u015fitme engelli Sezer \u00d6zgen\u00e7, maddi imkans\u0131zl\u0131klardan dolay\u0131 liseyi d\u0131\u015far\u0131dan bitirdi. Daha sonra milli sporcu olunca Ondokuz May\u0131s \u00dcniversitesi (OM\u00dc) Ya\u015far Do\u011fu Spor Bilimleri Akademisi\u2019nde Antren\u00f6rl\u00fck B\u00f6l\u00fcm\u00fc 1. S\u0131n\u0131f \u00f6\u011frencisi olarak e\u011fitim g\u00f6rmeye ba\u015flad\u0131. B\u00fcy\u00fck\u015fehir Belediyesi\u2019ne ba\u011fl\u0131 SAMULA\u015e\u2019a ait bir otoparkta kat g\u00f6revlisi olarak \u00e7al\u0131\u015fan \u00d6zgen\u00e7, spora verdi\u011fi 7 y\u0131l aradan sonra Mersin\u2019de d\u00fczenlenen \u0130\u015fitme Engelliler B\u00fcy\u00fckler T\u00fcrkiye G\u00fcre\u015f \u015eampiyonas\u0131\u2019nda 125 kilo serbest stilde T\u00fcrkiye ikincisi oldu.<\/p>\n<p>Yar\u0131\u015fmaya gitti\u011finde fazla kilolar\u0131ndan kurtulamayan ve 100 kilo ile yar\u0131\u015fmaya giden Sezer \u00d6zgen\u00e7, 98 kiloya d\u00fc\u015febilseydi 96 kiloda m\u00fcsabakalara \u00e7\u0131kacakt\u0131. Antrenman eksikli\u011fi nedeniyle fazla kilolar\u0131n\u0131 veremeyen \u00d6zgen\u00e7, kendisinden 25 kilo daha a\u011f\u0131r rakipleriyle kar\u015f\u0131la\u015ft\u0131\u011f\u0131 turnuvada T\u00fcrkiye 2\u2019incisi oldu. Daha \u00f6ncede Ermenistan\u2019da d\u00fczenlenen Gen\u00e7ler \u0130\u015fitme Engelliler Avrupa G\u00fcre\u015f \u015eampiyonas\u0131\u2019nda hem serbest hem de grekoromen stilde Avrupa \u015fampiyonu olan \u00d6zgen\u00e7, yak\u0131n zamanda ald\u0131\u011f\u0131 derecenin ard\u0131ndan \u015fimdi de 29 Ekim\u2019de Belarus\u2019ta d\u00fczenlenecek Avrupa \u015eampiyonas\u0131\u2019na kat\u0131lmak istiyor. \u00d6zgen\u00e7, daha sonras\u0131nda da 2020 y\u0131l\u0131nda Antalya\u2019da d\u00fczenlenecek D\u00fcnya \u015eampiyonas\u0131 ve olimpiyatlara kat\u0131larak T\u00fcrk bayra\u011f\u0131n\u0131 g\u00f6ndere \u00e7ekmek istiyor.<\/p>\n<p>\u201cAntrenmans\u0131z T\u00fcrkiye 2\u2019incisi oldum\u201d<\/p>\n<p>Bir\u00e7ok olumsuzlu\u011fa ra\u011fmen b\u00fcy\u00fck bir ba\u015far\u0131 elde etti\u011fini ve \u00fclkesini yurt d\u0131\u015f\u0131nda da temsil etmek istedi\u011fini dile getiren Sezer \u00d6zgen\u00e7, \u201cDi\u011fer sporculardan ayr\u0131lan \u00f6zelliklerim var. Hem \u00fcniversite okuyorum, hem otoparkta \u00e7al\u0131\u015f\u0131yorum hem de turnuvalara haz\u0131rlanmaya \u00e7al\u0131\u015f\u0131yorum. \u00c7al\u0131\u015f\u0131p aileme bakmak zorunda oldu\u011fum i\u00e7in, okumak zorunda oldu\u011fum i\u00e7in pek fazla antrenman yapam\u0131yorum. Ge\u00e7en g\u00fcn Mersin\u2019de d\u00fczenlenen \u0130\u015fitme Engelliler B\u00fcy\u00fckler T\u00fcrkiye \u015eampiyonas\u0131\u2019nda T\u00fcrkiye 2\u2019incisi oldum. 1 kilo fazlam oldu\u011fu i\u00e7in 25 kilo daha a\u011f\u0131r bir s\u0131klette g\u00fcre\u015fmek zorunda kald\u0131m. 2012 y\u0131l\u0131nda Ermenistan\u2019da d\u00fczenlenen Avrupa G\u00fcre\u015f \u015eampiyonas\u0131nda 2 ayr\u0131 dalda \u015fampiyon olarak bayra\u011f\u0131m\u0131z\u0131 dalgaland\u0131rd\u0131m. O zamanlar g\u00fcre\u015f e\u011fitim merkezinde s\u00fcrekli antrenman yap\u0131yordum. Alt\u0131n madalya kazand\u0131ktan sonra para \u00f6d\u00fcl\u00fcm\u00fc alamad\u0131m. \u00d6d\u00fcl\u00fcm\u00fc alamay\u0131nca alime bakmak i\u00e7in \u00e7al\u0131\u015fmak zorunda oldu\u011fumdan spora ara verdim. Mersin\u2019deki T\u00fcrkiye \u015fampiyonas\u0131na \u00e7al\u0131\u015ft\u0131\u011f\u0131m kurumdan amirlerimiz ve arkada\u015flar\u0131m\u0131n maddi destekleriyle gittim. \u0130yi haz\u0131rlan\u0131p Belarus\u2019ta d\u00fczenlenecek olan Avrupa \u015fampiyonas\u0131n\u0131 da kazanaca\u011f\u0131m\u0131 d\u00fc\u015f\u00fcn\u00fcyorum. \u015eu anda sadece f\u0131rsat buldu\u011fumda antrenman yapabiliyorum ama fazla zaman\u0131m olmuyor. 9 ya\u015f\u0131nda spora ba\u015flad\u0131m. T\u00fcrkiye ve Avrupa \u015fampiyonu oldum. Turnuvalara daha iyi haz\u0131rlanarak olimpiyat \u015fampiyonu olaca\u011f\u0131m\u0131 da d\u00fc\u015f\u00fcn\u00fcyorum. B\u00fcy\u00fcklerimizden destek bekliyorum\u201d dedi.<\/p>\n<p>T\u00fcrkiye ve Avrupa \u015fampiyonu sporcu, otoparkta \u00e7al\u0131\u015ft\u0131\u011f\u0131 ve okuldan arda kalan zamanlarda bireysel antrenmanlar yapmaya \u00e7al\u0131\u015farak turnuvalara haz\u0131rlanmaya \u00e7al\u0131\u015f\u0131yor.<\/p>\n","protected":false},"excerpt":{"rendered":"<p>SAMSUN\u2019DA YA\u015eAYAN T\u00dcRK\u0130YE VE AVRUPA \u015eAMP\u0130YONU \u0130\u015e\u0130TME ENGELL\u0130 G\u00dcRE\u015e\u00c7\u0130 SEZER \u00d6ZGEN\u00c7, 7 YIL ARA VERD\u0130KTEN SONRA G\u0130TT\u0130\u011e\u0130 \u0130\u015e\u0130TME ENGELL\u0130LER B\u00dcY\u00dcKLER T\u00dcRK\u0130YE G\u00dcRE\u015e \u015eAMP\u0130YONASI\u2019NDA T\u00dcRK\u0130YE 2\u2019\u0130NC\u0130S\u0130 OLDU. \u00d6ZGEN\u00c7, D\u00dcZENL\u0130 ANTRENMAN YAPAB\u0130LMES\u0130 HAL\u0130NDE OL\u0130MP\u0130YAT \u015eAMP\u0130YONU OLAB\u0130LECE\u011e\u0130N\u0130 S\u00d6YLED\u0130.<\/p>\n","protected":false},"author":1,"featured_media":153383,"comment_status":"closed","ping_status":"open","sticky":false,"template":"","format":"standard","meta":{"jetpack_post_was_ever_published":false,"_jetpack_newsletter_access":"","_jetpack_dont_email_post_to_subs":false,"_jetpack_newsletter_tier_id":0,"_jetpack_memberships_contains_paywalled_content":false,"_jetpack_memberships_contains_paid_content":false,"footnotes":"","jetpack_publicize_message":"","jetpack_publicize_feature_enabled":true,"jetpack_social_post_already_shared":true,"jetpack_social_options":{"image_generator_settings":{"template":"highway","default_image_id":0,"font":"","enabled":false},"version":2}},"categories":[657],"tags":[297,31663,34973],"class_list":["post-153382","post","type-post","status-publish","format-standard","has-post-thumbnail","hentry","category-spor","tag-hazirlaniyor","tag-olimpiyatlara","tag-otoparkta"],"jetpack_publicize_connections":[],"jetpack_featured_media_url":"https:\/\/i0.wp.com\/www.tvturk.com\/wp-content\/uploads\/2019\/05\/otoparkta-olimpiyatlara-hazirlaniyor_68bd1d3.jpg?fit=1000%2C743","jetpack_sharing_enabled":true,"jetpack_shortlink":"https:\/\/wp.me\/paKIfm-DTU","_links":{"self":[{"href":"http:\/\/www.tvturk.com\/index.php\/wp-json\/wp\/v2\/posts\/153382","targetHints":{"allow":["GET"]}}],"collection":[{"href":"http:\/\/www.tvturk.com\/index.php\/wp-json\/wp\/v2\/posts"}],"about":[{"href":"http:\/\/www.tvturk.com\/index.php\/wp-json\/wp\/v2\/types\/post"}],"author":[{"embeddable":true,"href":"http:\/\/www.tvturk.com\/index.php\/wp-json\/wp\/v2\/users\/1"}],"replies":[{"embeddable":true,"href":"http:\/\/www.tvturk.com\/index.php\/wp-json\/wp\/v2\/comments?post=153382"}],"version-history":[{"count":0,"href":"http:\/\/www.tvturk.com\/index.php\/wp-json\/wp\/v2\/posts\/153382\/revisions"}],"wp:featuredmedia":[{"embeddable":true,"href":"http:\/\/www.tvturk.com\/index.php\/wp-json\/wp\/v2\/media\/153383"}],"wp:attachment":[{"href":"http:\/\/www.tvturk.com\/index.php\/wp-json\/wp\/v2\/media?parent=153382"}],"wp:term":[{"taxonomy":"category","embeddable":true,"href":"http:\/\/www.tvturk.com\/index.php\/wp-json\/wp\/v2\/categories?post=153382"},{"taxonomy":"post_tag","embeddable":true,"href":"http:\/\/www.tvturk.com\/index.php\/wp-json\/wp\/v2\/tags?post=153382"}],"curies":[{"name":"wp","href":"https:\/\/api.w.org\/{rel}","templated":true}]}}