{"id":153514,"date":"2019-05-06T11:59:48","date_gmt":"2019-05-06T08:59:48","guid":{"rendered":"http:\/\/www.tvturk.com\/index.php\/ukraynada-evi-yanan-turklerin-avukatindan-aciklama\/"},"modified":"2019-05-06T11:59:48","modified_gmt":"2019-05-06T08:59:48","slug":"ukraynada-evi-yanan-turklerin-avukatindan-aciklama","status":"publish","type":"post","link":"http:\/\/www.tvturk.com\/index.php\/ukraynada-evi-yanan-turklerin-avukatindan-aciklama\/","title":{"rendered":"Ukrayna\u2019da evi yanan T\u00fcrklerin avukat\u0131ndan a\u00e7\u0131klama"},"content":{"rendered":"<p>Ukrayna\u2019da kald\u0131\u011f\u0131 evi yanan T\u00fcrk vatanda\u015flar\u0131n\u0131n avukat\u0131 olaya ili\u015fkim yeni detaylar\u0131 anlatt\u0131. Soru\u015fturman\u0131n gizlili\u011fi nedeniyle  ismini a\u00e7\u0131klamayan avukat, \u201cEv sahibinin ayn\u0131 muhitte d\u00f6rt tane daha evi var. Bunlardan baz\u0131lar\u0131nda yine T\u00fcrk vatanda\u015flar\u0131 ikamet etmekteydi. Bu ki\u015filer yang\u0131ndan hemen sonra evlerinden \u00e7\u0131kar\u0131larak ma\u011fdur edildiler\u201d dedi.<\/p>\n<p>Ukrayna\u2019n\u0131n sahil kentlerinden biri olan Odessa\u2019da \u00e7\u0131kan yang\u0131nda yaralanan T\u00fcrk vatanda\u015flar\u0131n\u0131n avukat\u0131 ortaya \u00e7\u0131kan yeni detaylar\u0131 anlatt\u0131. S\u00fcrd\u00fcr\u00fclen soru\u015fturman\u0131n gizlili\u011fi sebebiyle kendisinin ve m\u00fcvekkillerinin isminin a\u00e7\u0131klanmas\u0131n\u0131 istemeyen avukat yapt\u0131\u011f\u0131 a\u00e7\u0131klamada, \u201cYang\u0131nda yaralanan vatanda\u015flar\u0131m\u0131z, Ukrayna\u2019da e\u011fitim ama\u00e7l\u0131 ikamet etmektedirler. Sebebini bilmedikleri bir nedenle 3 May\u0131s Cuma g\u00fcn\u00fc kald\u0131klar\u0131 evde yang\u0131n \u00e7\u0131kt\u0131. Evle birlikte t\u00fcm \u015fahsi e\u015fyalar\u0131 da yand\u0131. Yaralanan arkada\u015f\u0131m\u0131z \u015fu an hastanede tedavi g\u00f6r\u00fcyor. Olay\u0131n ya\u015fand\u0131\u011f\u0131 g\u00fcn di\u011fer arkada\u015f\u0131m\u0131z yang\u0131ndan hemen sonraki saatlerde evini kiralad\u0131klar\u0131 ki\u015fi taraf\u0131ndan olay yerine \u00e7a\u011fr\u0131ld\u0131. Ev sahibi taraf\u0131ndan, m\u00fcvekkilimin T\u00fcrkiye\u2019deki adres bilgileri ba\u015fta olmak \u00fczere kendisine dair ba\u015fka bilgilere de ula\u015f\u0131lmaya \u00e7al\u0131\u015f\u0131ld\u0131. Kendisinin, arkada\u015flar\u0131m\u0131z\u0131n T\u00fcrkiye\u2019ye ka\u00e7ma ihtimalinden dolay\u0131 b\u00f6yle bir \u015feye ba\u015fvuruldu\u011funu d\u00fc\u015f\u00fcn\u00fcyoruz. Olay yerinde detayl\u0131 inceleme yap\u0131lmadan polis ve itfaiye ekiplerince yang\u0131n\u0131n sigara izmaritinden \u00f6t\u00fcr\u00fc \u00e7\u0131kt\u0131\u011f\u0131 s\u00f6ylendi. K\u0131sa s\u00fcre sonra da nas\u0131l temin edildi\u011fini bilmedi\u011fimiz ve objektif oldu\u011funu d\u00fc\u015f\u00fcnmedi\u011fimiz bir yang\u0131n ekspertizi, yang\u0131n\u0131n ayn\u0131 sebepten dolay\u0131 \u00e7\u0131kt\u0131\u011f\u0131n\u0131 s\u00f6yledi. Ev sahibinin ayn\u0131 muhitte d\u00f6rt tane daha evi var. Bunlardan baz\u0131lar\u0131nda yine T\u00fcrk vatanda\u015flar\u0131 ikamet etmekteydi. Bu ki\u015filer yang\u0131ndan hemen sonra evlerinden \u00e7\u0131kar\u0131larak ma\u011fdur edildiler. Art arda ya\u015fanan t\u00fcm bu hadiselerden sonra, arkada\u015flar\u0131m\u0131z\u0131n sistemli ve planl\u0131 bir sald\u0131r\u0131ya maruz kald\u0131klar\u0131n\u0131 d\u00fc\u015f\u00fcn\u00fcyoruz. Ma\u011fduriyete u\u011frat\u0131lm\u0131\u015f vatanda\u015flar\u0131m\u0131z ad\u0131na T\u00fcrk konsoloslu\u011funa diplomatik himaye i\u00e7in ba\u015fvurduk\u201d \u015feklinde konu\u015ftu.<\/p>\n<p>\u201cArkada\u015f\u0131m\u0131n ba\u011f\u0131r\u0131\u015flar\u0131n\u0131 duydum\u201d<\/p>\n<p>Yang\u0131nda ma\u011fdur olan \u015fah\u0131slardan H. A. olay\u0131 anlat\u0131rken, \u201cBen \u00fcst katta uyuyordum. Sin\u00fczit oldu\u011fum i\u00e7in nefes al\u0131rken zorlan\u0131p uyand\u0131m. Burnuma yan\u0131k kokusu geldi ve kafam\u0131 kald\u0131rd\u0131\u011f\u0131mda alt taraf\u0131n yand\u0131\u011f\u0131n\u0131 g\u00f6rd\u00fcm. Can havliyle kap\u0131ya do\u011fru kendimi zor att\u0131m. Yan kom\u015fular\u0131m\u0131n kap\u0131s\u0131n\u0131 \u00e7al\u0131p yard\u0131m istedim. Arkada\u015f\u0131m S. C.\u2019nin evden \u00e7\u0131kamad\u0131\u011f\u0131n\u0131 d\u00fc\u015f\u00fcn\u00fcyordum. Bunun \u00fczerine eve girmeye \u00e7al\u0131\u015ft\u0131k ama yang\u0131n ilerlemi\u015fti giremedik. Tam o s\u0131rada itfaiyeciler geldi. Onlara da s\u00f6yledik i\u00e7eride bir ki\u015finin daha oldu\u011funu. Yang\u0131n s\u00f6nd\u00fc\u011f\u00fcnde i\u00e7eriye girdik ama arkada\u015f\u0131m\u0131 g\u00f6remedim. \u00dcst kat\u0131n penceresi k\u0131r\u0131lm\u0131\u015ft\u0131 ve oradan atlayabilece\u011fini d\u00fc\u015f\u00fcn\u00fcp evin arkas\u0131n\u0131 dola\u015ft\u0131k. Onun ba\u011f\u0131r\u0131\u015flar\u0131n\u0131 duydum. Sonras\u0131nda sa\u011fl\u0131k ekipleri ona ilk m\u00fcdahaleyi yap\u0131p hastaneye g\u00f6t\u00fcrd\u00fc\u201d ifadelerini kulland\u0131.<\/p>\n<p>Ge\u00e7ti\u011fimiz aylarda Ukrayna\u2019n\u0131n ba\u015fkenti Kiev\u2019de, T\u00fcrk vatanda\u015flar\u0131n kald\u0131\u011f\u0131 bir dairede ve T\u00fcrk \u00f6\u011frencilerin a\u011f\u0131rl\u0131kl\u0131 oldu\u011fu Milli Havac\u0131l\u0131k \u00dcniversitesi\u2019nde de yang\u0131n \u00e7\u0131km\u0131\u015ft\u0131.<\/p>\n","protected":false},"excerpt":{"rendered":"<p>UKRAYNA\u2019DA KALDI\u011eI EV\u0130 YANAN T\u00dcRK VATANDA\u015eLARININ AVUKATI OLAYA \u0130L\u0130\u015eK\u0130M YEN\u0130 DETAYLARI ANLATTI.<\/p>\n","protected":false},"author":1,"featured_media":153515,"comment_status":"closed","ping_status":"open","sticky":false,"template":"","format":"standard","meta":{"jetpack_post_was_ever_published":false,"_jetpack_newsletter_access":"","_jetpack_dont_email_post_to_subs":false,"_jetpack_newsletter_tier_id":0,"_jetpack_memberships_contains_paywalled_content":false,"_jetpack_memberships_contains_paid_content":false,"footnotes":"","jetpack_publicize_message":"","jetpack_publicize_feature_enabled":true,"jetpack_social_post_already_shared":true,"jetpack_social_options":{"image_generator_settings":{"template":"highway","default_image_id":0,"font":"","enabled":false},"version":2}},"categories":[10],"tags":[3349,35032,2019,15338,14308,5266],"class_list":["post-153514","post","type-post","status-publish","format-standard","has-post-thumbnail","hentry","category-dunya","tag-aciklama","tag-avukatindan","tag-evi","tag-turklerin","tag-ukraynada","tag-yanan"],"jetpack_publicize_connections":[],"jetpack_featured_media_url":"https:\/\/i0.wp.com\/www.tvturk.com\/wp-content\/uploads\/2019\/05\/ukraynada-evi-yanan-turklerin-avukatindan-aciklama_267dad0.jpg?fit=750%2C1000","jetpack_sharing_enabled":true,"jetpack_shortlink":"https:\/\/wp.me\/paKIfm-DW2","_links":{"self":[{"href":"http:\/\/www.tvturk.com\/index.php\/wp-json\/wp\/v2\/posts\/153514","targetHints":{"allow":["GET"]}}],"collection":[{"href":"http:\/\/www.tvturk.com\/index.php\/wp-json\/wp\/v2\/posts"}],"about":[{"href":"http:\/\/www.tvturk.com\/index.php\/wp-json\/wp\/v2\/types\/post"}],"author":[{"embeddable":true,"href":"http:\/\/www.tvturk.com\/index.php\/wp-json\/wp\/v2\/users\/1"}],"replies":[{"embeddable":true,"href":"http:\/\/www.tvturk.com\/index.php\/wp-json\/wp\/v2\/comments?post=153514"}],"version-history":[{"count":0,"href":"http:\/\/www.tvturk.com\/index.php\/wp-json\/wp\/v2\/posts\/153514\/revisions"}],"wp:featuredmedia":[{"embeddable":true,"href":"http:\/\/www.tvturk.com\/index.php\/wp-json\/wp\/v2\/media\/153515"}],"wp:attachment":[{"href":"http:\/\/www.tvturk.com\/index.php\/wp-json\/wp\/v2\/media?parent=153514"}],"wp:term":[{"taxonomy":"category","embeddable":true,"href":"http:\/\/www.tvturk.com\/index.php\/wp-json\/wp\/v2\/categories?post=153514"},{"taxonomy":"post_tag","embeddable":true,"href":"http:\/\/www.tvturk.com\/index.php\/wp-json\/wp\/v2\/tags?post=153514"}],"curies":[{"name":"wp","href":"https:\/\/api.w.org\/{rel}","templated":true}]}}