{"id":153580,"date":"2019-05-06T13:27:11","date_gmt":"2019-05-06T10:27:11","guid":{"rendered":"http:\/\/www.tvturk.com\/index.php\/asirlardir-yagmur-icin-dua-ediyorlar\/"},"modified":"2019-05-06T13:27:11","modified_gmt":"2019-05-06T10:27:11","slug":"asirlardir-yagmur-icin-dua-ediyorlar","status":"publish","type":"post","link":"http:\/\/www.tvturk.com\/index.php\/asirlardir-yagmur-icin-dua-ediyorlar\/","title":{"rendered":"As\u0131rlard\u0131r ya\u011fmur i\u00e7in dua ediyorlar"},"content":{"rendered":"<p>Tokat\u2019\u0131n Pazar il\u00e7esinde bulunan \u00dcz\u00fcm\u00f6ren beldesi sakinleri, her y\u0131l yaylalar\u0131na \u00e7\u0131karak afetten korunmak ve ya\u011fmur ya\u011fmas\u0131 i\u00e7in dua ediyor.<\/p>\n<p>Pazar il\u00e7esinde bulunan \u00dcz\u00fcm\u00f6ren Beldesi sakinleri as\u0131rlard\u0131r oldu\u011fu gibi bu y\u0131l da ya\u011fmur duas\u0131na \u00e7\u0131kt\u0131. \u015eehir d\u0131\u015f\u0131ndan gelen \u00dcz\u00fcm\u00f6renliler ve beldede ya\u015fayanlar sabah saatlerinde F\u0131rat Yaylas\u0131na \u00e7\u0131karak namaz k\u0131l\u0131p dua etti. Dua t\u00f6reninde \u00dcz\u00fcm\u00f6renlilere seslenen Belediye Ba\u015fkan\u0131 \u0130smail Karaka\u015f, yap\u0131lan bu toplu organizasyonun h\u00fcrmetine k\u00fcsk\u00fcnlerin bar\u0131\u015fmas\u0131n\u0131, dostluklar\u0131n yeniden kurulmas\u0131n\u0131 istedi. Karaka\u015f, &#8220;Bu dualar, toplant\u0131 alanlar\u0131 dostluk ve karde\u015fli\u011fin peki\u015fti\u011fi yerler. Birbirinize ufak tefek k\u0131rg\u0131nl\u0131klar\u0131n\u0131z olabilir. Ama bunlar\u0131 geride b\u0131rak\u0131p edilen bu dualar\u0131n h\u00fcrmetine karde\u015fli\u011fimizi peki\u015ftirelim, kucakla\u015fal\u0131m, bir olal\u0131m&#8221; diye konu\u015ftu.<\/p>\n<p>Dua \u00f6ncesi namaz k\u0131ld\u0131ran Diyanet \u0130mam\u0131 \u0130brahim Aykun, gelene\u011fin \u00e7ok \u00f6nemli ve ecdattan kalan bir miras oldu\u011funa dikkat \u00e7ekerek, &#8220;Tarihi eskilere dayal\u0131 olan, kesinlikle bilinmeyen ve geleneksel olarak d\u00fczenledi\u011fimiz Afetten korunma duas\u0131 ve ya\u011fmur duas\u0131nday\u0131z. Her y\u0131l May\u0131s ay\u0131n\u0131n ilk haftas\u0131nda yap\u0131yoruz. Ecdad\u0131m\u0131zdan bize kalan g\u00fczel bir gelene\u011fimiz ve biz de bunu elimizden geldi\u011fi kadar ya\u015fatmaya \u00e7aba g\u00f6steriyoruz&#8221; ifadelerini kulland\u0131.<\/p>\n<p>D\u00fczenlenen duaya Yozgat\u2019tan geldi\u011fini s\u00f6yleyen Emre Akar ise edilen bu toplu dualar\u0131n kendileri i\u00e7in \u00e7ok \u00f6nemli oldu\u011funu s\u00f6yledi. Akar, &#8220;\u00c7ocuklu\u011fumdan beri her y\u0131l kat\u0131l\u0131r\u0131m. Bu sene de ka\u00e7\u0131ramazd\u0131m. \u00c7\u00fcnk\u00fc \u015fehir d\u0131\u015f\u0131ndan gelenlerimiz de \u00e7ok. \u00c7o\u011funu senede bir g\u00f6rebiliyoruz akrabalar\u0131m\u0131z\u0131n. Ben de zaten Yozgat\u2019tan g\u00fcn\u00fcbirlik geldim. Dua sonras\u0131nda geri d\u00f6nece\u011fim&#8221; \u015feklinde konu\u015ftu.<\/p>\n","protected":false},"excerpt":{"rendered":"<p>TOKAT&#8217;IN PAZAR \u0130L\u00c7ES\u0130NDE BULUNAN \u00dcZ\u00dcM\u00d6REN BELDES\u0130 SAK\u0130NLER\u0130, HER YIL YAYLALARINA \u00c7IKARAK AFETTEN KORUNMAK VE YA\u011eMUR ALMAK \u0130\u00c7\u0130N DUA ED\u0130YOR.<\/p>\n","protected":false},"author":1,"featured_media":153581,"comment_status":"closed","ping_status":"open","sticky":false,"template":"","format":"standard","meta":{"jetpack_post_was_ever_published":false,"_jetpack_newsletter_access":"","_jetpack_dont_email_post_to_subs":false,"_jetpack_newsletter_tier_id":0,"_jetpack_memberships_contains_paywalled_content":false,"_jetpack_memberships_contains_paid_content":false,"footnotes":"","jetpack_publicize_message":"","jetpack_publicize_feature_enabled":true,"jetpack_social_post_already_shared":true,"jetpack_social_options":{"image_generator_settings":{"template":"highway","default_image_id":0,"font":"","enabled":false},"version":2}},"categories":[1],"tags":[35053,7402,12696,44,1366],"class_list":["post-153580","post","type-post","status-publish","format-standard","has-post-thumbnail","hentry","category-genel","tag-asirlardir","tag-dua","tag-ediyorlar","tag-icin","tag-yagmur"],"jetpack_publicize_connections":[],"jetpack_featured_media_url":"https:\/\/i0.wp.com\/www.tvturk.com\/wp-content\/uploads\/2019\/05\/asirlardir-yagmur-icin-dua-ediyorlar_41195b2.jpg?fit=1000%2C750","jetpack_sharing_enabled":true,"jetpack_shortlink":"https:\/\/wp.me\/paKIfm-DX6","_links":{"self":[{"href":"http:\/\/www.tvturk.com\/index.php\/wp-json\/wp\/v2\/posts\/153580","targetHints":{"allow":["GET"]}}],"collection":[{"href":"http:\/\/www.tvturk.com\/index.php\/wp-json\/wp\/v2\/posts"}],"about":[{"href":"http:\/\/www.tvturk.com\/index.php\/wp-json\/wp\/v2\/types\/post"}],"author":[{"embeddable":true,"href":"http:\/\/www.tvturk.com\/index.php\/wp-json\/wp\/v2\/users\/1"}],"replies":[{"embeddable":true,"href":"http:\/\/www.tvturk.com\/index.php\/wp-json\/wp\/v2\/comments?post=153580"}],"version-history":[{"count":0,"href":"http:\/\/www.tvturk.com\/index.php\/wp-json\/wp\/v2\/posts\/153580\/revisions"}],"wp:featuredmedia":[{"embeddable":true,"href":"http:\/\/www.tvturk.com\/index.php\/wp-json\/wp\/v2\/media\/153581"}],"wp:attachment":[{"href":"http:\/\/www.tvturk.com\/index.php\/wp-json\/wp\/v2\/media?parent=153580"}],"wp:term":[{"taxonomy":"category","embeddable":true,"href":"http:\/\/www.tvturk.com\/index.php\/wp-json\/wp\/v2\/categories?post=153580"},{"taxonomy":"post_tag","embeddable":true,"href":"http:\/\/www.tvturk.com\/index.php\/wp-json\/wp\/v2\/tags?post=153580"}],"curies":[{"name":"wp","href":"https:\/\/api.w.org\/{rel}","templated":true}]}}