{"id":153716,"date":"2019-05-06T20:50:13","date_gmt":"2019-05-06T17:50:13","guid":{"rendered":"http:\/\/www.tvturk.com\/index.php\/iftar-topunu-atmaya-8-aylik-kiziyla-geldi\/"},"modified":"2019-05-06T20:50:13","modified_gmt":"2019-05-06T17:50:13","slug":"iftar-topunu-atmaya-8-aylik-kiziyla-geldi","status":"publish","type":"post","link":"http:\/\/www.tvturk.com\/index.php\/iftar-topunu-atmaya-8-aylik-kiziyla-geldi\/","title":{"rendered":"\u0130ftar topunu atmaya 8 ayl\u0131k k\u0131z\u0131yla geldi"},"content":{"rendered":"<p>T\u00fcrkiye\u2019nin ilk iftar topu Kars\u2019ta at\u0131ld\u0131. 15 y\u0131ld\u0131r kentte iftar topunu ate\u015fleyen Tacettin Durmu\u015f, iftar topunu atmaya 8 ayl\u0131k k\u0131z\u0131 ile birlikte geldi.<\/p>\n<p>Kars\u2019ta 15 y\u0131ld\u0131r devam eden iftar topu atma gelene\u011fi bu y\u0131l da devam etti. Ramazan ay\u0131n\u0131n ilk iftar\u0131nda ak\u015fam ezan\u0131n\u0131n okunmas\u0131yla Ebu\u2019l Hasan Harakani Hazretleri\u2019nin t\u00fcrbesinin bulundu\u011fu manevi ortamda tarihi Kars Kalesi eteklerindeki Evliya Camii\u2019nin bah\u00e7esinden top at\u0131ld\u0131. 15 y\u0131ld\u0131r kentte iftar topunu ate\u015fleyen Tacettin Durmu\u015f, bu y\u0131l ise iftar topunu atmaya 8 ayl\u0131k k\u0131z\u0131 Ani Durmu\u015f ve e\u015fi Dilek Durmu\u015f ile birlikte geldi. Topun patlamas\u0131yla vatanda\u015flar oru\u00e7lar\u0131n\u0131 a\u00e7t\u0131.<\/p>\n<p>Tacettin Durmu\u015f, Kars Valili\u011fince geleneksel hale getirilen Ramazan topu atma gelene\u011finin Ramazan boyunca devam edece\u011fini s\u00f6yledi. Kars\u2019ta Ramazan topu atma gelene\u011fini kendisinin marifetiyle valilik\u00e7e s\u00fcrd\u00fcr\u00fcld\u00fc\u011f\u00fcn\u00fc belirten Durmu\u015f, Kars Valisi T\u00fcrker \u00d6ks\u00fcz ad\u0131na t\u00fcm \u0130slam aleminin m\u00fcbarek Ramazan\u2019\u0131n\u0131 kutlad\u0131. Durmu\u015f, \u201cE\u015fim ve 8 ayl\u0131k k\u0131z\u0131mla beraber bu y\u0131l da ayn\u0131 etkinli\u011fe devam ederek 15. y\u0131lda da Karsl\u0131lar\u0131n oru\u00e7lar\u0131n\u0131 a\u00e7mas\u0131 i\u00e7in topu att\u0131k. B\u00f6ylece T\u00fcrkiye\u2019de iftar topu yine ilk \u00f6nce Kars\u2019ta at\u0131lm\u0131\u015f oldu. \u00c7\u00fcnk\u00fc Kars ak\u015fam ezan\u0131n\u0131n ilk \u00f6nce okundu\u011fu iller aras\u0131nda. Allah Kars halk\u0131n\u0131n tuttuklar\u0131 oru\u00e7lar\u0131 kabul etsin. Topu her y\u0131l oldu\u011fu gibi bu y\u0131l da Kars Valili\u011fi ad\u0131na ate\u015fledim. Ben de t\u00fcm \u0130slam \u00e2leminin Ramazan\u2019\u0131n\u0131 kutluyorum\u201d dedi.<\/p>\n<p>Kars\u2019ta bin 500 ki\u015fiye iftar yeme\u011fi<\/p>\n<p>\u00d6te yandan Harakani K\u00fclliyesi \u00f6n\u00fcnde kurulan \u201cHarakani Sofras\u0131\u201d iftar \u00e7ad\u0131r\u0131nda yakla\u015f\u0131k bin 500 ki\u015fiye iftar yeme\u011fi verildi.  Kars Valili\u011fi ve \u0130l M\u00fcft\u00fcl\u00fc\u011f\u00fc taraf\u0131ndan verilen iftar yeme\u011finin Ramazan ay\u0131 boyunca devam edece\u011fi \u00f6\u011frenildi.<\/p>\n","protected":false},"excerpt":{"rendered":"<p>T\u00dcRK\u0130YE\u2019DE RAMAZAN\u2019IN \u0130LK \u0130FTAR TOPU KARS\u2019TA ATILDI.<\/p>\n","protected":false},"author":1,"featured_media":153717,"comment_status":"closed","ping_status":"open","sticky":false,"template":"","format":"standard","meta":{"jetpack_post_was_ever_published":false,"_jetpack_newsletter_access":"","_jetpack_dont_email_post_to_subs":false,"_jetpack_newsletter_tier_id":0,"_jetpack_memberships_contains_paywalled_content":false,"_jetpack_memberships_contains_paid_content":false,"footnotes":"","jetpack_publicize_message":"","jetpack_publicize_feature_enabled":true,"jetpack_social_post_already_shared":true,"jetpack_social_options":{"image_generator_settings":{"template":"highway","default_image_id":0,"font":"","enabled":false},"version":2}},"categories":[1],"tags":[8283,10043,127,30333,32899,29803],"class_list":["post-153716","post","type-post","status-publish","format-standard","has-post-thumbnail","hentry","category-genel","tag-atmaya","tag-aylik","tag-geldi","tag-iftar","tag-kiziyla","tag-topunu"],"jetpack_publicize_connections":[],"jetpack_featured_media_url":"https:\/\/i0.wp.com\/www.tvturk.com\/wp-content\/uploads\/2019\/05\/iftar-topunu-atmaya-8-aylik-kiziyla-geldi_4b34eb3.jpg?fit=1000%2C664","jetpack_sharing_enabled":true,"jetpack_shortlink":"https:\/\/wp.me\/paKIfm-DZi","_links":{"self":[{"href":"http:\/\/www.tvturk.com\/index.php\/wp-json\/wp\/v2\/posts\/153716","targetHints":{"allow":["GET"]}}],"collection":[{"href":"http:\/\/www.tvturk.com\/index.php\/wp-json\/wp\/v2\/posts"}],"about":[{"href":"http:\/\/www.tvturk.com\/index.php\/wp-json\/wp\/v2\/types\/post"}],"author":[{"embeddable":true,"href":"http:\/\/www.tvturk.com\/index.php\/wp-json\/wp\/v2\/users\/1"}],"replies":[{"embeddable":true,"href":"http:\/\/www.tvturk.com\/index.php\/wp-json\/wp\/v2\/comments?post=153716"}],"version-history":[{"count":0,"href":"http:\/\/www.tvturk.com\/index.php\/wp-json\/wp\/v2\/posts\/153716\/revisions"}],"wp:featuredmedia":[{"embeddable":true,"href":"http:\/\/www.tvturk.com\/index.php\/wp-json\/wp\/v2\/media\/153717"}],"wp:attachment":[{"href":"http:\/\/www.tvturk.com\/index.php\/wp-json\/wp\/v2\/media?parent=153716"}],"wp:term":[{"taxonomy":"category","embeddable":true,"href":"http:\/\/www.tvturk.com\/index.php\/wp-json\/wp\/v2\/categories?post=153716"},{"taxonomy":"post_tag","embeddable":true,"href":"http:\/\/www.tvturk.com\/index.php\/wp-json\/wp\/v2\/tags?post=153716"}],"curies":[{"name":"wp","href":"https:\/\/api.w.org\/{rel}","templated":true}]}}