{"id":153718,"date":"2019-05-06T21:15:11","date_gmt":"2019-05-06T18:15:11","guid":{"rendered":"http:\/\/www.tvturk.com\/index.php\/kirikkalede-devlet-ovunc-madalyalari-takdim-toreni-yapildi\/"},"modified":"2019-05-06T21:15:11","modified_gmt":"2019-05-06T18:15:11","slug":"kirikkalede-devlet-ovunc-madalyalari-takdim-toreni-yapildi","status":"publish","type":"post","link":"http:\/\/www.tvturk.com\/index.php\/kirikkalede-devlet-ovunc-madalyalari-takdim-toreni-yapildi\/","title":{"rendered":"K\u0131r\u0131kkale\u2019de \u2019Devlet \u00d6v\u00fcn\u00e7 Madalyalar\u0131\u2019 takdim t\u00f6reni yap\u0131ld\u0131"},"content":{"rendered":"<p>K\u0131r\u0131kkale\u2019de, Cumhurba\u015fkan\u0131 Recep Tayyip Erdo\u011fan taraf\u0131ndan tevcih edilen \u2019Devlet \u00d6v\u00fcn\u00e7 Madalyalar\u0131\u2019, K\u0131r\u0131kkale Valisi Yunus Sezer taraf\u0131ndan 3 \u015fehit ailesi ve 1 gaziye d\u00fczenlenen t\u00f6renle takdim edildi.<\/p>\n<p>K\u0131r\u0131kkale Valili\u011fi Konferans Salonunda d\u00fczenlenen \u2019Devlet \u00d6v\u00fcn\u00e7 Madalyalar\u0131\u2019 takdim t\u00f6reni, sayg\u0131 duru\u015fu ve \u0130stiklal Mar\u015f\u0131\u2019n\u0131n okunmas\u0131yla ba\u015flad\u0131. Burada \u015fehitler i\u00e7in Kur\u2019an-\u0131 Kerim tilaveti okunarak dualar edildi. Daha sonra \u015fehitlerin \u00f6z ge\u00e7mi\u015fleri okunurken \u015fehit aileleri de duygulu anlar ya\u015fad\u0131 ve g\u00f6zya\u015flar\u0131na bo\u011fuldu. Vali Sezer, t\u00f6rende yapt\u0131\u011f\u0131 konu\u015fmada, &#8220;\u015eehitlerimizin yak\u0131nlar\u0131 k\u0131ymetli gazilerimiz ve \u00e7al\u0131\u015fma arkada\u015flar\u0131m. Bug\u00fcn millet\u00e7e devlet\u00e7e gurur duydu\u011fumuz \u015fehadetleriyle milletimizi ve devletimizi onurland\u0131ran ve gazi olarak bug\u00fcn aram\u0131zda bulunan \u015fehitlerimizin an\u0131s\u0131na Cumhurba\u015fkan\u0131m\u0131z taraf\u0131ndan tevcih edilen \u00f6v\u00fcn\u00e7 madalya t\u00f6reninde bir araday\u0131z bug\u00fcn ayn\u0131 zamanda \u015fehitlerimizin ruhaniyetine uygun bir \u015fekilde m\u00fcbarek Ramazan ay\u0131n\u0131n ilk g\u00fcn\u00fc ve Ramazan\u2019\u0131n manevi atmosferini de i\u00e7imize \u00e7ekerek hepinizi sayg\u0131yla sevgiyle selaml\u0131yorum.&#8221; dedi.<\/p>\n<p>T\u00f6rende g\u00f6zya\u015flar\u0131na bo\u011fulan \u015eehit Pilot \u00dcste\u011fmen Erdem Mut\u2019un annesi Ay\u015fe Mut, &#8220;Hem g\u00fczel hem de ac\u0131 ikisini bir arada hissediyorum. Hem g\u00fczel hem h\u00fcz\u00fcnl\u00fc Her zaman o\u011flumla gurur duydum her zaman.&#8221; \u015feklinde konu\u015ftu.<\/p>\n<p>\u015eehit Piyade \u00c7avu\u015f \u00dcmit \u00c7elik\u2019in babas\u0131 Mevl\u00fct \u00c7elik ise, &#8220;3 \u00e7ocu\u011fum vard\u0131 2 k\u0131z\u0131m 1 o\u011flum. En k\u00fc\u00e7\u00fc\u011f\u00fc i\u015fte o\u011flumdu. \u0130kinci senesi bu sene. Askere gitti d\u00f6nemedi. \u015eehit oldu orada tek o\u011flumdu. \u0130kinci y\u0131l d\u00f6n\u00fcm\u00fc \u015fu an ay\u0131n 6\u2019s\u0131nda \u015fehit olmu\u015ftu. Cumhurba\u015fkan\u0131m\u0131zdan Allah raz\u0131 olsun, gereken her \u015feyi bizlere sa\u011fl\u0131yor. Sonsuz te\u015fekk\u00fcr ediyorum onlara da.&#8221; diye konu\u015ftu.<\/p>\n<p>Vali Sezer, \u2019Devlet \u00d6v\u00fcn\u00e7 Madalyas\u0131n\u0131\u2019 \u015eehit Jandarma Astsubay \u00dcst\u00e7avu\u015f \u015e\u00fckr\u00fc Ceylan\u2019\u0131n 6 ya\u015f\u0131ndaki o\u011flu Yavuz Ceylan\u2019a takdim etti. Daha sonra di\u011fer 2 \u015fehit ailesi ve 1 gaziye de \u2019Devlet \u00d6v\u00fcn\u00e7 Madalyalar\u0131n\u0131\u2019 takdim eden Vali Sezer, \u015fehit aileleri ve protokol \u00fcyeleriyle birlikte hat\u0131ra foto\u011fraf\u0131 \u00e7ekindi.<\/p>\n","protected":false},"excerpt":{"rendered":"<p>KIRIKKALE\u2019DE, CUMHURBA\u015eKANI RECEP TAYY\u0130P ERDO\u011eAN TARAFINDAN TEVC\u0130H ED\u0130LEN \u2019DEVLET \u00d6V\u00dcN\u00c7 MADALYALARI\u2019, KIRIKKALE VAL\u0130S\u0130 YUNUS SEZER TARAFINDAN 3 \u015eEH\u0130T A\u0130LES\u0130 VE 1 GAZ\u0130YE D\u00dcZENLENEN T\u00d6RENLE TAKD\u0130M ED\u0130LD\u0130.<\/p>\n","protected":false},"author":1,"featured_media":153719,"comment_status":"closed","ping_status":"open","sticky":false,"template":"","format":"standard","meta":{"jetpack_post_was_ever_published":false,"_jetpack_newsletter_access":"","_jetpack_dont_email_post_to_subs":false,"_jetpack_newsletter_tier_id":0,"_jetpack_memberships_contains_paywalled_content":false,"_jetpack_memberships_contains_paid_content":false,"footnotes":"","jetpack_publicize_message":"","jetpack_publicize_feature_enabled":true,"jetpack_social_post_already_shared":true,"jetpack_social_options":{"image_generator_settings":{"template":"highway","default_image_id":0,"font":"","enabled":false},"version":2}},"categories":[1],"tags":[1564,2386,31153,33892,2794,187,117],"class_list":["post-153718","post","type-post","status-publish","format-standard","has-post-thumbnail","hentry","category-genel","tag-devlet","tag-kirikkalede","tag-madalyalari","tag-ovunc","tag-takdim","tag-toreni","tag-yapildi"],"jetpack_publicize_connections":[],"jetpack_featured_media_url":"https:\/\/i0.wp.com\/www.tvturk.com\/wp-content\/uploads\/2019\/05\/kirikkalede-devlet-ovunc-madalyalari-takdim-toreni-yapildi_bdf9a4b.jpg?fit=1000%2C562","jetpack_sharing_enabled":true,"jetpack_shortlink":"https:\/\/wp.me\/paKIfm-DZk","_links":{"self":[{"href":"http:\/\/www.tvturk.com\/index.php\/wp-json\/wp\/v2\/posts\/153718","targetHints":{"allow":["GET"]}}],"collection":[{"href":"http:\/\/www.tvturk.com\/index.php\/wp-json\/wp\/v2\/posts"}],"about":[{"href":"http:\/\/www.tvturk.com\/index.php\/wp-json\/wp\/v2\/types\/post"}],"author":[{"embeddable":true,"href":"http:\/\/www.tvturk.com\/index.php\/wp-json\/wp\/v2\/users\/1"}],"replies":[{"embeddable":true,"href":"http:\/\/www.tvturk.com\/index.php\/wp-json\/wp\/v2\/comments?post=153718"}],"version-history":[{"count":0,"href":"http:\/\/www.tvturk.com\/index.php\/wp-json\/wp\/v2\/posts\/153718\/revisions"}],"wp:featuredmedia":[{"embeddable":true,"href":"http:\/\/www.tvturk.com\/index.php\/wp-json\/wp\/v2\/media\/153719"}],"wp:attachment":[{"href":"http:\/\/www.tvturk.com\/index.php\/wp-json\/wp\/v2\/media?parent=153718"}],"wp:term":[{"taxonomy":"category","embeddable":true,"href":"http:\/\/www.tvturk.com\/index.php\/wp-json\/wp\/v2\/categories?post=153718"},{"taxonomy":"post_tag","embeddable":true,"href":"http:\/\/www.tvturk.com\/index.php\/wp-json\/wp\/v2\/tags?post=153718"}],"curies":[{"name":"wp","href":"https:\/\/api.w.org\/{rel}","templated":true}]}}