{"id":153904,"date":"2019-05-07T12:20:46","date_gmt":"2019-05-07T09:20:46","guid":{"rendered":"http:\/\/www.tvturk.com\/index.php\/doc-dr-aydindan-yokun-kararina-destek\/"},"modified":"2019-05-07T12:20:46","modified_gmt":"2019-05-07T09:20:46","slug":"doc-dr-aydindan-yokun-kararina-destek","status":"publish","type":"post","link":"http:\/\/www.tvturk.com\/index.php\/doc-dr-aydindan-yokun-kararina-destek\/","title":{"rendered":"Do\u00e7. Dr. Ayd\u0131n\u2019dan Y\u00d6K\u2019\u00fcn karar\u0131na destek"},"content":{"rendered":"<p>Y\u00fcksek\u00f6\u011fretim Kurulu (Y\u00d6K) taraf\u0131ndan, T\u00fcrkiye\u2019deki y\u00fcksek\u00f6\u011fretim kurumlar\u0131n\u0131n yurt d\u0131\u015f\u0131ndan \u00f6\u011frenci kabul kontenjanlar\u0131 ile ilgili yeni bir karar al\u0131nd\u0131. Karara ili\u015fkin de\u011ferlendirmelerde bulunan \u0130stanbul Ayd\u0131n \u00dcniversitesi M\u00fctevelli Heyet Ba\u015fkan\u0131 Do\u00e7. Dr. Mustafa Ayd\u0131n, \u201cT\u00fcrkiye art\u0131k uluslararas\u0131 \u00f6\u011frenci bar\u0131nd\u0131ran ve istihdam eden \u00fclkeler aras\u0131nda yerini alacakt\u0131r\u201d dedi.<\/p>\n<p>Y\u00fcksek\u00f6\u011fretim Kurumlar\u0131 S\u0131nav\u0131 (YKS) k\u0131lavuzunda yer alan \u201cprogramlar\u0131n kontenjanlar\u0131n\u0131n en fazla y\u00fczde 50\u2019sine kadar yurt d\u0131\u015f\u0131ndan \u00f6\u011frenci kabul etme\u201d s\u0131n\u0131rlamas\u0131, Y\u00d6K taraf\u0131ndan al\u0131nan kararla ortadan kald\u0131r\u0131ld\u0131. Devlet ve vak\u0131f \u00fcniversiteleri i\u00e7in ge\u00e7erli olacak bu yeni d\u00fczenleme ile e\u011fitim sekt\u00f6r\u00fcn\u00fcn \u00fclke ekonomine daha \u00e7ok katk\u0131 sa\u011flayaca\u011f\u0131n\u0131 belirten \u0130stanbul Ayd\u0131n \u00dcniversitesi M\u00fctevelli Heyet Ba\u015fkan\u0131 Do\u00e7. Dr. Mustafa Ayd\u0131n, karar\u0131 olumlu bulduklar\u0131n\u0131 dile getirdi.<\/p>\n<p>\u201cUluslararas\u0131 \u00f6\u011frencilerden ortalama 4 milyar dolar girdi sa\u011flan\u0131yor\u201d<\/p>\n<p>Uluslararas\u0131 \u00f6\u011frencilerin bulundu\u011fu \u00fclkelerin ekonomisine \u00e7ok ciddi katk\u0131 sa\u011flad\u0131\u011f\u0131n\u0131 ifade eden Do\u00e7. Dr. Ayd\u0131n, \u201cBiz bu katk\u0131y\u0131 \u2018E\u011fitim Ekonomisi\u2019 diye adland\u0131r\u0131yoruz. D\u00fcnyada yakla\u015f\u0131k 5,5 milyon uluslararas\u0131 \u00f6\u011frenci var. ABD, \u0130ngiltere, Fransa, Kanada ve Japonya gibi \u00fclkeler bu alanda ba\u015frol oyuncusudur. T\u00fcrkiye\u2019de art\u0131k 150 bine yakla\u015fan uluslararas\u0131 \u00f6\u011frencileriyle bu b\u00fcy\u00fck oyuncular\u0131n aras\u0131na girmek \u00fczere. T\u00fcrkiye \u015fu an uluslararas\u0131 \u00f6\u011frencilerden ortalama 4 milyar dolar girdi sa\u011fl\u0131yor. Bu tabii perakende, emlak, turizm, sa\u011fl\u0131k ve e\u011fitim sekt\u00f6r\u00fcne ciddi bir katk\u0131 sa\u011fl\u0131yor\u201d diye konu\u015ftu.<\/p>\n<p>T\u00fcrkiye\u2019nin 2023 hedefleri aras\u0131nda \u015fu anda 150 bine yakla\u015fan uluslararas\u0131 \u00f6\u011frenci say\u0131s\u0131n\u0131 350 bine \u00e7\u0131karman\u0131n oldu\u011funu da kaydeden Ayd\u0131n, a\u00e7\u0131klamas\u0131n\u0131 \u015fu s\u00f6zlerle s\u00fcrd\u00fcrd\u00fc:<\/p>\n<p>\u201cBu hedefi yakalamada kontenjanlar \u00e7ok \u00f6nemli bir parametredir. Uzun s\u00fcredir bunun \u00fczerine \u00e7al\u0131\u015f\u0131yorduk. Gerek Cumhurba\u015fkan\u0131m\u0131z\u0131n hedefleri gerek Y\u00d6K ile yapm\u0131\u015f oldu\u011fumuz g\u00f6r\u00fc\u015fmeler ve T\u0130M\u2019de yap\u0131lan \u00e7al\u0131\u015fmalarla 2023\u2019te T\u00fcrkiye\u2019nin ihracat hedefine e\u011fitim sekt\u00f6r\u00fcn\u00fcn de katk\u0131 sa\u011flamas\u0131n\u0131 ama\u00e7lad\u0131k. Bu \u00e7al\u0131\u015fmalar soncunda Y\u00d6K\u2019\u00fcn alm\u0131\u015f oldu\u011fu karar\u0131 bir vak\u0131f \u00fcniversitesi olarak \u00e7ok olumlu kar\u015f\u0131l\u0131yoruz. \u0130nan\u0131yorum ki s\u0131n\u0131rlar\u0131 kald\u0131r\u0131lan kontenjanlar \u00fcniversitelerin de \u00e7al\u0131\u015fmalar\u0131yla doldurulacakt\u0131r. T\u00fcrkiye de uluslararas\u0131 \u00f6\u011frenci bar\u0131nd\u0131ran ve istihdam eden \u00fclkeler aras\u0131nda ilk 10\u2019a girerek, bu alanda ba\u015frol oyuncusu olan \u00fclkeler aras\u0131nda yerini alacakt\u0131r. Bu karar\u0131n al\u0131nmas\u0131nda ba\u015fta Y\u00d6K Ba\u015fkan\u0131 Prof. Dr. Yekta Sara\u00e7\u2019a ve katk\u0131 veren b\u00fct\u00fcn kurulu\u015flara \u00e7ok te\u015fekk\u00fcr ederim.\u201d<\/p>\n","protected":false},"excerpt":{"rendered":"<p>STANBUL AYDIN \u00dcN\u0130VERS\u0130TES\u0130 M\u00dcTEVELL\u0130 HEYET BA\u015eKANI DO\u00c7. DR. MUSTAFA AYDIN,<\/p>\n","protected":false},"author":1,"featured_media":153905,"comment_status":"closed","ping_status":"open","sticky":false,"template":"","format":"standard","meta":{"jetpack_post_was_ever_published":false,"_jetpack_newsletter_access":"","_jetpack_dont_email_post_to_subs":false,"_jetpack_newsletter_tier_id":0,"_jetpack_memberships_contains_paywalled_content":false,"_jetpack_memberships_contains_paid_content":false,"footnotes":"","jetpack_publicize_message":"","jetpack_publicize_feature_enabled":true,"jetpack_social_post_already_shared":true,"jetpack_social_options":{"image_generator_settings":{"template":"highway","default_image_id":0,"font":"","enabled":false},"version":2}},"categories":[1],"tags":[7743,61,278,279,12513,35173],"class_list":["post-153904","post","type-post","status-publish","format-standard","has-post-thumbnail","hentry","category-genel","tag-aydindan","tag-destek","tag-doc","tag-dr","tag-kararina","tag-yokun"],"jetpack_publicize_connections":[],"jetpack_featured_media_url":"https:\/\/i0.wp.com\/www.tvturk.com\/wp-content\/uploads\/2019\/05\/doc-dr-aydindan-yokun-kararina-destek_1f5191c.jpg?fit=1000%2C666","jetpack_sharing_enabled":true,"jetpack_shortlink":"https:\/\/wp.me\/paKIfm-E2k","_links":{"self":[{"href":"http:\/\/www.tvturk.com\/index.php\/wp-json\/wp\/v2\/posts\/153904","targetHints":{"allow":["GET"]}}],"collection":[{"href":"http:\/\/www.tvturk.com\/index.php\/wp-json\/wp\/v2\/posts"}],"about":[{"href":"http:\/\/www.tvturk.com\/index.php\/wp-json\/wp\/v2\/types\/post"}],"author":[{"embeddable":true,"href":"http:\/\/www.tvturk.com\/index.php\/wp-json\/wp\/v2\/users\/1"}],"replies":[{"embeddable":true,"href":"http:\/\/www.tvturk.com\/index.php\/wp-json\/wp\/v2\/comments?post=153904"}],"version-history":[{"count":0,"href":"http:\/\/www.tvturk.com\/index.php\/wp-json\/wp\/v2\/posts\/153904\/revisions"}],"wp:featuredmedia":[{"embeddable":true,"href":"http:\/\/www.tvturk.com\/index.php\/wp-json\/wp\/v2\/media\/153905"}],"wp:attachment":[{"href":"http:\/\/www.tvturk.com\/index.php\/wp-json\/wp\/v2\/media?parent=153904"}],"wp:term":[{"taxonomy":"category","embeddable":true,"href":"http:\/\/www.tvturk.com\/index.php\/wp-json\/wp\/v2\/categories?post=153904"},{"taxonomy":"post_tag","embeddable":true,"href":"http:\/\/www.tvturk.com\/index.php\/wp-json\/wp\/v2\/tags?post=153904"}],"curies":[{"name":"wp","href":"https:\/\/api.w.org\/{rel}","templated":true}]}}