{"id":154154,"date":"2019-05-08T10:11:12","date_gmt":"2019-05-08T07:11:12","guid":{"rendered":"http:\/\/www.tvturk.com\/index.php\/ozel-kovanini-terk-eden-bal-arilari-mahalleyi-istila-etti\/"},"modified":"2019-05-08T10:11:12","modified_gmt":"2019-05-08T07:11:12","slug":"ozel-kovanini-terk-eden-bal-arilari-mahalleyi-istila-etti","status":"publish","type":"post","link":"http:\/\/www.tvturk.com\/index.php\/ozel-kovanini-terk-eden-bal-arilari-mahalleyi-istila-etti\/","title":{"rendered":"(\u00d6zel) Kovan\u0131n\u0131 terk eden bal ar\u0131lar\u0131 mahalleyi istila etti"},"content":{"rendered":"<p>\u015eanl\u0131urfa\u2019da kovan\u0131n\u0131 terk eden bal ar\u0131lar\u0131, bir binan\u0131n bacas\u0131 ile bah\u00e7edeki a\u011faca o\u011ful yapt\u0131. Ar\u0131lar zaman zaman \u00e7evredeki esnaf ve vatanda\u015flara zor anlar ya\u015fatt\u0131.<\/p>\n<p>Ar\u0131lar\u0131n bal ve yavrulama sezonu olmas\u0131 nedeniyle \u015eanl\u0131urfa\u2019n\u0131n k\u0131rsal mahallerinde sahipleri taraf\u0131ndan yay\u0131l\u0131ma b\u0131rak\u0131l\u0131yor. Yay\u0131l\u0131m\u0131 b\u0131rak\u0131lan ar\u0131lar zaman zaman kovan\u0131n\u0131 terk ederek daha s\u0131cak b\u00f6lgelerde o\u011ful olu\u015fturuyor. 25 bin civar\u0131nda oldu\u011fu tahmin edilen bal ar\u0131s\u0131, Haliliye il\u00e7esine ba\u011fl\u0131 Osmangazi Mahallesi\u2019ndeki bir binan\u0131n \u00e7at\u0131s\u0131nda bulunan bacada ve bah\u00e7edeki a\u011fa\u00e7ta o\u011ful yapt\u0131. Ar\u0131lar, sabah saatlerinde i\u015f yerlerini a\u00e7an esnaf ve \u00e7evreden ge\u00e7en vatanda\u015flara zaman zaman ar\u0131lar zor anlar ya\u015fatt\u0131. Vatanda\u015flar\u0131n ar\u0131lardan ka\u00e7mas\u0131 ve sonras\u0131nda ya\u015fanan g\u00fcld\u00fcren  anlar kameraya yans\u0131d\u0131.<\/p>\n<p>Bal \u00fcreticisi esnaf\u0131 ar\u0131lardan kurtard\u0131<\/p>\n<p>Esnaf, bal ar\u0131lar\u0131n\u0131n m\u00fc\u015fterileri ve kendilerini soktu\u011funu belirterek, belediye yetkililerinden yard\u0131m istedi. \u0130ddiaya g\u00f6re, belediye yetkilileri konuyu ba\u015fka bir kuruma aktard\u0131. Kurumdan kuruma aktarmalar sonras\u0131 esnaf tan\u0131d\u0131\u011f\u0131 bal \u00fcreticisi Ahmet Demirkol\u2019dan yard\u0131m istedi. Demirkol, a\u011fa\u00e7 \u00fczerinde o\u011ful olu\u015fturan bal ar\u0131lar\u0131n\u0131 yan\u0131nda getirdi\u011fi kovanlara koyarak g\u00f6t\u00fcrd\u00fc.<\/p>\n<p>Esnaf Orhan Demirkol, sabah saatlerinde i\u015f yerini a\u00e7t\u0131ktan sonra ar\u0131lar\u0131n a\u011fa\u00e7ta o\u011ful yapt\u0131\u011f\u0131n\u0131 fark ederek yetkililerden yard\u0131m istedi\u011fini s\u00f6yledi. Demirkol, \u201cAr\u0131lar\u0131 fark etti\u011fimde buras\u0131 okul b\u00f6lgesi oldu\u011fu i\u00e7in \u00e7ocuklara zarar vermemesi i\u00e7in yetkililerden yard\u0131m istedim. Belediyeyi arad\u0131m, belediye tar\u0131m ve hayvanc\u0131l\u0131k il m\u00fcd\u00fcrl\u00fc\u011f\u00fcne aktard\u0131. Oras\u0131 da yard\u0131mc\u0131 olamayaca\u011f\u0131n\u0131 belirterek, itfaiye ekiplerini aramam\u0131 istedi. S\u00fcrekli b\u00f6yle birbirine aktarmalar olunca acaba polisten mi yard\u0131m isteyeyim dedim. En son tan\u0131d\u0131\u011f\u0131m\u0131z bir bal \u00fcreticisini arad\u0131m. Gelip bize yard\u0131mc\u0131 oldu. Ar\u0131lar\u0131 al\u0131p g\u00f6t\u00fcrd\u00fc\u201d dedi.<\/p>\n<p>\u015eanl\u0131urfal\u0131 bal \u00fcreticisi Ahmet Demirkol ise ar\u0131lar\u0131n s\u0131caktan etkilenerek yer de\u011fi\u015ftirdi\u011fini ifade etti. Demirkol, \u201cBu ar\u0131lar s\u0131caktan etkilenmi\u015f. Bu hayvanlar bulduklar\u0131 bu serin yerde de o\u011ful yapm\u0131\u015flar. Bizi tan\u0131yan dostlar bizi aray\u0131p durumdan bahsettiler. Biz de bu hayvanlar telef olmas\u0131n, \u00f6lmesin diye al\u0131p kendi ar\u0131lar\u0131m\u0131z\u0131n aras\u0131na b\u0131rakaca\u011f\u0131z, \u00e7o\u011faltaca\u011f\u0131z\u201d ifadelerini kuland\u0131.<\/p>\n","protected":false},"excerpt":{"rendered":"<p>\u015eANLIURFA\u2019DA KOVANINI TERK EDEN BAL ARILARI, B\u0130R B\u0130NANIN BACASI \u0130LE BAH\u00c7EDEK\u0130 A\u011eACA O\u011eUL YAPTI. ARILAR ZAMAN ZAMAN \u00c7EVREDEK\u0130 ESNAF VE VATANDA\u015eLARA ZOR ANLAR YA\u015eATTI.<\/p>\n","protected":false},"author":1,"featured_media":154155,"comment_status":"closed","ping_status":"open","sticky":false,"template":"","format":"standard","meta":{"jetpack_post_was_ever_published":false,"_jetpack_newsletter_access":"","_jetpack_dont_email_post_to_subs":false,"_jetpack_newsletter_tier_id":0,"_jetpack_memberships_contains_paywalled_content":false,"_jetpack_memberships_contains_paid_content":false,"footnotes":"","jetpack_publicize_message":"","jetpack_publicize_feature_enabled":true,"jetpack_social_post_already_shared":true,"jetpack_social_options":{"image_generator_settings":{"template":"highway","default_image_id":0,"font":"","enabled":false},"version":2}},"categories":[1],"tags":[1073,23064,2390,2393,207,9248,35258,13022,9869],"class_list":["post-154154","post","type-post","status-publish","format-standard","has-post-thumbnail","hentry","category-genel","tag-ozel","tag-arilari","tag-bal","tag-eden","tag-etti","tag-istila","tag-kovanini","tag-mahalleyi","tag-terk"],"jetpack_publicize_connections":[],"jetpack_featured_media_url":"https:\/\/i0.wp.com\/www.tvturk.com\/wp-content\/uploads\/2019\/05\/ozel-kovanini-terk-eden-bal-arilari-mahalleyi-istila-etti_3cc0393.jpg?fit=1000%2C666","jetpack_sharing_enabled":true,"jetpack_shortlink":"https:\/\/wp.me\/paKIfm-E6m","_links":{"self":[{"href":"http:\/\/www.tvturk.com\/index.php\/wp-json\/wp\/v2\/posts\/154154","targetHints":{"allow":["GET"]}}],"collection":[{"href":"http:\/\/www.tvturk.com\/index.php\/wp-json\/wp\/v2\/posts"}],"about":[{"href":"http:\/\/www.tvturk.com\/index.php\/wp-json\/wp\/v2\/types\/post"}],"author":[{"embeddable":true,"href":"http:\/\/www.tvturk.com\/index.php\/wp-json\/wp\/v2\/users\/1"}],"replies":[{"embeddable":true,"href":"http:\/\/www.tvturk.com\/index.php\/wp-json\/wp\/v2\/comments?post=154154"}],"version-history":[{"count":0,"href":"http:\/\/www.tvturk.com\/index.php\/wp-json\/wp\/v2\/posts\/154154\/revisions"}],"wp:featuredmedia":[{"embeddable":true,"href":"http:\/\/www.tvturk.com\/index.php\/wp-json\/wp\/v2\/media\/154155"}],"wp:attachment":[{"href":"http:\/\/www.tvturk.com\/index.php\/wp-json\/wp\/v2\/media?parent=154154"}],"wp:term":[{"taxonomy":"category","embeddable":true,"href":"http:\/\/www.tvturk.com\/index.php\/wp-json\/wp\/v2\/categories?post=154154"},{"taxonomy":"post_tag","embeddable":true,"href":"http:\/\/www.tvturk.com\/index.php\/wp-json\/wp\/v2\/tags?post=154154"}],"curies":[{"name":"wp","href":"https:\/\/api.w.org\/{rel}","templated":true}]}}