{"id":15420,"date":"2019-02-09T13:46:56","date_gmt":"2019-02-09T10:46:56","guid":{"rendered":"http:\/\/www.tvturk.com\/index.php\/dpu-ve-kutsonun-zafer-haftasi-toplantisi\/"},"modified":"2019-02-09T13:46:58","modified_gmt":"2019-02-09T10:46:58","slug":"dpu-ve-kutsonun-zafer-haftasi-toplantisi","status":"publish","type":"post","link":"http:\/\/www.tvturk.com\/index.php\/dpu-ve-kutsonun-zafer-haftasi-toplantisi\/","title":{"rendered":"DP\u00dc ve KUTSO\u2019nun \u2018Zafer Haftas\u0131\u2019 toplant\u0131s\u0131"},"content":{"rendered":"<p>K\u00fctahya Dumlup\u0131nar \u00dcniversitesi (DP\u00dc) ile K\u00fctahya Ticaret ve Sanayi Odas\u0131 (KUTSO), \u00e7al\u0131\u015fma grubu 2019-2022 y\u0131llar\u0131 aras\u0131nda K\u00fctahya\u2019da d\u00fczenlenecek Zafer Haftas\u0131 etkinliklerinde iki kurumun \u00fcstlenece\u011fi g\u00f6revlere ili\u015fkin toplant\u0131 d\u00fczenledi.<\/p>\n<p>Kurulu\u015fun ve Kurtulu\u015fun \u015eehri K\u00fctahya\u2019da bu y\u0131l 97. kez kutlanacak olan Zafer Haftas\u0131\u2019n\u0131n etkinliklerine ili\u015fkin K\u00fctahya Ticaret ve Sanayi Odas\u0131 Ba\u015fkanl\u0131\u011f\u0131 ile K\u00fctahya Dumlup\u0131nar \u00dcniversitesi Rekt\u00f6rl\u00fc\u011f\u00fc taraf\u0131ndan olu\u015fturulan \u00e7al\u0131\u015fma grubu ikinci toplant\u0131s\u0131n\u0131 rekt\u00f6rl\u00fck makam\u0131nda ger\u00e7ekle\u015ftirdi.<\/p>\n<p>Toplant\u0131ya, Rekt\u00f6r Prof. Dr. Remzi G\u00f6ren, K\u00fctahya Ticaret ve Sanayi Odas\u0131 (KUTSO) Y\u00f6netim Kurulu Ba\u015fkan\u0131 \u0130smet \u00d6zotra\u00e7, Y\u00f6netim Kurulu \u00dcyesi Mustafa Akta\u015f, Meslek Komite Ba\u015fkan\u0131 \u00d6mer Ayvaz, Genel Sekreteri Salih Nafi Al\u0131\u00e7 ve DP\u00dc Tarih B\u00f6l\u00fcm\u00fc \u00d6\u011fretim \u00dcyesi Do\u00e7. Dr. Arif Kolay kat\u0131ld\u0131.<\/p>\n<p>Toplant\u0131da; 30 A\u011fustos Dumlup\u0131nar Zaferi Haftas\u0131 kutlamalar\u0131 kapsam\u0131nda K\u00fctahya\u2019da yap\u0131lacak kutlamalarla ilgili B\u00fcy\u00fck Taarruzun ya\u015fand\u0131\u011f\u0131 topraklarda ge\u00e7en olaylar\u0131n, hem b\u00f6lge halk\u0131 hem de T\u00fcrk Milletinin \u00f6l\u00fcm kal\u0131m sava\u015f\u0131nda ya\u015fad\u0131\u011f\u0131 yokluk, \u00e7e\u015fitli s\u0131k\u0131nt\u0131lar ve kahramanl\u0131klar\u0131n, yap\u0131lacak bir dizi etkinliklerle, milli bilincin canl\u0131 tutularak devam ettirilmesini ama\u00e7layan \u00e7al\u0131\u015fma grubu, toplant\u0131da, bu y\u0131l d\u00fczenlenecek etkinliklerin planlamas\u0131n\u0131n yan\u0131nda, zaferin 100. Y\u0131l\u0131n\u0131n kutlanaca\u011f\u0131 2022 y\u0131l\u0131na kadar ger\u00e7ekle\u015ftirilmesi planlanan etkinlikler hakk\u0131nda da fikir al\u0131\u015fveri\u015finde bulunuldu\u011fu a\u00e7\u0131kland\u0131.<div class=\"tiled-gallery type-rectangular tiled-gallery-unresized\" data-original-width=\"500\" data-carousel-extra='null' itemscope itemtype=\"http:\/\/schema.org\/ImageGallery\" > <div class=\"gallery-row\" style=\"width: 500px; height: 139px;\" data-original-width=\"500\" data-original-height=\"139\" > <div class=\"gallery-group images-1\" style=\"width: 250px; height: 139px;\" data-original-width=\"250\" data-original-height=\"139\" > <div class=\"tiled-gallery-item tiled-gallery-item-small\" itemprop=\"associatedMedia\" itemscope itemtype=\"http:\/\/schema.org\/ImageObject\"> <a href=\"http:\/\/www.tvturk.com\/index.php\/dpu-ve-kutsonun-zafer-haftasi-toplantisi\/dpu-ve-kutsonun-zafer-haftasi-toplantisi-3\/\" border=\"0\" itemprop=\"url\"> <meta itemprop=\"width\" content=\"246\"> <meta itemprop=\"height\" content=\"135\"> <img decoding=\"async\" class=\"\" data-attachment-id=\"15422\" data-orig-file=\"http:\/\/www.tvturk.com\/wp-content\/uploads\/2019\/02\/dpu-ve-kutsonun-zafer-haftasi-toplantisi_92a01c9.jpg\" data-orig-size=\"1000,547\" data-comments-opened=\"\" data-image-meta=\"{&quot;aperture&quot;:&quot;0&quot;,&quot;credit&quot;:&quot;IHA&quot;,&quot;camera&quot;:&quot;&quot;,&quot;caption&quot;:&quot;DP\\u00dc VE KUTSO\\u2019NUN \\u2018ZAFER HAFTASI\\u2019 TOPLANTISI (H\\u00dcSEY\\u0130N EFE\\\/K\\u00dcTAHYA-\\u0130HA)&quot;,&quot;created_timestamp&quot;:&quot;0&quot;,&quot;copyright&quot;:&quot;\\u0130HLAS HABER AJANSI, www.iha.com.tr&quot;,&quot;focal_length&quot;:&quot;0&quot;,&quot;iso&quot;:&quot;0&quot;,&quot;shutter_speed&quot;:&quot;0&quot;,&quot;title&quot;:&quot;DP\\u00dc VE KUTSO\\u2019NUN \\u2018ZAFER HAFTASI\\u2019 TOPLANTISI&quot;,&quot;orientation&quot;:&quot;0&quot;}\" data-image-title=\"DP\u00dc ve KUTSO\u2019nun \u2018Zafer Haftas\u0131\u2019 toplant\u0131s\u0131\" data-image-description=\"&lt;p&gt;DP\u00dc ve KUTSO\u2019nun \u2018Zafer Haftas\u0131\u2019 toplant\u0131s\u0131&lt;\/p&gt; \" data-medium-file=\"https:\/\/i0.wp.com\/www.tvturk.com\/wp-content\/uploads\/2019\/02\/dpu-ve-kutsonun-zafer-haftasi-toplantisi_92a01c9.jpg?fit=300%2C164\" data-large-file=\"https:\/\/i0.wp.com\/www.tvturk.com\/wp-content\/uploads\/2019\/02\/dpu-ve-kutsonun-zafer-haftasi-toplantisi_92a01c9.jpg?fit=1000%2C547\" src=\"https:\/\/i0.wp.com\/www.tvturk.com\/wp-content\/uploads\/2019\/02\/dpu-ve-kutsonun-zafer-haftasi-toplantisi_92a01c9.jpg?w=246&#038;h=135\" srcset=\"https:\/\/i0.wp.com\/www.tvturk.com\/wp-content\/uploads\/2019\/02\/dpu-ve-kutsonun-zafer-haftasi-toplantisi_92a01c9.jpg?w=1000 1000w, https:\/\/i0.wp.com\/www.tvturk.com\/wp-content\/uploads\/2019\/02\/dpu-ve-kutsonun-zafer-haftasi-toplantisi_92a01c9.jpg?resize=150%2C82 150w, https:\/\/i0.wp.com\/www.tvturk.com\/wp-content\/uploads\/2019\/02\/dpu-ve-kutsonun-zafer-haftasi-toplantisi_92a01c9.jpg?resize=300%2C164 300w, https:\/\/i0.wp.com\/www.tvturk.com\/wp-content\/uploads\/2019\/02\/dpu-ve-kutsonun-zafer-haftasi-toplantisi_92a01c9.jpg?resize=768%2C420 768w\" width=\"246\" height=\"135\" loading=\"lazy\" data-original-width=\"246\" data-original-height=\"135\" itemprop=\"http:\/\/schema.org\/image\" title=\"DP\u00dc ve KUTSO\u2019nun \u2018Zafer Haftas\u0131\u2019 toplant\u0131s\u0131\" alt=\"DP\u00dc ve KUTSO\u2019nun \u2018Zafer Haftas\u0131\u2019 toplant\u0131s\u0131\" style=\"width: 246px; height: 135px;\" \/> <\/a> <\/div> <\/div> <!-- close group --> <div class=\"gallery-group images-1\" style=\"width: 250px; height: 139px;\" data-original-width=\"250\" data-original-height=\"139\" > <div class=\"tiled-gallery-item tiled-gallery-item-small\" itemprop=\"associatedMedia\" itemscope itemtype=\"http:\/\/schema.org\/ImageObject\"> <a href=\"http:\/\/www.tvturk.com\/index.php\/dpu-ve-kutsonun-zafer-haftasi-toplantisi\/dpu-ve-kutsonun-zafer-haftasi-toplantisi-4\/\" border=\"0\" itemprop=\"url\"> <meta itemprop=\"width\" content=\"246\"> <meta itemprop=\"height\" content=\"135\"> <img decoding=\"async\" class=\"\" data-attachment-id=\"15423\" data-orig-file=\"http:\/\/www.tvturk.com\/wp-content\/uploads\/2019\/02\/dpu-ve-kutsonun-zafer-haftasi-toplantisi_8b4053d.jpg\" data-orig-size=\"1000,547\" data-comments-opened=\"\" data-image-meta=\"{&quot;aperture&quot;:&quot;0&quot;,&quot;credit&quot;:&quot;IHA&quot;,&quot;camera&quot;:&quot;&quot;,&quot;caption&quot;:&quot;DP\\u00dc VE KUTSO\\u2019NUN \\u2018ZAFER HAFTASI\\u2019 TOPLANTISI (H\\u00dcSEY\\u0130N EFE\\\/K\\u00dcTAHYA-\\u0130HA)&quot;,&quot;created_timestamp&quot;:&quot;0&quot;,&quot;copyright&quot;:&quot;\\u0130HLAS HABER AJANSI, www.iha.com.tr&quot;,&quot;focal_length&quot;:&quot;0&quot;,&quot;iso&quot;:&quot;0&quot;,&quot;shutter_speed&quot;:&quot;0&quot;,&quot;title&quot;:&quot;DP\\u00dc VE KUTSO\\u2019NUN \\u2018ZAFER HAFTASI\\u2019 TOPLANTISI&quot;,&quot;orientation&quot;:&quot;0&quot;}\" data-image-title=\"DP\u00dc ve KUTSO\u2019nun \u2018Zafer Haftas\u0131\u2019 toplant\u0131s\u0131\" data-image-description=\"&lt;p&gt;DP\u00dc ve KUTSO\u2019nun \u2018Zafer Haftas\u0131\u2019 toplant\u0131s\u0131&lt;\/p&gt; \" data-medium-file=\"https:\/\/i0.wp.com\/www.tvturk.com\/wp-content\/uploads\/2019\/02\/dpu-ve-kutsonun-zafer-haftasi-toplantisi_8b4053d.jpg?fit=300%2C164\" data-large-file=\"https:\/\/i0.wp.com\/www.tvturk.com\/wp-content\/uploads\/2019\/02\/dpu-ve-kutsonun-zafer-haftasi-toplantisi_8b4053d.jpg?fit=1000%2C547\" src=\"https:\/\/i0.wp.com\/www.tvturk.com\/wp-content\/uploads\/2019\/02\/dpu-ve-kutsonun-zafer-haftasi-toplantisi_8b4053d.jpg?w=246&#038;h=135\" srcset=\"https:\/\/i0.wp.com\/www.tvturk.com\/wp-content\/uploads\/2019\/02\/dpu-ve-kutsonun-zafer-haftasi-toplantisi_8b4053d.jpg?w=1000 1000w, https:\/\/i0.wp.com\/www.tvturk.com\/wp-content\/uploads\/2019\/02\/dpu-ve-kutsonun-zafer-haftasi-toplantisi_8b4053d.jpg?resize=150%2C82 150w, https:\/\/i0.wp.com\/www.tvturk.com\/wp-content\/uploads\/2019\/02\/dpu-ve-kutsonun-zafer-haftasi-toplantisi_8b4053d.jpg?resize=300%2C164 300w, https:\/\/i0.wp.com\/www.tvturk.com\/wp-content\/uploads\/2019\/02\/dpu-ve-kutsonun-zafer-haftasi-toplantisi_8b4053d.jpg?resize=768%2C420 768w\" width=\"246\" height=\"135\" loading=\"lazy\" data-original-width=\"246\" data-original-height=\"135\" itemprop=\"http:\/\/schema.org\/image\" title=\"DP\u00dc ve KUTSO\u2019nun \u2018Zafer Haftas\u0131\u2019 toplant\u0131s\u0131\" alt=\"DP\u00dc ve KUTSO\u2019nun \u2018Zafer Haftas\u0131\u2019 toplant\u0131s\u0131\" style=\"width: 246px; height: 135px;\" \/> <\/a> <\/div> <\/div> <!-- close group --> <\/div> <!-- close row --> <\/div><\/p>\n","protected":false},"excerpt":{"rendered":"<p>DP\u00dc VE KUTSO\u2019NUN \u2018ZAFER HAFTASI\u2019 TOPLANTISI<\/p>\n","protected":false},"author":1,"featured_media":15421,"comment_status":"closed","ping_status":"open","sticky":false,"template":"","format":"standard","meta":{"jetpack_post_was_ever_published":false,"_jetpack_newsletter_access":"","_jetpack_dont_email_post_to_subs":false,"_jetpack_newsletter_tier_id":0,"_jetpack_memberships_contains_paywalled_content":false,"_jetpack_memberships_contains_paid_content":false,"footnotes":"","jetpack_publicize_message":"","jetpack_publicize_feature_enabled":true,"jetpack_social_post_already_shared":false,"jetpack_social_options":{"image_generator_settings":{"template":"highway","default_image_id":0,"font":"","enabled":false},"version":2}},"categories":[655],"tags":[7488,7490,7489,347,1868],"class_list":["post-15420","post","type-post","status-publish","format-standard","has-post-thumbnail","hentry","category-son-dakika","tag-dpu","tag-haftasi","tag-kutsonun","tag-toplantisi","tag-zafer"],"jetpack_publicize_connections":[],"jetpack_featured_media_url":"https:\/\/i0.wp.com\/www.tvturk.com\/wp-content\/uploads\/2019\/02\/dpu-ve-kutsonun-zafer-haftasi-toplantisi_ea18f00.jpg?fit=1000%2C547","jetpack_sharing_enabled":true,"jetpack_shortlink":"https:\/\/wp.me\/paKIfm-40I","_links":{"self":[{"href":"http:\/\/www.tvturk.com\/index.php\/wp-json\/wp\/v2\/posts\/15420","targetHints":{"allow":["GET"]}}],"collection":[{"href":"http:\/\/www.tvturk.com\/index.php\/wp-json\/wp\/v2\/posts"}],"about":[{"href":"http:\/\/www.tvturk.com\/index.php\/wp-json\/wp\/v2\/types\/post"}],"author":[{"embeddable":true,"href":"http:\/\/www.tvturk.com\/index.php\/wp-json\/wp\/v2\/users\/1"}],"replies":[{"embeddable":true,"href":"http:\/\/www.tvturk.com\/index.php\/wp-json\/wp\/v2\/comments?post=15420"}],"version-history":[{"count":1,"href":"http:\/\/www.tvturk.com\/index.php\/wp-json\/wp\/v2\/posts\/15420\/revisions"}],"predecessor-version":[{"id":15424,"href":"http:\/\/www.tvturk.com\/index.php\/wp-json\/wp\/v2\/posts\/15420\/revisions\/15424"}],"wp:featuredmedia":[{"embeddable":true,"href":"http:\/\/www.tvturk.com\/index.php\/wp-json\/wp\/v2\/media\/15421"}],"wp:attachment":[{"href":"http:\/\/www.tvturk.com\/index.php\/wp-json\/wp\/v2\/media?parent=15420"}],"wp:term":[{"taxonomy":"category","embeddable":true,"href":"http:\/\/www.tvturk.com\/index.php\/wp-json\/wp\/v2\/categories?post=15420"},{"taxonomy":"post_tag","embeddable":true,"href":"http:\/\/www.tvturk.com\/index.php\/wp-json\/wp\/v2\/tags?post=15420"}],"curies":[{"name":"wp","href":"https:\/\/api.w.org\/{rel}","templated":true}]}}