{"id":154232,"date":"2019-05-08T11:14:12","date_gmt":"2019-05-08T08:14:12","guid":{"rendered":"http:\/\/www.tvturk.com\/index.php\/akkuyu-ngsden-insaat-calismalarina-iliskin-aciklama\/"},"modified":"2019-05-08T11:14:12","modified_gmt":"2019-05-08T08:14:12","slug":"akkuyu-ngsden-insaat-calismalarina-iliskin-aciklama","status":"publish","type":"post","link":"http:\/\/www.tvturk.com\/index.php\/akkuyu-ngsden-insaat-calismalarina-iliskin-aciklama\/","title":{"rendered":"Akkuyu NGS\u2019den in\u015faat \u00e7al\u0131\u015fmalar\u0131na ili\u015fkin a\u00e7\u0131klama"},"content":{"rendered":"<p>Akkuyu N\u00fckleer G\u00fc\u00e7 Santrali\u2019nin g\u00fcvenli bir \u015fekilde in\u015fa edilip i\u015fletmeye al\u0131nmas\u0131n\u0131n, Rosatom ve Akkuyu N\u00fckleer A.\u015e.\u2019nin birinci \u00f6nceli\u011fi oldu\u011fu bildirildi.<\/p>\n<p>Akkuyu N\u00fckleer A.\u015e., santral alan\u0131nda y\u00fcr\u00fct\u00fclen in\u015faat \u00e7al\u0131\u015fmalar\u0131 hakk\u0131nda T\u00fcrk  medyas\u0131nda yay\u0131mlanan haberlere ili\u015fkin a\u00e7\u0131klama yapt\u0131. Santral alan\u0131ndaki t\u00fcm  yap\u0131lar\u0131n, bilinen en y\u00fcksek g\u00fcvenlik standartlar\u0131na uygun \u015fekilde in\u015fa edildi\u011fi ve  sahadaki in\u015faat \u00e7al\u0131\u015fmalar\u0131n\u0131n T\u00fcrkiye Atom Enerjisi Kurumu (TAEK) temsilcileri  taraf\u0131ndan denetlendi\u011fi belirtilen a\u00e7\u0131klamada, &#8220;\u00d6te yandan ba\u011f\u0131ms\u0131z denetim, y\u00fcksek  teknolojili b\u00fcy\u00fck in\u015faat projelerinin in\u015faat\u0131nda standart uygulaman\u0131n bir par\u00e7as\u0131d\u0131r. Akkuyu NGS Projesinde t\u00fcm \u00e7al\u0131\u015fmalar, TAEK taraf\u0131ndan akredite edilen ba\u011f\u0131ms\u0131z yap\u0131 denetim kurulu\u015fu, Frans\u0131z \u015firketi ASSYSTEM\u2019in g\u00f6zetiminde y\u00fcr\u00fct\u00fclmektedir. Akkuyu NGS\u2019nin 1. \u00fcnitesinin temel plakas\u0131n\u0131n betonlama i\u015flemi 8 Mart 2019 tarihinde tamamlanm\u0131\u015ft\u0131r&#8221; denildi.<\/p>\n<p>Akkuyu NGS\u2019nin in\u015fas\u0131ndaki t\u00fcm teknolojik s\u00fcre\u00e7lerde oldu\u011fu gibi, 1. g\u00fc\u00e7 \u00fcnitesinin  temel plakas\u0131n\u0131n beton d\u00f6kme i\u015fleminin de Uluslararas\u0131 Atom Enerjisi Ajans\u0131\u2019n\u0131n  (UAEA) g\u00fcvenlik standartlar\u0131, k\u00fcresel \u00f6l\u00e7ekte n\u00fckleer enerji toplulu\u011funca belirlenen  g\u00fcncel gereksinimler ile T\u00fcrkiye Cumhuriyeti\u2019nde ge\u00e7erli ulusal ve uluslararas\u0131  gerekliliklere uygun olarak ger\u00e7ekle\u015ftirildi\u011fi vurgulanan a\u00e7\u0131klamada, \u015fu ifadelere yer  verildi:<\/p>\n<p>&#8220;Bu temel plakas\u0131n\u0131n yap\u0131m\u0131nda, bahsedilen gereksinimleri kar\u015f\u0131layan,  g\u00fcvenirlili\u011fini ve homojenli\u011fini koruyarak kendi a\u011f\u0131rl\u0131\u011f\u0131 alt\u0131nda yay\u0131l\u0131p s\u0131k\u0131\u015fma \u00f6zelli\u011fine sahip olan, 17 bin metrek\u00fcpten fazla \u00f6zel bir beton t\u00fcr\u00fc kullan\u0131lm\u0131\u015ft\u0131r. Birinci  g\u00fc\u00e7 \u00fcnitesi \u00e7al\u0131\u015fmalar\u0131n\u0131n bir sonraki a\u015famas\u0131nda, reakt\u00f6r binas\u0131n\u0131n i\u00e7 ve d\u0131\u015f  duvarlar\u0131n\u0131n in\u015fas\u0131 ger\u00e7ekle\u015fecektir. Akkuyu NGS projesinin in\u015faat\u0131, n\u00fckleer g\u00fcvenlik  gerekliliklerine, en y\u00fcksek kalite standartlar\u0131na ve planlanan takvime uygun olarak  devam edecektir.&#8221;<\/p>\n","protected":false},"excerpt":{"rendered":"<p>AKKUYU N\u00dcKLEER G\u00dc\u00c7 SANTRAL\u0130\u2019N\u0130N G\u00dcVENL\u0130 B\u0130R \u015eEK\u0130LDE \u0130N\u015eA ED\u0130L\u0130P  \u0130\u015eLETMEYE ALINMASININ, ROSATOM VE AKKUYU N\u00dcKLEER A.\u015e.\u2019N\u0130N B\u0130R\u0130NC\u0130 \u00d6NCEL\u0130\u011e\u0130 OLDU\u011eU  B\u0130LD\u0130R\u0130LD\u0130.<\/p>\n","protected":false},"author":1,"featured_media":154233,"comment_status":"closed","ping_status":"open","sticky":false,"template":"","format":"standard","meta":{"jetpack_post_was_ever_published":false,"_jetpack_newsletter_access":"","_jetpack_dont_email_post_to_subs":false,"_jetpack_newsletter_tier_id":0,"_jetpack_memberships_contains_paywalled_content":false,"_jetpack_memberships_contains_paid_content":false,"footnotes":"","jetpack_publicize_message":"","jetpack_publicize_feature_enabled":true,"jetpack_social_post_already_shared":true,"jetpack_social_options":{"image_generator_settings":{"template":"highway","default_image_id":0,"font":"","enabled":false},"version":2}},"categories":[1],"tags":[3349,6350,58,9764,1193,35299],"class_list":["post-154232","post","type-post","status-publish","format-standard","has-post-thumbnail","hentry","category-genel","tag-aciklama","tag-akkuyu","tag-calismalarina","tag-iliskin","tag-insaat","tag-ngsden"],"jetpack_publicize_connections":[],"jetpack_featured_media_url":"https:\/\/i0.wp.com\/www.tvturk.com\/wp-content\/uploads\/2019\/05\/akkuyu-ngsden-insaat-calismalarina-iliskin-aciklama_340d84f.jpg?fit=1000%2C666","jetpack_sharing_enabled":true,"jetpack_shortlink":"https:\/\/wp.me\/paKIfm-E7C","_links":{"self":[{"href":"http:\/\/www.tvturk.com\/index.php\/wp-json\/wp\/v2\/posts\/154232","targetHints":{"allow":["GET"]}}],"collection":[{"href":"http:\/\/www.tvturk.com\/index.php\/wp-json\/wp\/v2\/posts"}],"about":[{"href":"http:\/\/www.tvturk.com\/index.php\/wp-json\/wp\/v2\/types\/post"}],"author":[{"embeddable":true,"href":"http:\/\/www.tvturk.com\/index.php\/wp-json\/wp\/v2\/users\/1"}],"replies":[{"embeddable":true,"href":"http:\/\/www.tvturk.com\/index.php\/wp-json\/wp\/v2\/comments?post=154232"}],"version-history":[{"count":0,"href":"http:\/\/www.tvturk.com\/index.php\/wp-json\/wp\/v2\/posts\/154232\/revisions"}],"wp:featuredmedia":[{"embeddable":true,"href":"http:\/\/www.tvturk.com\/index.php\/wp-json\/wp\/v2\/media\/154233"}],"wp:attachment":[{"href":"http:\/\/www.tvturk.com\/index.php\/wp-json\/wp\/v2\/media?parent=154232"}],"wp:term":[{"taxonomy":"category","embeddable":true,"href":"http:\/\/www.tvturk.com\/index.php\/wp-json\/wp\/v2\/categories?post=154232"},{"taxonomy":"post_tag","embeddable":true,"href":"http:\/\/www.tvturk.com\/index.php\/wp-json\/wp\/v2\/tags?post=154232"}],"curies":[{"name":"wp","href":"https:\/\/api.w.org\/{rel}","templated":true}]}}