{"id":15438,"date":"2019-02-09T13:48:48","date_gmt":"2019-02-09T10:48:48","guid":{"rendered":"http:\/\/www.tvturk.com\/index.php\/trabzonspor-galatasaray-maci-icin-istanbula-gitti\/"},"modified":"2019-02-09T13:48:52","modified_gmt":"2019-02-09T10:48:52","slug":"trabzonspor-galatasaray-maci-icin-istanbula-gitti","status":"publish","type":"post","link":"http:\/\/www.tvturk.com\/index.php\/trabzonspor-galatasaray-maci-icin-istanbula-gitti\/","title":{"rendered":"Trabzonspor, Galatasaray ma\u00e7\u0131 i\u00e7in \u0130stanbul\u2019a gitti"},"content":{"rendered":"<p>Trabzonspor, Spor Toto S\u00fcper Lig\u2019in 21. haftas\u0131nda yar\u0131n deplasmanda oynayaca\u011f\u0131 Galatasaray ma\u00e7\u0131 haz\u0131rl\u0131klar\u0131n\u0131 bu sabah yapt\u0131\u011f\u0131 idmanla tamamlayarak \u00f6\u011fle saatlerinde \u00f6zel u\u00e7akla \u0130stanbul\u2019a gitti.<\/p>\n<p>Teknik Direkt\u00f6r \u00dcnal Karaman y\u00f6netiminde Mehmet Ali Y\u0131lmaz Tesisleri\u2019nde yap\u0131lan \u00e7al\u0131\u015fman\u0131n ard\u0131ndan bordo-mavili kafile, saat 13.15\u2019te \u00f6zel u\u00e7akla \u0130stanbul\u2019a hareket etti. Galatasaray ma\u00e7\u0131 kadrosuna sakatl\u0131\u011f\u0131 ge\u00e7en Sosa dahil edilirken, sakatl\u0131klar\u0131n\u0131 atlatamayan ve hafta boyunca tedavileri s\u00fcren Novak ve U\u011furcan \u00c7ak\u0131r ise \u0130stanbul\u2019a g\u00f6t\u00fcr\u00fclmedi. 2003 do\u011fumlu gen\u00e7 kaleci Ka\u011fan Moradao\u011flu ise bu sezon ilk kez kadroda kendine yer buldu.<\/p>\n<p>Trabzonspor\u2019un Galatasaray kar\u015f\u0131la\u015fmas\u0131n\u0131n kamp kadrosunda \u015fu futbolcular yer al\u0131yor:<\/p>\n<p>\u201cArda Akbulut, Muzaffer Cem Kablan, Ka\u011fan Moradao\u011flu, H\u00fcseyin T\u00fcrkmen, Zargo Toure, Maj\u0131d Hosseini, Ali Osman Karnapo\u011flu, Kamil Ahmet \u00c7\u00f6rek\u00e7i, Luis Ibanez, Batuhan Artlarslan, Murat Cem Akp\u0131nar, Yusuf Yaz\u0131c\u0131, Abdulkadir Parmak, Abdulkadir \u00d6m\u00fcr, Jose Sosa, Berkay Sefa Kara, Anthony Nwakaeme, Vahid Amiri, Caleb Ekuban, Hugo Rodallega.\u201d<div class=\"tiled-gallery type-rectangular tiled-gallery-unresized\" data-original-width=\"500\" data-carousel-extra='null' itemscope itemtype=\"http:\/\/schema.org\/ImageGallery\" > <div class=\"gallery-row\" style=\"width: 500px; height: 234px;\" data-original-width=\"500\" data-original-height=\"234\" > <div class=\"gallery-group images-1\" style=\"width: 349px; height: 234px;\" data-original-width=\"349\" data-original-height=\"234\" > <div class=\"tiled-gallery-item tiled-gallery-item-large\" itemprop=\"associatedMedia\" itemscope itemtype=\"http:\/\/schema.org\/ImageObject\"> <a href=\"http:\/\/www.tvturk.com\/index.php\/trabzonspor-galatasaray-maci-icin-istanbula-gitti\/trabzonspor-galatasaray-maci-icin-istanbula-gitti-3\/\" border=\"0\" itemprop=\"url\"> <meta itemprop=\"width\" content=\"345\"> <meta itemprop=\"height\" content=\"230\"> <img decoding=\"async\" class=\"\" data-attachment-id=\"15440\" data-orig-file=\"http:\/\/www.tvturk.com\/wp-content\/uploads\/2019\/02\/trabzonspor-galatasaray-maci-icin-istanbula-gitti_2bf907a.jpg\" data-orig-size=\"1000,666\" data-comments-opened=\"\" data-image-meta=\"{&quot;aperture&quot;:&quot;0&quot;,&quot;credit&quot;:&quot;IHA&quot;,&quot;camera&quot;:&quot;&quot;,&quot;caption&quot;:&quot;TRABZONSPOR, SPOR TOTO S\\u00dcPER L\\u0130G\\u0027\\u0130N 21. HAFTASINDA YARIN DEPLASMANDA OYNAYACA\\u011eI GALATASARAY MA\\u00c7I HAZIRLIKLARINI BU SABAH YAPTI\\u011eI \\u0130DMANLA TAMAMLAYARAK \\u00d6\\u011eLE SAATLER\\u0130NDE \\u00d6ZEL U\\u00c7AKLA \\u0130STANBUL\\u2019A G\\u0130TT\\u0130. (OZAN K\\u00d6SE\\\/TRABZON-\\u0130HA)&quot;,&quot;created_timestamp&quot;:&quot;0&quot;,&quot;copyright&quot;:&quot;\\u0130HLAS HABER AJANSI, www.iha.com.tr&quot;,&quot;focal_length&quot;:&quot;0&quot;,&quot;iso&quot;:&quot;0&quot;,&quot;shutter_speed&quot;:&quot;0&quot;,&quot;title&quot;:&quot;TRABZONSPOR, GALATASARAY MA\\u00c7I \\u0130\\u00c7\\u0130N \\u0130STANBUL\\u2019A G\\u0130TT\\u0130 KAF\\u0130LEDE SAKATLI\\u011eI GE\\u00c7EN SOSA YER ALIRKEN, SAKATLIKLARI BULUNAN NOVAK VE U\\u011eURCAN \\u00c7AKIR \\u0130SE KADRODA YER ALMADI&quot;,&quot;orientation&quot;:&quot;0&quot;}\" data-image-title=\"Trabzonspor, Galatasaray ma\u00e7\u0131 i\u00e7in \u0130stanbul\u2019a gitti\" data-image-description=\"&lt;p&gt;Trabzonspor, Galatasaray ma\u00e7\u0131 i\u00e7in \u0130stanbul\u2019a gitti&lt;\/p&gt; \" data-medium-file=\"https:\/\/i0.wp.com\/www.tvturk.com\/wp-content\/uploads\/2019\/02\/trabzonspor-galatasaray-maci-icin-istanbula-gitti_2bf907a.jpg?fit=300%2C200\" data-large-file=\"https:\/\/i0.wp.com\/www.tvturk.com\/wp-content\/uploads\/2019\/02\/trabzonspor-galatasaray-maci-icin-istanbula-gitti_2bf907a.jpg?fit=1000%2C666\" src=\"https:\/\/i0.wp.com\/www.tvturk.com\/wp-content\/uploads\/2019\/02\/trabzonspor-galatasaray-maci-icin-istanbula-gitti_2bf907a.jpg?w=345&#038;h=230\" srcset=\"https:\/\/i0.wp.com\/www.tvturk.com\/wp-content\/uploads\/2019\/02\/trabzonspor-galatasaray-maci-icin-istanbula-gitti_2bf907a.jpg?w=1000 1000w, https:\/\/i0.wp.com\/www.tvturk.com\/wp-content\/uploads\/2019\/02\/trabzonspor-galatasaray-maci-icin-istanbula-gitti_2bf907a.jpg?resize=150%2C100 150w, https:\/\/i0.wp.com\/www.tvturk.com\/wp-content\/uploads\/2019\/02\/trabzonspor-galatasaray-maci-icin-istanbula-gitti_2bf907a.jpg?resize=300%2C200 300w, https:\/\/i0.wp.com\/www.tvturk.com\/wp-content\/uploads\/2019\/02\/trabzonspor-galatasaray-maci-icin-istanbula-gitti_2bf907a.jpg?resize=768%2C511 768w, https:\/\/i0.wp.com\/www.tvturk.com\/wp-content\/uploads\/2019\/02\/trabzonspor-galatasaray-maci-icin-istanbula-gitti_2bf907a.jpg?resize=170%2C113 170w, https:\/\/i0.wp.com\/www.tvturk.com\/wp-content\/uploads\/2019\/02\/trabzonspor-galatasaray-maci-icin-istanbula-gitti_2bf907a.jpg?resize=120%2C80 120w\" width=\"345\" height=\"230\" loading=\"lazy\" data-original-width=\"345\" data-original-height=\"230\" itemprop=\"http:\/\/schema.org\/image\" title=\"Trabzonspor, Galatasaray ma\u00e7\u0131 i\u00e7in \u0130stanbul\u2019a gitti\" alt=\"Trabzonspor, Galatasaray ma\u00e7\u0131 i\u00e7in \u0130stanbul\u2019a gitti\" style=\"width: 345px; height: 230px;\" \/> <\/a> <\/div> <\/div> <!-- close group --> <div class=\"gallery-group images-2\" style=\"width: 151px; height: 234px;\" data-original-width=\"151\" data-original-height=\"234\" > <div class=\"tiled-gallery-item tiled-gallery-item-small\" itemprop=\"associatedMedia\" itemscope itemtype=\"http:\/\/schema.org\/ImageObject\"> <a href=\"http:\/\/www.tvturk.com\/index.php\/trabzonspor-galatasaray-maci-icin-istanbula-gitti\/trabzonspor-galatasaray-maci-icin-istanbula-gitti-4\/\" border=\"0\" itemprop=\"url\"> <meta itemprop=\"width\" content=\"147\"> <meta itemprop=\"height\" content=\"98\"> <img decoding=\"async\" class=\"\" data-attachment-id=\"15441\" data-orig-file=\"http:\/\/www.tvturk.com\/wp-content\/uploads\/2019\/02\/trabzonspor-galatasaray-maci-icin-istanbula-gitti_2671f89.jpg\" data-orig-size=\"1000,666\" data-comments-opened=\"\" data-image-meta=\"{&quot;aperture&quot;:&quot;0&quot;,&quot;credit&quot;:&quot;IHA&quot;,&quot;camera&quot;:&quot;&quot;,&quot;caption&quot;:&quot;TRABZONSPOR, SPOR TOTO S\\u00dcPER L\\u0130G\\u0027\\u0130N 21. HAFTASINDA YARIN DEPLASMANDA OYNAYACA\\u011eI GALATASARAY MA\\u00c7I HAZIRLIKLARINI BU SABAH YAPTI\\u011eI \\u0130DMANLA TAMAMLAYARAK \\u00d6\\u011eLE SAATLER\\u0130NDE \\u00d6ZEL U\\u00c7AKLA \\u0130STANBUL\\u2019A G\\u0130TT\\u0130. (OZAN K\\u00d6SE\\\/TRABZON-\\u0130HA)&quot;,&quot;created_timestamp&quot;:&quot;0&quot;,&quot;copyright&quot;:&quot;\\u0130HLAS HABER AJANSI, www.iha.com.tr&quot;,&quot;focal_length&quot;:&quot;0&quot;,&quot;iso&quot;:&quot;0&quot;,&quot;shutter_speed&quot;:&quot;0&quot;,&quot;title&quot;:&quot;TRABZONSPOR, GALATASARAY MA\\u00c7I \\u0130\\u00c7\\u0130N \\u0130STANBUL\\u2019A G\\u0130TT\\u0130 KAF\\u0130LEDE SAKATLI\\u011eI GE\\u00c7EN SOSA YER ALIRKEN, SAKATLIKLARI BULUNAN NOVAK VE U\\u011eURCAN \\u00c7AKIR \\u0130SE KADRODA YER ALMADI&quot;,&quot;orientation&quot;:&quot;0&quot;}\" data-image-title=\"Trabzonspor, Galatasaray ma\u00e7\u0131 i\u00e7in \u0130stanbul\u2019a gitti\" data-image-description=\"&lt;p&gt;Trabzonspor, Galatasaray ma\u00e7\u0131 i\u00e7in \u0130stanbul\u2019a gitti&lt;\/p&gt; \" data-medium-file=\"https:\/\/i0.wp.com\/www.tvturk.com\/wp-content\/uploads\/2019\/02\/trabzonspor-galatasaray-maci-icin-istanbula-gitti_2671f89.jpg?fit=300%2C200\" data-large-file=\"https:\/\/i0.wp.com\/www.tvturk.com\/wp-content\/uploads\/2019\/02\/trabzonspor-galatasaray-maci-icin-istanbula-gitti_2671f89.jpg?fit=1000%2C666\" src=\"https:\/\/i0.wp.com\/www.tvturk.com\/wp-content\/uploads\/2019\/02\/trabzonspor-galatasaray-maci-icin-istanbula-gitti_2671f89.jpg?w=147&#038;h=98\" srcset=\"https:\/\/i0.wp.com\/www.tvturk.com\/wp-content\/uploads\/2019\/02\/trabzonspor-galatasaray-maci-icin-istanbula-gitti_2671f89.jpg?w=1000 1000w, https:\/\/i0.wp.com\/www.tvturk.com\/wp-content\/uploads\/2019\/02\/trabzonspor-galatasaray-maci-icin-istanbula-gitti_2671f89.jpg?resize=150%2C100 150w, https:\/\/i0.wp.com\/www.tvturk.com\/wp-content\/uploads\/2019\/02\/trabzonspor-galatasaray-maci-icin-istanbula-gitti_2671f89.jpg?resize=300%2C200 300w, https:\/\/i0.wp.com\/www.tvturk.com\/wp-content\/uploads\/2019\/02\/trabzonspor-galatasaray-maci-icin-istanbula-gitti_2671f89.jpg?resize=768%2C511 768w, https:\/\/i0.wp.com\/www.tvturk.com\/wp-content\/uploads\/2019\/02\/trabzonspor-galatasaray-maci-icin-istanbula-gitti_2671f89.jpg?resize=170%2C113 170w, https:\/\/i0.wp.com\/www.tvturk.com\/wp-content\/uploads\/2019\/02\/trabzonspor-galatasaray-maci-icin-istanbula-gitti_2671f89.jpg?resize=120%2C80 120w\" width=\"147\" height=\"98\" loading=\"lazy\" data-original-width=\"147\" data-original-height=\"98\" itemprop=\"http:\/\/schema.org\/image\" title=\"Trabzonspor, Galatasaray ma\u00e7\u0131 i\u00e7in \u0130stanbul\u2019a gitti\" alt=\"Trabzonspor, Galatasaray ma\u00e7\u0131 i\u00e7in \u0130stanbul\u2019a gitti\" style=\"width: 147px; height: 98px;\" \/> <\/a> <\/div> <div class=\"tiled-gallery-item tiled-gallery-item-small\" itemprop=\"associatedMedia\" itemscope itemtype=\"http:\/\/schema.org\/ImageObject\"> <a href=\"http:\/\/www.tvturk.com\/index.php\/trabzonspor-galatasaray-maci-icin-istanbula-gitti\/trabzonspor-galatasaray-maci-icin-istanbula-gitti-5\/\" border=\"0\" itemprop=\"url\"> <meta itemprop=\"width\" content=\"147\"> <meta itemprop=\"height\" content=\"128\"> <img decoding=\"async\" class=\"\" data-attachment-id=\"15442\" data-orig-file=\"http:\/\/www.tvturk.com\/wp-content\/uploads\/2019\/02\/trabzonspor-galatasaray-maci-icin-istanbula-gitti_65a721e.jpg\" data-orig-size=\"1000,875\" data-comments-opened=\"\" data-image-meta=\"{&quot;aperture&quot;:&quot;0&quot;,&quot;credit&quot;:&quot;IHA&quot;,&quot;camera&quot;:&quot;&quot;,&quot;caption&quot;:&quot;TRABZONSPOR, SPOR TOTO S\\u00dcPER L\\u0130G\\u0027\\u0130N 21. HAFTASINDA YARIN DEPLASMANDA OYNAYACA\\u011eI GALATASARAY MA\\u00c7I HAZIRLIKLARINI BU SABAH YAPTI\\u011eI \\u0130DMANLA TAMAMLAYARAK \\u00d6\\u011eLE SAATLER\\u0130NDE \\u00d6ZEL U\\u00c7AKLA \\u0130STANBUL\\u2019A G\\u0130TT\\u0130. (OZAN K\\u00d6SE\\\/TRABZON-\\u0130HA)&quot;,&quot;created_timestamp&quot;:&quot;0&quot;,&quot;copyright&quot;:&quot;\\u0130HLAS HABER AJANSI, www.iha.com.tr&quot;,&quot;focal_length&quot;:&quot;0&quot;,&quot;iso&quot;:&quot;0&quot;,&quot;shutter_speed&quot;:&quot;0&quot;,&quot;title&quot;:&quot;TRABZONSPOR, GALATASARAY MA\\u00c7I \\u0130\\u00c7\\u0130N \\u0130STANBUL\\u2019A G\\u0130TT\\u0130 KAF\\u0130LEDE SAKATLI\\u011eI GE\\u00c7EN SOSA YER ALIRKEN, SAKATLIKLARI BULUNAN NOVAK VE U\\u011eURCAN \\u00c7AKIR \\u0130SE KADRODA YER ALMADI&quot;,&quot;orientation&quot;:&quot;0&quot;}\" data-image-title=\"Trabzonspor, Galatasaray ma\u00e7\u0131 i\u00e7in \u0130stanbul\u2019a gitti\" data-image-description=\"&lt;p&gt;Trabzonspor, Galatasaray ma\u00e7\u0131 i\u00e7in \u0130stanbul\u2019a gitti&lt;\/p&gt; \" data-medium-file=\"https:\/\/i0.wp.com\/www.tvturk.com\/wp-content\/uploads\/2019\/02\/trabzonspor-galatasaray-maci-icin-istanbula-gitti_65a721e.jpg?fit=300%2C263\" data-large-file=\"https:\/\/i0.wp.com\/www.tvturk.com\/wp-content\/uploads\/2019\/02\/trabzonspor-galatasaray-maci-icin-istanbula-gitti_65a721e.jpg?fit=1000%2C875\" src=\"https:\/\/i0.wp.com\/www.tvturk.com\/wp-content\/uploads\/2019\/02\/trabzonspor-galatasaray-maci-icin-istanbula-gitti_65a721e.jpg?w=147&#038;h=128\" srcset=\"https:\/\/i0.wp.com\/www.tvturk.com\/wp-content\/uploads\/2019\/02\/trabzonspor-galatasaray-maci-icin-istanbula-gitti_65a721e.jpg?w=1000 1000w, https:\/\/i0.wp.com\/www.tvturk.com\/wp-content\/uploads\/2019\/02\/trabzonspor-galatasaray-maci-icin-istanbula-gitti_65a721e.jpg?resize=150%2C131 150w, https:\/\/i0.wp.com\/www.tvturk.com\/wp-content\/uploads\/2019\/02\/trabzonspor-galatasaray-maci-icin-istanbula-gitti_65a721e.jpg?resize=300%2C263 300w, https:\/\/i0.wp.com\/www.tvturk.com\/wp-content\/uploads\/2019\/02\/trabzonspor-galatasaray-maci-icin-istanbula-gitti_65a721e.jpg?resize=768%2C672 768w\" width=\"147\" height=\"128\" loading=\"lazy\" data-original-width=\"147\" data-original-height=\"128\" itemprop=\"http:\/\/schema.org\/image\" title=\"Trabzonspor, Galatasaray ma\u00e7\u0131 i\u00e7in \u0130stanbul\u2019a gitti\" alt=\"Trabzonspor, Galatasaray ma\u00e7\u0131 i\u00e7in \u0130stanbul\u2019a gitti\" style=\"width: 147px; height: 128px;\" \/> <\/a> <\/div> <\/div> <!-- close group --> <\/div> <!-- close row --> <div class=\"gallery-row\" style=\"width: 500px; height: 334px;\" data-original-width=\"500\" data-original-height=\"334\" > <div class=\"gallery-group images-1\" style=\"width: 500px; height: 334px;\" data-original-width=\"500\" data-original-height=\"334\" > <div class=\"tiled-gallery-item tiled-gallery-item-large\" itemprop=\"associatedMedia\" itemscope itemtype=\"http:\/\/schema.org\/ImageObject\"> <a href=\"http:\/\/www.tvturk.com\/index.php\/trabzonspor-galatasaray-maci-icin-istanbula-gitti\/trabzonspor-galatasaray-maci-icin-istanbula-gitti-6\/\" border=\"0\" itemprop=\"url\"> <meta itemprop=\"width\" content=\"496\"> <meta itemprop=\"height\" content=\"330\"> <img decoding=\"async\" class=\"\" data-attachment-id=\"15443\" data-orig-file=\"http:\/\/www.tvturk.com\/wp-content\/uploads\/2019\/02\/trabzonspor-galatasaray-maci-icin-istanbula-gitti_59ad045.jpg\" data-orig-size=\"1000,666\" data-comments-opened=\"\" data-image-meta=\"{&quot;aperture&quot;:&quot;0&quot;,&quot;credit&quot;:&quot;IHA&quot;,&quot;camera&quot;:&quot;&quot;,&quot;caption&quot;:&quot;TRABZONSPOR, SPOR TOTO S\\u00dcPER L\\u0130G\\u0027\\u0130N 21. HAFTASINDA YARIN DEPLASMANDA OYNAYACA\\u011eI GALATASARAY MA\\u00c7I HAZIRLIKLARINI BU SABAH YAPTI\\u011eI \\u0130DMANLA TAMAMLAYARAK \\u00d6\\u011eLE SAATLER\\u0130NDE \\u00d6ZEL U\\u00c7AKLA \\u0130STANBUL\\u2019A G\\u0130TT\\u0130. (OZAN K\\u00d6SE\\\/TRABZON-\\u0130HA)&quot;,&quot;created_timestamp&quot;:&quot;0&quot;,&quot;copyright&quot;:&quot;\\u0130HLAS HABER AJANSI, www.iha.com.tr&quot;,&quot;focal_length&quot;:&quot;0&quot;,&quot;iso&quot;:&quot;0&quot;,&quot;shutter_speed&quot;:&quot;0&quot;,&quot;title&quot;:&quot;TRABZONSPOR, GALATASARAY MA\\u00c7I \\u0130\\u00c7\\u0130N \\u0130STANBUL\\u2019A G\\u0130TT\\u0130 KAF\\u0130LEDE SAKATLI\\u011eI GE\\u00c7EN SOSA YER ALIRKEN, SAKATLIKLARI BULUNAN NOVAK VE U\\u011eURCAN \\u00c7AKIR \\u0130SE KADRODA YER ALMADI&quot;,&quot;orientation&quot;:&quot;0&quot;}\" data-image-title=\"Trabzonspor, Galatasaray ma\u00e7\u0131 i\u00e7in \u0130stanbul\u2019a gitti\" data-image-description=\"&lt;p&gt;Trabzonspor, Galatasaray ma\u00e7\u0131 i\u00e7in \u0130stanbul\u2019a gitti&lt;\/p&gt; \" data-medium-file=\"https:\/\/i0.wp.com\/www.tvturk.com\/wp-content\/uploads\/2019\/02\/trabzonspor-galatasaray-maci-icin-istanbula-gitti_59ad045.jpg?fit=300%2C200\" data-large-file=\"https:\/\/i0.wp.com\/www.tvturk.com\/wp-content\/uploads\/2019\/02\/trabzonspor-galatasaray-maci-icin-istanbula-gitti_59ad045.jpg?fit=1000%2C666\" src=\"https:\/\/i0.wp.com\/www.tvturk.com\/wp-content\/uploads\/2019\/02\/trabzonspor-galatasaray-maci-icin-istanbula-gitti_59ad045.jpg?w=496&#038;h=330\" srcset=\"https:\/\/i0.wp.com\/www.tvturk.com\/wp-content\/uploads\/2019\/02\/trabzonspor-galatasaray-maci-icin-istanbula-gitti_59ad045.jpg?w=1000 1000w, https:\/\/i0.wp.com\/www.tvturk.com\/wp-content\/uploads\/2019\/02\/trabzonspor-galatasaray-maci-icin-istanbula-gitti_59ad045.jpg?resize=150%2C100 150w, https:\/\/i0.wp.com\/www.tvturk.com\/wp-content\/uploads\/2019\/02\/trabzonspor-galatasaray-maci-icin-istanbula-gitti_59ad045.jpg?resize=300%2C200 300w, https:\/\/i0.wp.com\/www.tvturk.com\/wp-content\/uploads\/2019\/02\/trabzonspor-galatasaray-maci-icin-istanbula-gitti_59ad045.jpg?resize=768%2C511 768w, https:\/\/i0.wp.com\/www.tvturk.com\/wp-content\/uploads\/2019\/02\/trabzonspor-galatasaray-maci-icin-istanbula-gitti_59ad045.jpg?resize=170%2C113 170w, https:\/\/i0.wp.com\/www.tvturk.com\/wp-content\/uploads\/2019\/02\/trabzonspor-galatasaray-maci-icin-istanbula-gitti_59ad045.jpg?resize=120%2C80 120w\" width=\"496\" height=\"330\" loading=\"lazy\" data-original-width=\"496\" data-original-height=\"330\" itemprop=\"http:\/\/schema.org\/image\" title=\"Trabzonspor, Galatasaray ma\u00e7\u0131 i\u00e7in \u0130stanbul\u2019a gitti\" alt=\"Trabzonspor, Galatasaray ma\u00e7\u0131 i\u00e7in \u0130stanbul\u2019a gitti\" style=\"width: 496px; height: 330px;\" \/> <\/a> <\/div> <\/div> <!-- close group --> <\/div> <!-- close row --> <\/div><\/p>\n","protected":false},"excerpt":{"rendered":"<p>TRABZONSPOR, SPOR TOTO S\u00dcPER L\u0130G&#8217;\u0130N 21. HAFTASINDA YARIN DEPLASMANDA OYNAYACA\u011eI GALATASARAY MA\u00c7I HAZIRLIKLARINI BU SABAH YAPTI\u011eI \u0130DMANLA TAMAMLAYARAK \u00d6\u011eLE SAATLER\u0130NDE \u00d6ZEL U\u00c7AKLA \u0130STANBUL\u2019A G\u0130TT\u0130.<\/p>\n","protected":false},"author":1,"featured_media":15439,"comment_status":"closed","ping_status":"open","sticky":false,"template":"","format":"standard","meta":{"jetpack_post_was_ever_published":false,"_jetpack_newsletter_access":"","_jetpack_dont_email_post_to_subs":false,"_jetpack_newsletter_tier_id":0,"_jetpack_memberships_contains_paywalled_content":false,"_jetpack_memberships_contains_paid_content":false,"footnotes":"","jetpack_publicize_message":"","jetpack_publicize_feature_enabled":true,"jetpack_social_post_already_shared":false,"jetpack_social_options":{"image_generator_settings":{"template":"highway","default_image_id":0,"font":"","enabled":false},"version":2}},"categories":[657],"tags":[1976,1601,44,2174,777,916],"class_list":["post-15438","post","type-post","status-publish","format-standard","has-post-thumbnail","hentry","category-spor","tag-galatasaray","tag-gitti","tag-icin","tag-istanbula","tag-maci","tag-trabzonspor"],"jetpack_publicize_connections":[],"jetpack_featured_media_url":"https:\/\/i0.wp.com\/www.tvturk.com\/wp-content\/uploads\/2019\/02\/trabzonspor-galatasaray-maci-icin-istanbula-gitti_b7362ef.jpg?fit=1000%2C666","jetpack_sharing_enabled":true,"jetpack_shortlink":"https:\/\/wp.me\/paKIfm-410","_links":{"self":[{"href":"http:\/\/www.tvturk.com\/index.php\/wp-json\/wp\/v2\/posts\/15438","targetHints":{"allow":["GET"]}}],"collection":[{"href":"http:\/\/www.tvturk.com\/index.php\/wp-json\/wp\/v2\/posts"}],"about":[{"href":"http:\/\/www.tvturk.com\/index.php\/wp-json\/wp\/v2\/types\/post"}],"author":[{"embeddable":true,"href":"http:\/\/www.tvturk.com\/index.php\/wp-json\/wp\/v2\/users\/1"}],"replies":[{"embeddable":true,"href":"http:\/\/www.tvturk.com\/index.php\/wp-json\/wp\/v2\/comments?post=15438"}],"version-history":[{"count":1,"href":"http:\/\/www.tvturk.com\/index.php\/wp-json\/wp\/v2\/posts\/15438\/revisions"}],"predecessor-version":[{"id":15444,"href":"http:\/\/www.tvturk.com\/index.php\/wp-json\/wp\/v2\/posts\/15438\/revisions\/15444"}],"wp:featuredmedia":[{"embeddable":true,"href":"http:\/\/www.tvturk.com\/index.php\/wp-json\/wp\/v2\/media\/15439"}],"wp:attachment":[{"href":"http:\/\/www.tvturk.com\/index.php\/wp-json\/wp\/v2\/media?parent=15438"}],"wp:term":[{"taxonomy":"category","embeddable":true,"href":"http:\/\/www.tvturk.com\/index.php\/wp-json\/wp\/v2\/categories?post=15438"},{"taxonomy":"post_tag","embeddable":true,"href":"http:\/\/www.tvturk.com\/index.php\/wp-json\/wp\/v2\/tags?post=15438"}],"curies":[{"name":"wp","href":"https:\/\/api.w.org\/{rel}","templated":true}]}}