{"id":154398,"date":"2019-05-08T14:14:40","date_gmt":"2019-05-08T11:14:40","guid":{"rendered":"http:\/\/www.tvturk.com\/index.php\/ugurcan-cakir-kendimi-her-zaman-hazir-tuttum\/"},"modified":"2019-05-08T14:14:40","modified_gmt":"2019-05-08T11:14:40","slug":"ugurcan-cakir-kendimi-her-zaman-hazir-tuttum","status":"publish","type":"post","link":"http:\/\/www.tvturk.com\/index.php\/ugurcan-cakir-kendimi-her-zaman-hazir-tuttum\/","title":{"rendered":"U\u011furcan \u00c7ak\u0131r: \u201cKendimi her zaman haz\u0131r tuttum\u201d"},"content":{"rendered":"<p>Trabzonspor\u2019un 23 ya\u015f\u0131ndaki ba\u015far\u0131l\u0131 kalecisi U\u011furcan \u00c7ak\u0131r, g\u00f6rev almak i\u00e7in kendisini her zaman haz\u0131r tuttu\u011funu belirterek, yakalad\u0131klar\u0131 \u00e7\u0131k\u0131\u015f\u0131n en \u00f6nemli fakt\u00f6r\u00fc olarak gen\u00e7 oyuncular\u0131n performans\u0131n\u0131 g\u00f6sterdi.<\/p>\n<p>Sezona \u00fc\u00e7\u00fcnc\u00fc kaleci olarak ba\u015flayan ancak buldu\u011fu \u015fans\u0131 en iyi \u015fekilde de\u011ferlendirerek \u00f6nce tak\u0131m\u0131n birinci kalecisi olan ve ard\u0131ndan A Milli Tak\u0131m kadrosuna davet edilen U\u011furcan \u00c7ak\u0131r, Trabzonspor Dergisi\u2019nin may\u0131s ay\u0131 say\u0131s\u0131na a\u00e7\u0131klamalarda bulundu. Sezon ba\u015f\u0131nda \u00e7ok iyi bir kamp d\u00f6nemi ge\u00e7irdiklerini belirten U\u011furcan \u00c7ak\u0131r, \u201cYeni hocam\u0131zla birlikte oyuncular aras\u0131nda \u00e7ok g\u00fczel bir ortam vard\u0131. Bu \u015fekilde sezona ba\u015flad\u0131k ancak i\u015fler istedi\u011fimiz gibi gitmedi. Ancak \u00e7abuk toparlad\u0131k ve g\u00fczel galibiyetler ald\u0131k. Galatasaray\u2019a kar\u015f\u0131 da net bir galibiyet elde etmi\u015ftik. Sonras\u0131nda beklenmedik sakatl\u0131klar oldu. Y\u00f6netim ve oyuncular\u0131 ilgilendiren birtak\u0131m s\u0131k\u0131nt\u0131lar meydana geldi. Ard\u0131ndan bizlere \u015fans geldi. Biz de bunu en iyi \u015fekilde de\u011ferlendirmeye \u00e7al\u0131\u015ft\u0131k. Bana g\u00f6re tak\u0131m\u0131m\u0131z\u0131n yapt\u0131\u011f\u0131 \u00e7\u0131k\u0131\u015f\u0131n \u00f6nemli fakt\u00f6r\u00fc gen\u00e7 oyuncular\u0131n performans\u0131yd\u0131. Gen\u00e7 oyuncularla oynamaktan b\u00fcy\u00fck keyif al\u0131yorum. Sahada yan\u0131mda g\u00f6rd\u00fc\u011f\u00fcmde ayr\u0131 bir mutluluk ya\u015fay\u0131p, ekstra motive oluyorum. \u00c7\u00fcnk\u00fc hepimiz Trabzonsporluyuz ve bu tak\u0131m i\u00e7in her \u015feyimizi ortaya koyuyoruz. Altyap\u0131da iyi oyuncular var. \u0130n\u015fallah onlar da en k\u0131sa zamanda aram\u0131za kat\u0131l\u0131r&#8221; dedi.<\/p>\n<p>\u201cSezonu ikinci s\u0131rada bitirece\u011fimizi d\u00fc\u015f\u00fcn\u00fcyorum\u201d<\/p>\n<p>U\u011furcan \u00c7ak\u0131r, bu sezonu ikinci s\u0131rada bitirebileceklerini d\u00fc\u015f\u00fcnd\u00fc\u011f\u00fcn\u00fc belirterek, \u00fcst basamakta yer alan tak\u0131mlarla aralar\u0131nda fazla bir puan bulunmad\u0131\u011f\u0131n\u0131 vurgulad\u0131. Ba\u015far\u0131l\u0131 kaleci, iyi bir \u00e7\u0131k\u0131\u015f yakalad\u0131klar\u0131n\u0131 vurgulayarak, \u201cEn yak\u0131n rakibimiz Be\u015fikta\u015f ile kendi saham\u0131zda kar\u015f\u0131la\u015faca\u011f\u0131z. O ve oynayaca\u011f\u0131m\u0131z di\u011fer ma\u00e7lar\u0131 kazan\u0131p en iyi noktada ligi bitirmek istiyoruz. Avrupa \u00e7ok farkl\u0131 bir arena. Biz de orada yer al\u0131p hem tak\u0131m\u0131m\u0131z\u0131 hem \u00fclkemizi hem de kendimizi en iyi \u015fekilde temsil etmek istiyoruz. Bizim de\u011ferimize de\u011fer kataca\u011f\u0131n\u0131 d\u00fc\u015f\u00fcn\u00fcyorum&#8221; ifadelerini kulland\u0131.<\/p>\n<p>\u201cGelecek sezon her kulvarda ba\u015far\u0131l\u0131 olmak istiyoruz\u201d<\/p>\n<p>Trabzonspor\u2019un gen\u00e7 y\u0131ld\u0131z\u0131, gelecek sezon her kulvarda ba\u015far\u0131l\u0131 olmak istediklerini ifade ederek, &#8220;Dedi\u011finiz gibi gibi iskelet kadro olu\u015ftu. \u0130yi oyunculardan olu\u015fan iyi bir kadromuz var. Oyuncular\u0131n birbirleriyle ili\u015fkileri \u00e7ok iyi. Gelecek sezon in\u015fallah takviyelerle birlikte ba\u015fta \u015fampiyonluk olmak \u00fczere, her kulvarda ba\u015far\u0131l\u0131 olmay\u0131 hedefliyoruz&#8221; diye konu\u015ftu.<\/p>\n<p>\u201cBana g\u00fcvendiler\u201d<\/p>\n<p>\u00c7al\u0131\u015ft\u0131\u011f\u0131 teknik adamlar\u0131n kendisine s\u00fcrekli g\u00fcven duygusu a\u015f\u0131lad\u0131\u011f\u0131n\u0131 belirten U\u011furcan \u00c7ak\u0131r, \u015funlar\u0131 s\u00f6yledi:<\/p>\n<p>&#8220;Sadi Tekelio\u011flu hocam\u0131z A tak\u0131m\u0131n ba\u015f\u0131na geldi\u011fi zaman beni altyap\u0131dan tan\u0131d\u0131\u011f\u0131 i\u00e7in hemen formay\u0131 vermi\u015fti. Yeteneklerimi biliyordu. Kupa ma\u00e7lar\u0131nda bana verilen \u015fans\u0131 iyi de\u011ferlendirdi\u011fimi d\u00fc\u015f\u00fcn\u00fcyorum. Ge\u00e7en sezonunun sonlar\u0131na do\u011fru alt\u0131 ma\u00e7 daha oynad\u0131m. O ma\u00e7lar da benim i\u00e7in iyi ge\u00e7ti. Bu konuda da R\u0131za \u00c7al\u0131mbay hocam\u0131za te\u015fekk\u00fcr etmek istiyorum. Sezon ba\u015f\u0131nda kampta \u00dcnal Karaman hocam\u0131z bana olan g\u00fcvenini vurgulad\u0131. Kaleci antren\u00f6r\u00fcm\u00fcz Metin Akta\u015f ise yapt\u0131\u011f\u0131 konu\u015fmalarda bana her zaman g\u00fcven veriyordu. Zaten bir s\u00fcre sonra da ma\u00e7 kadrolar\u0131nda ikinci kaleci olarak yer almaya ba\u015flam\u0131\u015ft\u0131m. Sezon ba\u015f\u0131nda iyi bir kamp ge\u00e7irmi\u015f, haz\u0131rl\u0131k ma\u00e7lar\u0131ndaki performans\u0131mla da hocalar\u0131m\u0131 memnun etmi\u015ftim. Belki de sezon ba\u015f\u0131nda ortaya koydu\u011fum performans dolay\u0131s\u0131yla formay\u0131 Esteban yerine bana verdiler.&#8221;<\/p>\n<p>\u201cBen bu fabrikada yeti\u015fti\u011fim i\u00e7in kendimi \u00e7ok \u015fansl\u0131 addediyorum\u201d<\/p>\n<p>Trabzonspor altyap\u0131s\u0131n\u0131n oyuncu madeni oldu\u011funu belirten U\u011furcan \u00c7ak\u0131r, &#8220;Bunu t\u00fcm T\u00fcrkiye biliyor. Hatta Trabzonspor altyap\u0131s\u0131na ilk gitti\u011fimde \u2019Ben nereye geldim b\u00f6yle? \u0130stanbul\u2019da futbol oynanm\u0131yormu\u015f\u2019 demi\u015ftim. Herkes mi \u00e7ok yetenekli olur? Hele Trabzon do\u011fumlu oyuncular\u0131n tamam\u0131 \u00e7ok \u00f6zel yeteneklere sahipti. Trabzonspor b\u00fcy\u00fck bir altyap\u0131 fabrikas\u0131. Ben de o fabrikada yeti\u015fti\u011fim i\u00e7in kendimi \u00e7ok \u015fansl\u0131 addediyorum. Ayr\u0131ca bizim sahada olabilmemiz i\u00e7in ufak bir k\u0131v\u0131lc\u0131m gerekiyordu. \u00c7\u00fcnk\u00fc yetene\u011fimiz vard\u0131. Futbolda tecr\u00fcbe de \u00e7ok \u00f6nemli. Oynad\u0131k\u00e7a kendimi daha rahat hissediyorum. Altyap\u0131 ile A tak\u0131m aras\u0131ndaki en b\u00fcy\u00fck fark tecr\u00fcbe. Biraz da fiziksel geli\u015fim. Gerisini tamamen altyap\u0131da \u00f6\u011frendik. Bu nedenle A tak\u0131mdaki gen\u00e7 oyuncu arkada\u015flar\u0131m\u0131n performans\u0131 benim i\u00e7in s\u00fcrpriz olmad\u0131. Oyunculara \u015fans verilmesi gerekiyordu. Bu da oldu. \u0130leride say\u0131m\u0131z daha da artacakt\u0131r. Ancak gen\u00e7 karde\u015flerimin \u00e7ok \u00e7al\u0131\u015fmas\u0131 gerekiyor. Ben kendimi her zaman haz\u0131r tuttum. Di\u011fer oyuncular da haz\u0131r olmalar\u0131n\u0131n kar\u015f\u0131l\u0131\u011f\u0131n\u0131 ald\u0131lar. Sahaya \u00e7\u0131kt\u0131\u011f\u0131n\u0131zda insanlar\u0131n kafas\u0131nda soru i\u015fareti b\u0131rakmaman\u0131z gerekiyor. Ancak ben gen\u00e7lere inan\u0131yorum. Buraya \u00e7\u0131kt\u0131klar\u0131nda gerekeni yapacaklard\u0131r&#8221; \u015feklinde konu\u015ftu.<\/p>\n<p>\u201c\u00dcnal hocan\u0131n performans\u0131m\u0131n artmas\u0131nda b\u00fcy\u00fck bir pay\u0131 var\u201d<\/p>\n<p>Trabzonspor Teknik Direkt\u00f6r\u00fc \u00dcnal Karaman\u2019\u0131n gen\u00e7lere \u00e7ok iyi bak\u0131\u015f a\u00e7\u0131s\u0131 oldu\u011funu belirten U\u011furcan \u00c7ak\u0131r, \u201c\u00dcnal hocan\u0131n bize bak\u0131\u015f a\u00e7\u0131s\u0131 \u00e7ok iyi. Sezon ba\u015f\u0131nda ilk kar\u015f\u0131la\u015ft\u0131\u011f\u0131m\u0131zda bunu bize hissettirdi. Ayr\u0131ca \u00e7ok iyi bir Trabzonsporlu. Her s\u00f6yledi\u011fi s\u00f6z\u00fc b\u00fcy\u00fck bir dikkatle dinliyoruz. Bize olan g\u00fcvenini biliyoruz ve bu g\u00fcvene lay\u0131k olmaya \u00e7al\u0131\u015f\u0131yoruz. Performans\u0131m\u0131n artmas\u0131nda kendisinin \u00e7ok b\u00fcy\u00fck pay\u0131 var. Konu\u015ftu\u011fum b\u00fct\u00fcn arkada\u015flar\u0131m da ayn\u0131 \u015feyleri s\u00f6yl\u00fcyor. Sezon ba\u015f\u0131nda \u00fc\u00e7\u00fcnc\u00fc kaleci konumundayken bana ne kadar g\u00fcvendi\u011fini s\u00f6ylemi\u015f ve \u2019Seni bir g\u00fcn A Milli Tak\u0131m\u2019a g\u00f6nderece\u011fiz\u2019 demi\u015fti. Bu sezon ilk defa Fenerbah\u00e7e ma\u00e7\u0131nda ilk on birde ba\u015flad\u0131m. O g\u00fcveni al\u0131nca zaten k\u00f6t\u00fc oynama \u015fans\u0131n\u0131z olmuyor. O sayede A Milli Tak\u0131m\u2019a kadar y\u00fckseldim. \u00dcnal Hocam\u0131n samimiyetine \u00e7ok inan\u0131yorum. Bize de\u011fer veren birilerinin oldu\u011funu g\u00f6rmek ayr\u0131ca mutlu ediyor. Ayn\u0131 \u015fekilde kaleci antren\u00f6r\u00fcm\u00fcz Metin Akta\u015f\u2019\u0131n da bizlere b\u00fcy\u00fck katk\u0131lar\u0131 oluyor\u201d a\u00e7\u0131klamas\u0131n\u0131 yapt\u0131.<\/p>\n<p>\u201cTrabzon\u2019da kaleciden yana bir s\u0131k\u0131nt\u0131 olaca\u011f\u0131n\u0131 d\u00fc\u015f\u00fcnm\u00fcyorum\u201d<\/p>\n<p>Trabzonspor\u2019un kaleci s\u0131k\u0131nt\u0131s\u0131 ya\u015famayaca\u011f\u0131n\u0131 s\u00f6yleyen U\u011furcan, \u201cArda, Ka\u011fan ve Muzaffer Cem, \u00fc\u00e7\u00fc de \u00e7ok yetenekli kaleci. Zaten ba\u015fka t\u00fcrl\u00fc bu kadro i\u00e7inde yer almazlard\u0131. Arda oynad\u0131\u011f\u0131 ma\u00e7larda bu yetene\u011fini herkese g\u00f6sterdi. Ancak ben oldum diye d\u00fc\u015f\u00fcnmemesi gerekiyor. \u00c7ok \u00e7al\u0131\u015f\u0131rsa o da Trabzonsporumuza uzun y\u0131llar hizmet verecektir. 16 ya\u015f\u0131ndan beri A tak\u0131mda ve uzun zamand\u0131r birlikteyiz. Kalecilikte usta-\u00e7\u0131rak ili\u015fkisi vard\u0131r. Ben de abilerimden g\u00f6r\u00fcp \u00f6\u011frendiklerimi Arda\u2019ya, Muzaffer\u2019e ve Ka\u011fan\u2019a aktarmaya \u00e7al\u0131\u015f\u0131yorum. Trabzonspor\u2019da kaleciden yana bir s\u0131k\u0131nt\u0131 olaca\u011f\u0131n\u0131 d\u00fc\u015f\u00fcnm\u00fcyorum. Trabzonspor\u2019un birincisi kalecisiyim, milli tak\u0131ma y\u00fckseldim ama asla ben oldum demeyece\u011fim. Ben her daim \u00e7al\u0131\u015fmaya, fiziksel, psikolojik ve sosyal olarak geli\u015fmeye devam edece\u011fim&#8221; de\u011ferlendirmesinde bulundu.<\/p>\n<p>\u201c\u015eenol G\u00fcne\u015f gibi Trabzonspor efsanesiyle \u00e7al\u0131\u015fmak ayr\u0131 bir duygu\u201d<\/p>\n<p>A Milli Tak\u0131m kadrosunda yer alman\u0131n kendisi i\u00e7in \u00e7ok gurur verici oldu\u011funu vurgulayan ba\u015far\u0131l\u0131 eldiven, &#8220;Kendimi \u00e7ok mutlu hissettim. Bana g\u00fcvenenlerin y\u00fcz\u00fcn\u00fc kara \u00e7\u0131karmad\u0131\u011f\u0131m i\u00e7in de ayr\u0131ca mutlu oldum. \u015eenol G\u00fcne\u015f gibi bir Trabzonspor efsanesiyle orada \u00e7al\u0131\u015fmak benim i\u00e7in gurur verici bir durum. Kendisiyle orada tan\u0131\u015fma imkan\u0131 da buldum. \u0130n\u015fallah d\u00fczenli olarak davet edilirim. Ben buraya aitim ve burada kendimi \u00e7ok mutlu hissediyorum. Farkl\u0131 olarak Avrupa\u2019ya gitmeyi de \u00e7ok istiyorum. \u00c7al\u0131\u015fmalar\u0131m\u0131 o y\u00f6nde yap\u0131yorum. \u015eenol hocan\u0131n \u00e7ok zeki bir kaleci oldu\u011funu biliyorum. Ben de kalede zeki davranmak gerekti\u011fini d\u00fc\u015f\u00fcn\u00fcyorum. Daha do\u011frusu sezgilerimi ve kendimi geli\u015ftirmeye \u00e7al\u0131\u015f\u0131yorum. Kendimi geli\u015ftirmek i\u00e7in ayr\u0131ca yurt d\u0131\u015f\u0131ndaki kalecileri de b\u00fcy\u00fck bir dikkatle izliyorum. Herkesten \u00f6\u011frenmeye gayret ediyorum&#8221; dedi.<\/p>\n<p>\u201cTrabzon\u2019u \u00e7ok \u00f6zledim ve geri d\u00f6nd\u00fcm\u201d<\/p>\n<p>Ailesinden ayr\u0131larak \u00e7ocuk ya\u015fta geldi\u011fi Trabzon\u2019da zorluklar ya\u015fad\u0131\u011f\u0131n\u0131 belirten U\u011furcan \u00c7ak\u0131r, &#8220;Trabzon\u2019da dedem ve babaannemle birlikte ya\u015fad\u0131m. Ama yine de anne babamdan, karde\u015flerimden ilk defa uzak kalmak bana \u00e7ok zor gelmi\u015fti. Hatta ilk sezonumun sonunda \u0130stanbul\u2019a geri d\u00f6nmeye \u00e7al\u0131\u015ft\u0131m. Orada ailemin yan\u0131nda bir tak\u0131mda oynamay\u0131 d\u00fc\u015f\u00fcn\u00fcyordum. Metin Diyadin Kas\u0131mpa\u015fa\u2019n\u0131n ba\u015f\u0131ndayd\u0131 ve ben de \u0130stanbul\u2019a gidip Kas\u0131mpa\u015fa\u2019yla idmanlara \u00e7\u0131kt\u0131m. Babam o s\u0131rada \u00d6zkan S\u00fcmer Hocamla konu\u015fup, \u2019Bizden ayr\u0131 kalmaya dayanam\u0131yor\u2019 diyerek izin istemi\u015fti. \u00d6zkan Hoca da ona, \u2019Merak etme, bir-iki ay tatil yaps\u0131n, buray\u0131 \u00f6zler ve geri d\u00f6ner\u2019 cevab\u0131n\u0131 vermi\u015fti. Ger\u00e7ekten de \u00f6yle oldu. Bir-iki ay sonra Trabzon\u2019a d\u00f6nd\u00fcm. Trabzonsporlu oldu\u011fum i\u00e7in de her zaman bu zorlu\u011fa dayanmam gerekti\u011fini d\u00fc\u015f\u00fcnd\u00fcm. Sabrettim, sebat ettim \u00e7ok \u00e7al\u0131\u015ft\u0131m ve Allah\u2019\u0131n izniyle bug\u00fcnlere kadar ula\u015ft\u0131m&#8221; ifadelerini kulland\u0131.<\/p>\n<p>\u201c\u0130dollerim Tolga Zengin ve Onur K\u0131vrak\u201d<\/p>\n<p>S\u0131k\u0131 bir Trabzonsporlu oldu\u011funu a\u00e7\u0131klayan U\u011furcan \u00c7ak\u0131r, &#8220;Kendimi bildim bileli \u00e7ok s\u0131k\u0131 bir Trabzonsporluyum. Kendime Tolga Zengin ve Onur K\u0131vrak abileri \u00f6rnek ald\u0131m. Onlar\u0131n ba\u015far\u0131lar\u0131n\u0131 ve neler yapt\u0131klar\u0131n\u0131 takip ettim. Trabzonspor kamp i\u00e7in Antalya\u2019ya geldi\u011finde ben de gidip Tolga ve Onur abileri izlerdim. Tolga abinin beni en \u00e7ok etkileyen yan\u0131 kaleci tekni\u011fiydi. Beraber \u00e7al\u0131\u015ft\u0131\u011f\u0131m Onur abiden ise birebir pozisyonlarda neler yapmam gerekti\u011fini \u00f6\u011frendim&#8221; diye konu\u015ftu.<\/p>\n","protected":false},"excerpt":{"rendered":"<p>TRABZONSPOR\u2019UN BA\u015eARILI KALEC\u0130S\u0130 U\u011eURCAN \u00c7AKIR, YAKALADIKLARI \u00c7IKI\u015eIN EN \u00d6NEML\u0130 FAKT\u00d6R\u00dc GEN\u00c7 OYUNCULARIN PERFORMANSI OLDU\u011eUNU  BEL\u0130RTEREK, TAKIM \u0130\u00c7\u0130N HER \u015eEYLER\u0130N\u0130 ORTAYA KOYDUKLARINI S\u00d6YLED\u0130.<\/p>\n","protected":false},"author":1,"featured_media":154399,"comment_status":"closed","ping_status":"open","sticky":false,"template":"","format":"standard","meta":{"jetpack_post_was_ever_published":false,"_jetpack_newsletter_access":"","_jetpack_dont_email_post_to_subs":false,"_jetpack_newsletter_tier_id":0,"_jetpack_memberships_contains_paywalled_content":false,"_jetpack_memberships_contains_paid_content":false,"footnotes":"","jetpack_publicize_message":"","jetpack_publicize_feature_enabled":true,"jetpack_social_post_already_shared":true,"jetpack_social_options":{"image_generator_settings":{"template":"highway","default_image_id":0,"font":"","enabled":false},"version":2}},"categories":[657],"tags":[35357,368,4013,73,35358,26033,74],"class_list":["post-154398","post","type-post","status-publish","format-standard","has-post-thumbnail","hentry","category-spor","tag-kendimi","tag-cakir","tag-hazir","tag-her","tag-tuttum","tag-ugurcan","tag-zaman"],"jetpack_publicize_connections":[],"jetpack_featured_media_url":"https:\/\/i0.wp.com\/www.tvturk.com\/wp-content\/uploads\/2019\/05\/ugurcan-cakir-kendimi-her-zaman-hazir-tuttum_9896622.jpg?fit=1000%2C830","jetpack_sharing_enabled":true,"jetpack_shortlink":"https:\/\/wp.me\/paKIfm-Eai","_links":{"self":[{"href":"http:\/\/www.tvturk.com\/index.php\/wp-json\/wp\/v2\/posts\/154398","targetHints":{"allow":["GET"]}}],"collection":[{"href":"http:\/\/www.tvturk.com\/index.php\/wp-json\/wp\/v2\/posts"}],"about":[{"href":"http:\/\/www.tvturk.com\/index.php\/wp-json\/wp\/v2\/types\/post"}],"author":[{"embeddable":true,"href":"http:\/\/www.tvturk.com\/index.php\/wp-json\/wp\/v2\/users\/1"}],"replies":[{"embeddable":true,"href":"http:\/\/www.tvturk.com\/index.php\/wp-json\/wp\/v2\/comments?post=154398"}],"version-history":[{"count":0,"href":"http:\/\/www.tvturk.com\/index.php\/wp-json\/wp\/v2\/posts\/154398\/revisions"}],"wp:featuredmedia":[{"embeddable":true,"href":"http:\/\/www.tvturk.com\/index.php\/wp-json\/wp\/v2\/media\/154399"}],"wp:attachment":[{"href":"http:\/\/www.tvturk.com\/index.php\/wp-json\/wp\/v2\/media?parent=154398"}],"wp:term":[{"taxonomy":"category","embeddable":true,"href":"http:\/\/www.tvturk.com\/index.php\/wp-json\/wp\/v2\/categories?post=154398"},{"taxonomy":"post_tag","embeddable":true,"href":"http:\/\/www.tvturk.com\/index.php\/wp-json\/wp\/v2\/tags?post=154398"}],"curies":[{"name":"wp","href":"https:\/\/api.w.org\/{rel}","templated":true}]}}