{"id":154404,"date":"2019-05-08T14:33:13","date_gmt":"2019-05-08T11:33:13","guid":{"rendered":"http:\/\/www.tvturk.com\/index.php\/boluda-yuksek-kesimlere-kar-yagdi\/"},"modified":"2019-05-08T14:33:13","modified_gmt":"2019-05-08T11:33:13","slug":"boluda-yuksek-kesimlere-kar-yagdi","status":"publish","type":"post","link":"http:\/\/www.tvturk.com\/index.php\/boluda-yuksek-kesimlere-kar-yagdi\/","title":{"rendered":"Bolu\u2019da y\u00fcksek kesimlere kar ya\u011fd\u0131"},"content":{"rendered":"<p>Bolu\u2019nun y\u00fcksek kesimleri sabah saatlerinde etkili olan kar ya\u011f\u0131\u015f\u0131 ile beyaza b\u00fcr\u00fcnd\u00fc.<\/p>\n<p>Bolu\u2019da d\u00fcn gece ba\u015flayan sa\u011fanak ya\u011f\u0131\u015f, sabah yerini kara b\u0131rakt\u0131. Y\u00fcksek kesimlerde etkili olan kar ya\u011f\u0131\u015f\u0131 nedeniyle kent merkezine yakla\u015f\u0131k 15 kilometre uzakl\u0131ktaki Alada\u011f ve Sar\u0131alan Yaylas\u0131 beyaz \u00f6rt\u00fcyle kapland\u0131. Kent merkezinde kar ya\u011f\u0131\u015f\u0131 g\u00f6r\u00fclmezken, aral\u0131klarla sa\u011fanak ya\u011f\u0131\u015f etkili oluyor.<\/p>\n","protected":false},"excerpt":{"rendered":"<p>BOLU\u2019NUN Y\u00dcKSEK KES\u0130MLER\u0130NDE SABAH SAATLER\u0130NDE BA\u015eLAYAN KAR YA\u011eI\u015eIYLA B\u0130RL\u0130KTE YE\u015e\u0130L ALANLAR BEYAZ \u00d6RT\u00dcYLE KAPLANDI.<\/p>\n","protected":false},"author":1,"featured_media":154405,"comment_status":"closed","ping_status":"open","sticky":false,"template":"","format":"standard","meta":{"jetpack_post_was_ever_published":false,"_jetpack_newsletter_access":"","_jetpack_dont_email_post_to_subs":false,"_jetpack_newsletter_tier_id":0,"_jetpack_memberships_contains_paywalled_content":false,"_jetpack_memberships_contains_paid_content":false,"footnotes":"","jetpack_publicize_message":"","jetpack_publicize_feature_enabled":true,"jetpack_social_post_already_shared":true,"jetpack_social_options":{"image_generator_settings":{"template":"highway","default_image_id":0,"font":"","enabled":false},"version":2}},"categories":[1],"tags":[2745,878,25282,6375,3448],"class_list":["post-154404","post","type-post","status-publish","format-standard","has-post-thumbnail","hentry","category-genel","tag-boluda","tag-kar","tag-kesimlere","tag-yagdi","tag-yuksek"],"jetpack_publicize_connections":[],"jetpack_featured_media_url":"https:\/\/i0.wp.com\/www.tvturk.com\/wp-content\/uploads\/2019\/05\/boluda-yuksek-kesimlere-kar-yagdi_dcbab05.jpg?fit=1000%2C666","jetpack_sharing_enabled":true,"jetpack_shortlink":"https:\/\/wp.me\/paKIfm-Eao","_links":{"self":[{"href":"http:\/\/www.tvturk.com\/index.php\/wp-json\/wp\/v2\/posts\/154404","targetHints":{"allow":["GET"]}}],"collection":[{"href":"http:\/\/www.tvturk.com\/index.php\/wp-json\/wp\/v2\/posts"}],"about":[{"href":"http:\/\/www.tvturk.com\/index.php\/wp-json\/wp\/v2\/types\/post"}],"author":[{"embeddable":true,"href":"http:\/\/www.tvturk.com\/index.php\/wp-json\/wp\/v2\/users\/1"}],"replies":[{"embeddable":true,"href":"http:\/\/www.tvturk.com\/index.php\/wp-json\/wp\/v2\/comments?post=154404"}],"version-history":[{"count":0,"href":"http:\/\/www.tvturk.com\/index.php\/wp-json\/wp\/v2\/posts\/154404\/revisions"}],"wp:featuredmedia":[{"embeddable":true,"href":"http:\/\/www.tvturk.com\/index.php\/wp-json\/wp\/v2\/media\/154405"}],"wp:attachment":[{"href":"http:\/\/www.tvturk.com\/index.php\/wp-json\/wp\/v2\/media?parent=154404"}],"wp:term":[{"taxonomy":"category","embeddable":true,"href":"http:\/\/www.tvturk.com\/index.php\/wp-json\/wp\/v2\/categories?post=154404"},{"taxonomy":"post_tag","embeddable":true,"href":"http:\/\/www.tvturk.com\/index.php\/wp-json\/wp\/v2\/tags?post=154404"}],"curies":[{"name":"wp","href":"https:\/\/api.w.org\/{rel}","templated":true}]}}