{"id":154726,"date":"2019-05-09T12:32:05","date_gmt":"2019-05-09T09:32:05","guid":{"rendered":"http:\/\/www.tvturk.com\/index.php\/caz-derneginden-bakan-ersoya-tesekkur\/"},"modified":"2019-05-09T12:32:05","modified_gmt":"2019-05-09T09:32:05","slug":"caz-derneginden-bakan-ersoya-tesekkur","status":"publish","type":"post","link":"http:\/\/www.tvturk.com\/index.php\/caz-derneginden-bakan-ersoya-tesekkur\/","title":{"rendered":"Caz Derne\u011fi\u2019nden Bakan Ersoy\u2019a te\u015fekk\u00fcr"},"content":{"rendered":"<p>K\u00fclt\u00fcr ve Turizm Bakanl\u0131\u011f\u0131n\u0131n sponsorlu\u011fu ile bu y\u0131l 23\u2019\u00fcnc\u00fcs\u00fc d\u00fczenlenen \u2018Uluslararas\u0131 Ankara Caz Festivali\u2019 unutulmaz d\u00fcetlerle bu hafta sona eriyor.<\/p>\n<p>T\u00fcrkiye\u2019nin en uzun soluklu festivallerinden biri olan caz g\u00fcnleri ile bu y\u0131l da sanatseverleri adeta b\u00fcy\u00fcleyen Caz Derne\u011fi festivale vermi\u015f oldu\u011fu destek i\u00e7in Bakan Ersoy\u2019a bir te\u015fekk\u00fcr plaketi takdim etti.<\/p>\n<p>K\u00fclt\u00fcr ve Turizm Bakan\u0131 Mehmet Nuri Ersoy\u2019un makam\u0131nda kabul etti\u011fi Caz Derne\u011fi Ba\u015fkan\u0131 ve Festival K\u00fcrat\u00f6r\u00fc \u00d6zlem Oktar Varo\u011flu derneklerinin bu y\u0131l ki caz bulu\u015fmalar\u0131na ili\u015fkin bilgiler sundu ve Bakan Ersoy\u2019u Ankara\u2019daki kapan\u0131\u015f konserine davet etti.<\/p>\n<p>Festival\u2019de Cinsiyet E\u015fitli\u011fine Vurgu<\/p>\n<p>Toplumsal fark\u0131ndal\u0131k olu\u015fturmak \u00fczere her y\u0131l dinleyicilerine de\u011fi\u015fik bir tema sunan festivalin 2019 y\u0131l\u0131 ba\u015fl\u0131\u011f\u0131 ise \u2018Cinsiyet E\u015fitli\u011fi\u2019 oldu.<\/p>\n<p>Birbirinden de\u011ferli m\u00fczisyenlerin d\u00fcetlerle sahne ald\u0131\u011f\u0131 festivalde T\u00fcrkiye\u2019den ve d\u00fcnyadan caz\u0131n \u00f6nemli isimleri bir araya geldi. Festival s\u00fcresince sergiler ile \u2018Cinsiyet E\u015fitli\u011fi\u2019 konulu bir de s\u00f6yle\u015fi ger\u00e7ekle\u015ftirildi.<\/p>\n<p>Ankara Caz Festivali\u2019nin biletleri t\u00fckenmek \u00fczere olan son \u00fc\u00e7 bulu\u015fmas\u0131ndan, bug\u00fcn MEB \u015eura Salonu\u2019nda \u00f6nemli d\u00fcet par\u00e7alar\u0131n seslendirilece\u011fi konserde daha \u00f6nce \u00fclkemize ayr\u0131 ayr\u0131 gelip muhte\u015fem konserler veren Amerika\u2019l\u0131 iki vokal Deborah Davis ile Allan Harris sahne alacak.<\/p>\n<p>Sheraton Otel Balo salonunda, 11 May\u0131s ak\u015fam\u0131 ger\u00e7ekle\u015ftirilecek \u201cAyhan Sicimo\u011flu &amp; Latin All Stars D\u00fcetler: \u015eelale \u015eehnaz Sam &amp; Jose Maikel Brina Utra\u201d konseri ile de m\u00fczisyen Ayhan Sicimo\u011flu yine muhte\u015fem d\u00fcetlerde sahnede olacak.<\/p>\n<p>Festivalin kapan\u0131\u015f konseri ise Deniz Kuvvetleri Komutanl\u0131\u011f\u0131 Deniz Y\u0131ld\u0131zlar\u0131 Hafif M\u00fczik ve Caz Orkestras\u0131 Solistler: Dilek Sert Erdo\u011fan ile \u00d6m\u00fcr G\u00f6ksel\u2019in haf\u0131zalardan silinmeyecek d\u00fcetleri ile yine MEB \u015eura salonunda ger\u00e7ekle\u015fecek.<\/p>\n<p>Bir Sonraki Bulu\u015fma Bodrum\u2019da<\/p>\n<p>Caz Derne\u011fi 23\u2019\u00fcnc\u00fc Uluslararas\u0131 Ankara Caz Festivali\u2019nin ard\u0131ndan Bodrum\u2019a uluslararas\u0131 bir renk katan 3\u2019\u00fcnc\u00fc Bodrum Caz Festivali ile 1-9 Eyl\u00fcl tarihleri aras\u0131nda caz severlere merhaba diyecek.<\/p>\n<p>Festival ge\u00e7ti\u011fimiz y\u0131llarda oldu\u011fu gibi bu y\u0131l da, Antik Tiyatro, Bodrum Kalesi, Denizciler Meydan\u0131, Osmanl\u0131 Tersanesi ve yar\u0131m adan\u0131n farkl\u0131 mek\u00e2nlar\u0131nda ger\u00e7ekle\u015ftirilecek.<\/p>\n","protected":false},"excerpt":{"rendered":"<p>CAZ DERNE\u011e\u0130, FEST\u0130VALE VERM\u0130\u015e OLDU\u011eU DESTEK \u0130\u00c7\u0130N BAKAN ERSOY\u2019A B\u0130R TE\u015eEKK\u00dcR PLAKET\u0130 TAKD\u0130M ETT\u0130.<\/p>\n","protected":false},"author":1,"featured_media":154727,"comment_status":"closed","ping_status":"open","sticky":false,"template":"","format":"standard","meta":{"jetpack_post_was_ever_published":false,"_jetpack_newsletter_access":"","_jetpack_dont_email_post_to_subs":false,"_jetpack_newsletter_tier_id":0,"_jetpack_memberships_contains_paywalled_content":false,"_jetpack_memberships_contains_paid_content":false,"footnotes":"","jetpack_publicize_message":"","jetpack_publicize_feature_enabled":true,"jetpack_social_post_already_shared":true,"jetpack_social_options":{"image_generator_settings":{"template":"highway","default_image_id":0,"font":"","enabled":false},"version":2}},"categories":[656],"tags":[742,6646,4577,35487,379],"class_list":["post-154726","post","type-post","status-publish","format-standard","has-post-thumbnail","hentry","category-kultur-sanat","tag-bakan","tag-caz","tag-derneginden","tag-ersoya","tag-tesekkur"],"jetpack_publicize_connections":[],"jetpack_featured_media_url":"https:\/\/i0.wp.com\/www.tvturk.com\/wp-content\/uploads\/2019\/05\/caz-derneginden-bakan-ersoya-tesekkur_71a78ce.jpg?fit=1000%2C665","jetpack_sharing_enabled":true,"jetpack_shortlink":"https:\/\/wp.me\/paKIfm-EfA","_links":{"self":[{"href":"http:\/\/www.tvturk.com\/index.php\/wp-json\/wp\/v2\/posts\/154726","targetHints":{"allow":["GET"]}}],"collection":[{"href":"http:\/\/www.tvturk.com\/index.php\/wp-json\/wp\/v2\/posts"}],"about":[{"href":"http:\/\/www.tvturk.com\/index.php\/wp-json\/wp\/v2\/types\/post"}],"author":[{"embeddable":true,"href":"http:\/\/www.tvturk.com\/index.php\/wp-json\/wp\/v2\/users\/1"}],"replies":[{"embeddable":true,"href":"http:\/\/www.tvturk.com\/index.php\/wp-json\/wp\/v2\/comments?post=154726"}],"version-history":[{"count":0,"href":"http:\/\/www.tvturk.com\/index.php\/wp-json\/wp\/v2\/posts\/154726\/revisions"}],"wp:featuredmedia":[{"embeddable":true,"href":"http:\/\/www.tvturk.com\/index.php\/wp-json\/wp\/v2\/media\/154727"}],"wp:attachment":[{"href":"http:\/\/www.tvturk.com\/index.php\/wp-json\/wp\/v2\/media?parent=154726"}],"wp:term":[{"taxonomy":"category","embeddable":true,"href":"http:\/\/www.tvturk.com\/index.php\/wp-json\/wp\/v2\/categories?post=154726"},{"taxonomy":"post_tag","embeddable":true,"href":"http:\/\/www.tvturk.com\/index.php\/wp-json\/wp\/v2\/tags?post=154726"}],"curies":[{"name":"wp","href":"https:\/\/api.w.org\/{rel}","templated":true}]}}