{"id":154782,"date":"2019-05-09T13:44:23","date_gmt":"2019-05-09T10:44:23","guid":{"rendered":"http:\/\/www.tvturk.com\/index.php\/protez-goz-sonrasi-bakimda-dikkat-edilecek-noktalar\/"},"modified":"2019-05-09T13:44:23","modified_gmt":"2019-05-09T10:44:23","slug":"protez-goz-sonrasi-bakimda-dikkat-edilecek-noktalar","status":"publish","type":"post","link":"http:\/\/www.tvturk.com\/index.php\/protez-goz-sonrasi-bakimda-dikkat-edilecek-noktalar\/","title":{"rendered":"Protez g\u00f6z sonras\u0131 bak\u0131mda dikkat edilecek noktalar"},"content":{"rendered":"<p>G\u00f6z Hastal\u0131klar\u0131 Uzman\u0131 Do\u00e7. Dr. Bar\u0131\u015f Yeniad, protez g\u00f6z\u00fcn g\u00fcn\u00fcm\u00fczde g\u00f6rme yetisini kaybetmi\u015f t\u00fcm g\u00f6zlerde kozmetik ama\u00e7l\u0131 olarak uygulanan en etkili y\u00f6ntemlerden birisi oldu\u011funu belirterek, \u201cProtez takan ki\u015filer ayn\u0131 sa\u011flam g\u00f6z gibi bunun bak\u0131m\u0131na \u00f6nem g\u00f6stermelidir\u201d dedi.<\/p>\n<p>Protez g\u00f6z takan ki\u015filer protezlerini her g\u00fcn tak\u0131p \u00e7\u0131karmasa da bak\u0131m\u0131n\u0131 her g\u00fcn yapmas\u0131 gerekti\u011fini kaydeden Do\u00e7. Dr. Bar\u0131\u015f Yeniad, \u201cCanl\u0131 bir g\u00f6z olmad\u0131\u011f\u0131 i\u00e7in protez g\u00f6z \u00fczerinde yeterli d\u00fczeyde g\u00f6zya\u015f\u0131 bulunmamaktad\u0131r, bu sebeple protezin y\u00fczeyi kurur ve ki\u015fi g\u00f6z\u00fcn\u00fc a\u00e7\u0131p kapad\u0131\u011f\u0131nda batma hissi duyar. Bunun \u00f6nlenmesi i\u00e7in d\u00fczenli olarak farkl\u0131 \u00f6zelliklerde g\u00f6zya\u015f\u0131 damla ve merhemleri kullanmal\u0131d\u0131r. D\u00fczenli kullan\u0131lan damlalarla protez g\u00f6z y\u00fczeyi nemli tutulur ve g\u00f6z kapa\u011f\u0131n\u0131n a\u00e7\u0131l\u0131p kapanmas\u0131 daha rahat olur\u201d diye konu\u015ftu.<\/p>\n<p>Protez g\u00f6z\u00fcn canl\u0131 g\u00f6ze g\u00f6re daha kolay mikrop kapabildi\u011fini dile getiren Do\u00e7. Dr. Bar\u0131\u015f Yeniad,  \u201cBu nedenle protez tak\u0131lan tarafta \u00e7apaklanma olmas\u0131, sabah kalk\u0131ld\u0131\u011f\u0131nda g\u00f6z kapaklar\u0131n\u0131n yap\u0131\u015fmas\u0131 infeksiyon varl\u0131\u011f\u0131na i\u015faret eder. Bu durumda antibiyotikli damlalar kullan\u0131lmal\u0131d\u0131r. \u00c7apaklanman\u0131n azalmas\u0131 ile birlikte antibiyotik b\u0131rak\u0131l\u0131r ve g\u00f6zya\u015f\u0131 damlalar\u0131na devam edilir. Protez g\u00f6z \u00f6m\u00fcr boyu kullan\u0131labilmesine ra\u011fmen, 6 ayda bir protez merkezi ve g\u00f6z doktoru taraf\u0131ndan kontrol\u00fcn\u00fcn yap\u0131lmas\u0131 gerekmektedir. Bu sayede yuvada olan de\u011fi\u015fiklikler, farkl\u0131 nedenlerle ile olu\u015fabilen erimeler ortaya \u00e7\u0131kar\u0131l\u0131r. Protezde uygunsuzluk oldu\u011fu d\u00fc\u015f\u00fcn\u00fcl\u00fcr ise protez de\u011fi\u015fimine gidilir. Zaman i\u00e7inde protezin parlakl\u0131\u011f\u0131n\u0131n kaybolmas\u0131, \u00fczerinde birikintiler nedeni ile protez bak\u0131m\u0131 protez merkezi taraf\u0131ndan yap\u0131lmal\u0131d\u0131r. Protez yuvas\u0131nda olu\u015fan de\u011fi\u015fiklikler nedeni ile protezin yeni bir protez ile de\u011fi\u015ftirilme s\u00fcresi 4-5 y\u0131ld\u0131r. E\u011fer yuvada herhangi bir \u00f6nemli de\u011fi\u015fiklik yoksa, ki\u015fi protez uygunlu\u011fundan memnunsa ayn\u0131 protez y\u0131llarca kullan\u0131labilir. Protez g\u00f6z, g\u00f6z\u00fcn\u00fc kaybetmi\u015f ki\u015filerde \u00f6z g\u00fcvenin kazan\u0131lmas\u0131nda en etkili y\u00f6ntemdir. Protez g\u00f6z tak\u0131lan ki\u015filer sadece ameliyat ve protez yap\u0131m s\u00fcresinde de\u011fil t\u00fcm hayat\u0131 boyunca protezin bak\u0131m\u0131na \u00f6nem g\u00f6stermelidir. Bu \u015fekilde di\u011fer g\u00f6z\u00fcnden ay\u0131rt edilemeyecek kadar g\u00fczel protez g\u00f6zler ile hayata ba\u011flanmak \u00e7ok daha kolay olmaktad\u0131r.\u201d\u015feklinde konu\u015ftu.<\/p>\n","protected":false},"excerpt":{"rendered":"<p>G\u00d6Z HASTALIKLARI UZMANI DO\u00c7. DR. BARI\u015e YEN\u0130AD, PROTEZ G\u00d6Z\u00dcN G\u00dcN\u00dcM\u00dcZDE G\u00d6RME YET\u0130S\u0130N\u0130 KAYBETM\u0130\u015e T\u00dcM G\u00d6ZLERDE KOZMET\u0130K AMA\u00c7LI OLARAK UYGULANAN EN ETK\u0130L\u0130 Y\u00d6NTEMLERDEN B\u0130R\u0130S\u0130 OLDU\u011eUNU BEL\u0130RTEREK, \u201cPROTEZ TAKAN K\u0130\u015e\u0130LER AYNI SA\u011eLAM G\u00d6Z G\u0130B\u0130 BUNUN BAKIMINA \u00d6NEM G\u00d6STERMEL\u0130D\u0130R\u201d DED\u0130.<\/p>\n","protected":false},"author":1,"featured_media":154783,"comment_status":"closed","ping_status":"open","sticky":false,"template":"","format":"standard","meta":{"jetpack_post_was_ever_published":false,"_jetpack_newsletter_access":"","_jetpack_dont_email_post_to_subs":false,"_jetpack_newsletter_tier_id":0,"_jetpack_memberships_contains_paywalled_content":false,"_jetpack_memberships_contains_paid_content":false,"footnotes":"","jetpack_publicize_message":"","jetpack_publicize_feature_enabled":true,"jetpack_social_post_already_shared":true,"jetpack_social_options":{"image_generator_settings":{"template":"highway","default_image_id":0,"font":"","enabled":false},"version":2}},"categories":[1],"tags":[13082,1440,6119,1126,35501,4908,36],"class_list":["post-154782","post","type-post","status-publish","format-standard","has-post-thumbnail","hentry","category-genel","tag-bakimda","tag-dikkat","tag-edilecek","tag-goz","tag-noktalar","tag-protez","tag-sonrasi"],"jetpack_publicize_connections":[],"jetpack_featured_media_url":"https:\/\/i0.wp.com\/www.tvturk.com\/wp-content\/uploads\/2019\/05\/protez-goz-sonrasi-bakimda-dikkat-edilecek-noktalar_61af90c.jpg?fit=1000%2C666","jetpack_sharing_enabled":true,"jetpack_shortlink":"https:\/\/wp.me\/paKIfm-Egu","_links":{"self":[{"href":"http:\/\/www.tvturk.com\/index.php\/wp-json\/wp\/v2\/posts\/154782","targetHints":{"allow":["GET"]}}],"collection":[{"href":"http:\/\/www.tvturk.com\/index.php\/wp-json\/wp\/v2\/posts"}],"about":[{"href":"http:\/\/www.tvturk.com\/index.php\/wp-json\/wp\/v2\/types\/post"}],"author":[{"embeddable":true,"href":"http:\/\/www.tvturk.com\/index.php\/wp-json\/wp\/v2\/users\/1"}],"replies":[{"embeddable":true,"href":"http:\/\/www.tvturk.com\/index.php\/wp-json\/wp\/v2\/comments?post=154782"}],"version-history":[{"count":0,"href":"http:\/\/www.tvturk.com\/index.php\/wp-json\/wp\/v2\/posts\/154782\/revisions"}],"wp:featuredmedia":[{"embeddable":true,"href":"http:\/\/www.tvturk.com\/index.php\/wp-json\/wp\/v2\/media\/154783"}],"wp:attachment":[{"href":"http:\/\/www.tvturk.com\/index.php\/wp-json\/wp\/v2\/media?parent=154782"}],"wp:term":[{"taxonomy":"category","embeddable":true,"href":"http:\/\/www.tvturk.com\/index.php\/wp-json\/wp\/v2\/categories?post=154782"},{"taxonomy":"post_tag","embeddable":true,"href":"http:\/\/www.tvturk.com\/index.php\/wp-json\/wp\/v2\/tags?post=154782"}],"curies":[{"name":"wp","href":"https:\/\/api.w.org\/{rel}","templated":true}]}}