{"id":154952,"date":"2019-05-09T22:12:11","date_gmt":"2019-05-09T19:12:11","guid":{"rendered":"http:\/\/www.tvturk.com\/index.php\/turk-kizilayindan-suriyeli-multecilere-iftar-yemegi\/"},"modified":"2019-05-09T22:12:11","modified_gmt":"2019-05-09T19:12:11","slug":"turk-kizilayindan-suriyeli-multecilere-iftar-yemegi","status":"publish","type":"post","link":"http:\/\/www.tvturk.com\/index.php\/turk-kizilayindan-suriyeli-multecilere-iftar-yemegi\/","title":{"rendered":"T\u00fcrk K\u0131z\u0131lay\u0131\u2019ndan Suriyeli m\u00fcltecilere iftar yeme\u011fi"},"content":{"rendered":"<p>T\u00fcrk K\u0131z\u0131lay\u0131 taraf\u0131ndan Malatya\u2019da bulunan Beyda\u011f\u0131 Konteyner Kenti\u2019nde iftar yeme\u011fi d\u00fczenlendi.<\/p>\n<p>Suriye\u2019de ya\u015fanan i\u00e7 sava\u015ftan ka\u00e7arak T\u00fcrkiye\u2019ye s\u0131\u011f\u0131nan Suriyelilerin misafir edildi\u011fi Malatya\u2019daki Beyda\u011f\u0131 Konaklama Tesisi\u2019nde T\u00fcrk K\u0131z\u0131lay\u0131 taraf\u0131ndan 8 bin 600 ki\u015finin kat\u0131l\u0131m\u0131yla iftar program\u0131 d\u00fczenlendi. \u0130ftar yeme\u011fine Malatya Valisi Ayd\u0131n Baru\u015f, Malatya B\u00fcy\u00fck\u015fehir Belediye Ba\u015fkan\u0131 Selahattin G\u00fcrkan, \u0130n\u00f6n\u00fc \u00dcniversitesi Rekt\u00f6r\u00fc Prof. Dr. Ahmet K\u0131z\u0131lay, K\u0131z\u0131lay Genel Ba\u015fkan\u0131 Dr. Kerem K\u0131n\u0131k ile davetliler kat\u0131ld\u0131.<\/p>\n<p>\u0130ftar program\u0131 sonras\u0131 gazetecilerin sorular\u0131n\u0131 yan\u0131tlayan Genel Ba\u015fkan K\u0131n\u0131k, Ramazan ay\u0131nda milyonlarca ihtiya\u00e7 sahibine ula\u015fmak i\u00e7in haz\u0131rl\u0131klar\u0131 \u2018Ramazanda Az \u00c7ok Demeden Payla\u015f\u0131yorsan Hilal Olsun T\u00fcrkiye\u2019 slogan\u0131yla ba\u015flatt\u0131\u011f\u0131 kampanyan\u0131n devam etti\u011fini s\u00f6yledi. Kampanya kapsam\u0131nda 7 milyonu yurt d\u0131\u015f\u0131nda olmak \u00fczere toplam 15 milyon insana ula\u015fmay\u0131 hedeflediklerini dile getiren K\u0131n\u0131k, bu kapsamda \u015fubeler olarak \u00e7al\u0131\u015fmalar\u0131n s\u00fcrd\u00fc\u011f\u00fcn\u00fc ifade etti.<\/p>\n<p>Malatya\u2019daki at\u0131l vaziyette olan vagon onar\u0131m fabrikas\u0131n\u0131n yerine Afet Bar\u0131nma Sistemleri Fabrikas\u0131 projesi ile ilgili de konu\u015fan K\u0131n\u0131k, yat\u0131r\u0131m fizibilite \u00e7al\u0131\u015fmas\u0131n\u0131n tamamland\u0131\u011f\u0131n\u0131 ve kaynak anla\u015fmalar\u0131 s\u00fcrecinde olduklar\u0131n\u0131 dile getirdi. \u0130slam Kalk\u0131nma Bankas\u0131 ile Avrupa Kalk\u0131nma Bankas\u0131\u2019yla kredi anla\u015fmalar\u0131 kapsam\u0131nda g\u00f6r\u00fc\u015fmelerin s\u00fcrd\u00fc\u011f\u00fcn\u00fc belirten K\u0131n\u0131k, \u201cYakla\u015f\u0131k 38 milyon dolarl\u0131k bir yat\u0131r\u0131m olacak. Yan sekt\u00f6rlerle beraber bine yak\u0131n insan istihdam edilecek. T\u00fcrkiye\u2019deki mod\u00fcler yap\u0131sal \u00e7elik ve hafif \u00e7elik noktas\u0131nda afet temelli kurulacak ilk fabrika olacak. Bu anlamda \u00fclkedeki afet yap\u0131 stokunu noktas\u0131nda ciddi bir milli kapasite olacak ama onun \u00f6tesinde nitelikli, h\u0131zl\u0131 \u00fcretilen ve uygun \u015fartlarda \u00fcretilen Ar-Ge\u2019si olan bir yer olacak\u201d dedi.<\/p>\n<p>\u0130n\u00f6n\u00fc \u00dcniversitesi ile birlikte hastal\u0131klar\u0131n son d\u00f6nemlerinde olan vatanda\u015flar i\u00e7in de t\u0131bbi destek birimi kurma \u00e7al\u0131\u015fmalar\u0131n\u0131n oldu\u011funu s\u00f6yleyen K\u0131n\u0131k, \u201cRekt\u00f6r\u00fcm\u00fcz, bunun i\u015fletme modelini, i\u00e7eri\u011fini ve bilimsel \u00e7er\u00e7evesini \u00e7al\u0131\u015f\u0131yorlar. Bizler de bunun i\u015fletme modeline destek olma a\u00e7\u0131s\u0131ndan hem de in\u015fas\u0131 noktas\u0131nda \u00e7al\u0131\u015fmalar y\u00fcr\u00fct\u00fcyoruz. Bu da T\u00fcrkiye\u2019de ilk olacak. Hospis denen terminal d\u00f6nem bak\u0131m merkezi\u201d diye konu\u015ftu.<\/p>\n","protected":false},"excerpt":{"rendered":"<p>T\u00dcRK KIZILAYI TARAFINDAN MALATYA\u2019DA BULUNAN BEYDA\u011eI KONTEYNER KENT\u0130\u2019NDE \u0130FTAR YEME\u011e\u0130 D\u00dcZENLEND\u0130.<\/p>\n","protected":false},"author":1,"featured_media":154953,"comment_status":"closed","ping_status":"open","sticky":false,"template":"","format":"standard","meta":{"jetpack_post_was_ever_published":false,"_jetpack_newsletter_access":"","_jetpack_dont_email_post_to_subs":false,"_jetpack_newsletter_tier_id":0,"_jetpack_memberships_contains_paywalled_content":false,"_jetpack_memberships_contains_paid_content":false,"footnotes":"","jetpack_publicize_message":"","jetpack_publicize_feature_enabled":true,"jetpack_social_post_already_shared":true,"jetpack_social_options":{"image_generator_settings":{"template":"highway","default_image_id":0,"font":"","enabled":false},"version":2}},"categories":[1],"tags":[30333,10878,22271,1036,957,6602],"class_list":["post-154952","post","type-post","status-publish","format-standard","has-post-thumbnail","hentry","category-genel","tag-iftar","tag-kizilayindan","tag-multecilere","tag-suriyeli","tag-turk","tag-yemegi"],"jetpack_publicize_connections":[],"jetpack_featured_media_url":"https:\/\/i0.wp.com\/www.tvturk.com\/wp-content\/uploads\/2019\/05\/turk-kizilayindan-suriyeli-multecilere-iftar-yemegi_2f9b459.jpg?fit=1000%2C666","jetpack_sharing_enabled":true,"jetpack_shortlink":"https:\/\/wp.me\/paKIfm-Eje","_links":{"self":[{"href":"http:\/\/www.tvturk.com\/index.php\/wp-json\/wp\/v2\/posts\/154952","targetHints":{"allow":["GET"]}}],"collection":[{"href":"http:\/\/www.tvturk.com\/index.php\/wp-json\/wp\/v2\/posts"}],"about":[{"href":"http:\/\/www.tvturk.com\/index.php\/wp-json\/wp\/v2\/types\/post"}],"author":[{"embeddable":true,"href":"http:\/\/www.tvturk.com\/index.php\/wp-json\/wp\/v2\/users\/1"}],"replies":[{"embeddable":true,"href":"http:\/\/www.tvturk.com\/index.php\/wp-json\/wp\/v2\/comments?post=154952"}],"version-history":[{"count":0,"href":"http:\/\/www.tvturk.com\/index.php\/wp-json\/wp\/v2\/posts\/154952\/revisions"}],"wp:featuredmedia":[{"embeddable":true,"href":"http:\/\/www.tvturk.com\/index.php\/wp-json\/wp\/v2\/media\/154953"}],"wp:attachment":[{"href":"http:\/\/www.tvturk.com\/index.php\/wp-json\/wp\/v2\/media?parent=154952"}],"wp:term":[{"taxonomy":"category","embeddable":true,"href":"http:\/\/www.tvturk.com\/index.php\/wp-json\/wp\/v2\/categories?post=154952"},{"taxonomy":"post_tag","embeddable":true,"href":"http:\/\/www.tvturk.com\/index.php\/wp-json\/wp\/v2\/tags?post=154952"}],"curies":[{"name":"wp","href":"https:\/\/api.w.org\/{rel}","templated":true}]}}